{"id":80362,"date":"2024-04-11T13:20:56","date_gmt":"2024-04-11T16:20:56","guid":{"rendered":"http:\/\/portalcatolico.net\/portal\/?p=80362"},"modified":"2024-04-11T13:31:12","modified_gmt":"2024-04-11T16:31:12","slug":"diaconos-da-diocese-de-itabuna-celebram-aniversario-de-ordenacao","status":"publish","type":"post","link":"http:\/\/portalcatolico.net\/portal\/diaconos-da-diocese-de-itabuna-celebram-aniversario-de-ordenacao\/","title":{"rendered":"Di\u00e1conos da Diocese de Itabuna celebram anivers\u00e1rio de ordena\u00e7\u00e3o!"},"content":{"rendered":"<div dir=\"auto\"><img loading=\"lazy\" decoding=\"async\" class=\"size-medium wp-image-65622 alignleft\" src=\"http:\/\/portalcatolico.net\/portal\/wp-content\/uploads\/2019\/07\/sem-t\u00edtulo-303-300x200.jpg\" alt=\"\" width=\"300\" height=\"200\" srcset=\"http:\/\/portalcatolico.net\/portal\/wp-content\/uploads\/2019\/07\/sem-t\u00edtulo-303-300x200.jpg 300w, http:\/\/portalcatolico.net\/portal\/wp-content\/uploads\/2019\/07\/sem-t\u00edtulo-303-768x512.jpg 768w, http:\/\/portalcatolico.net\/portal\/wp-content\/uploads\/2019\/07\/sem-t\u00edtulo-303-1024x682.jpg 1024w, http:\/\/portalcatolico.net\/portal\/wp-content\/uploads\/2019\/07\/sem-t\u00edtulo-303.jpg 2000w\" sizes=\"auto, (max-width: 300px) 100vw, 300px\" \/>No dia 11 de abril, celebra-se o d\u00e9cimo quarto anivers\u00e1rio de ordena\u00e7\u00e3o dos dois &nbsp; di\u00e1conos permanentes da diocese de Itabuna, no sul da Bahia: Ailtom Matos e Trajano Oswaldo. H\u00e1 14 anos, eles foram chamados a assumir o minist\u00e9rio diaconal com dedica\u00e7\u00e3o e servi\u00e7o \u00e0 comunidade. Desde ent\u00e3o, eles t\u00eam desempenhado um papel fundamental na vida da igreja, guiando os fi\u00e9is, promovendo a solidariedade e compartilhando a mensagem de amor e compaix\u00e3o.<\/div>\n<div dir=\"auto\">A equipe deste Portal, aproveita a oportunidade, para parabenizar os di\u00e1conos aniversariantes, &nbsp;por todos esses anos de miss\u00e3o na evangeliza\u00e7\u00e3o.<\/div>\n<div dir=\"auto\">A Diocese de Itabuna conta hoje com os servi\u00e7os de evangeliza\u00e7\u00e3o de nove di\u00e1conos permanentes e um transit\u00f3rio. S\u00e3o homens casados que receberam o Sacramento da Ordem em seu primeiro grau. \u00c0 eles, compete administrar o Batismo, assistir ao Matrim\u00f4nio, conservar e distribuir a Eucaristia, dirigir a comunidade, presidir o culto, pregar a Palavra de Deus, administrar os sacramentais (ritos, preces e b\u00ean\u00e7\u00e3os), oficiar ex\u00e9quias, dedicar-se ao servi\u00e7o dos pobres e realizar outras tarefas importantes.<\/div>\n<p>Vale ressaltar que o di\u00e1cono transit\u00f3rio \u00e9 o di\u00e1cono de carreira, aquele que est\u00e1 se preparando para o sacerd\u00f3cio, ou seja, para se tornar padre.<\/p>\n","protected":false},"excerpt":{"rendered":"<p>No dia 11 de abril, celebra-se o d\u00e9cimo quarto anivers\u00e1rio de ordena\u00e7\u00e3o dos dois &nbsp; di\u00e1conos permanentes da diocese de Itabuna, no sul da Bahia: Ailtom Matos e Trajano Oswaldo. H\u00e1 14 anos, eles foram chamados a assumir o minist\u00e9rio diaconal com dedica\u00e7\u00e3o e servi\u00e7o \u00e0 comunidade. Desde ent\u00e3o, eles t\u00eam desempenhado um papel fundamental&nbsp;<\/p>\n<p><a class=\"btn btn-style\" href=\"http:\/\/portalcatolico.net\/portal\/diaconos-da-diocese-de-itabuna-celebram-aniversario-de-ordenacao\/\">Continue Reading<\/a><\/p>\n","protected":false},"author":2,"featured_media":80363,"comment_status":"open","ping_status":"open","sticky":false,"template":"","format":"standard","meta":{"footnotes":""},"categories":[4],"tags":[],"class_list":["post-80362","post","type-post","status-publish","format-standard","has-post-thumbnail","hentry","category-destaques"],"_links":{"self":[{"href":"http:\/\/portalcatolico.net\/portal\/wp-json\/wp\/v2\/posts\/80362","targetHints":{"allow":["GET"]}}],"collection":[{"href":"http:\/\/portalcatolico.net\/portal\/wp-json\/wp\/v2\/posts"}],"about":[{"href":"http:\/\/portalcatolico.net\/portal\/wp-json\/wp\/v2\/types\/post"}],"author":[{"embeddable":true,"href":"http:\/\/portalcatolico.net\/portal\/wp-json\/wp\/v2\/users\/2"}],"replies":[{"embeddable":true,"href":"http:\/\/portalcatolico.net\/portal\/wp-json\/wp\/v2\/comments?post=80362"}],"version-history":[{"count":2,"href":"http:\/\/portalcatolico.net\/portal\/wp-json\/wp\/v2\/posts\/80362\/revisions"}],"predecessor-version":[{"id":80365,"href":"http:\/\/portalcatolico.net\/portal\/wp-json\/wp\/v2\/posts\/80362\/revisions\/80365"}],"wp:featuredmedia":[{"embeddable":true,"href":"http:\/\/portalcatolico.net\/portal\/wp-json\/wp\/v2\/media\/80363"}],"wp:attachment":[{"href":"http:\/\/portalcatolico.net\/portal\/wp-json\/wp\/v2\/media?parent=80362"}],"wp:term":[{"taxonomy":"category","embeddable":true,"href":"http:\/\/portalcatolico.net\/portal\/wp-json\/wp\/v2\/categories?post=80362"},{"taxonomy":"post_tag","embeddable":true,"href":"http:\/\/portalcatolico.net\/portal\/wp-json\/wp\/v2\/tags?post=80362"}],"curies":[{"name":"wp","href":"https:\/\/api.w.org\/{rel}","templated":true}]}}