{"id":79370,"date":"2023-11-26T22:22:19","date_gmt":"2023-11-27T01:22:19","guid":{"rendered":"http:\/\/portalcatolico.net\/portal\/?p=79370"},"modified":"2023-11-27T19:24:36","modified_gmt":"2023-11-27T22:24:36","slug":"domingo-de-muitas-celebracoes-na-paroquia-de-santa-rita-em-itabuna-confira","status":"publish","type":"post","link":"http:\/\/portalcatolico.net\/portal\/domingo-de-muitas-celebracoes-na-paroquia-de-santa-rita-em-itabuna-confira\/","title":{"rendered":"Domingo de muitas celebra\u00e7\u00f5es na Par\u00f3quia de Santa Rita em Itabuna. Confira!"},"content":{"rendered":"<div dir=\"auto\">O Grupo de Ora\u00e7\u00e3o Santa Rita de C\u00e1ssia, da Renova\u00e7\u00e3o Carism\u00e1tica Cat\u00f3lica (RCC), completou neste domingo (26), 35 anos de caminhada e evangeliza\u00e7\u00e3o na Par\u00f3quia Santa Rita de C\u00e1ssia, na cidade e diocese de Itabuna, no Sul da Bahia. Para louvar e agradecer a Deus, foi celebrada uma Missa em A\u00e7\u00e3o de Gra\u00e7as, \u00e0s 18h, na igreja matriz, localizada no bairro S\u00e3o Caetano.<\/div>\n<div dir=\"auto\">A Celebra\u00e7\u00e3o Eucar\u00edstica foi &nbsp;transmitida, ao vivo, no <a href=\"https:\/\/www.youtube.com\/@igrejasantaritaoficial\"><strong>Youtub<\/strong><\/a>e da par\u00f3quia.<\/div>\n<div dir=\"auto\">Nesta mesma celebra\u00e7\u00e3o, aconteceu a Solenidade de Cristo Rei, que foi institu\u00edda pelo papa Pio XI em 1925 e celebra Cristo como o Rei bondoso e singelo que, como pastor, guia sua Igreja peregrina para o Reino Celestial e lhe outorga a comunh\u00e3o com este Reino para que possa transformar o mundo no qual peregrina.<\/div>\n<p>Al\u00e9m disso, o padre Frei Luciano O. Martins, OFMCap, celebrou um ano de posse can\u00f4nica na par\u00f3quia de Santa Rita. O religioso pertence \u00e0 Ordem dos Frades Menores Capuchinos da Prov\u00edncia de Bahia e Sergipe.<\/p>\n","protected":false},"excerpt":{"rendered":"<p>O Grupo de Ora\u00e7\u00e3o Santa Rita de C\u00e1ssia, da Renova\u00e7\u00e3o Carism\u00e1tica Cat\u00f3lica (RCC), completou neste domingo (26), 35 anos de caminhada e evangeliza\u00e7\u00e3o na Par\u00f3quia Santa Rita de C\u00e1ssia, na cidade e diocese de Itabuna, no Sul da Bahia. Para louvar e agradecer a Deus, foi celebrada uma Missa em A\u00e7\u00e3o de Gra\u00e7as, \u00e0s 18h,&nbsp;<\/p>\n<p><a class=\"btn btn-style\" href=\"http:\/\/portalcatolico.net\/portal\/domingo-de-muitas-celebracoes-na-paroquia-de-santa-rita-em-itabuna-confira\/\">Continue Reading<\/a><\/p>\n","protected":false},"author":2,"featured_media":79371,"comment_status":"open","ping_status":"open","sticky":false,"template":"","format":"standard","meta":{"footnotes":""},"categories":[4],"tags":[],"class_list":["post-79370","post","type-post","status-publish","format-standard","has-post-thumbnail","hentry","category-destaques"],"_links":{"self":[{"href":"http:\/\/portalcatolico.net\/portal\/wp-json\/wp\/v2\/posts\/79370","targetHints":{"allow":["GET"]}}],"collection":[{"href":"http:\/\/portalcatolico.net\/portal\/wp-json\/wp\/v2\/posts"}],"about":[{"href":"http:\/\/portalcatolico.net\/portal\/wp-json\/wp\/v2\/types\/post"}],"author":[{"embeddable":true,"href":"http:\/\/portalcatolico.net\/portal\/wp-json\/wp\/v2\/users\/2"}],"replies":[{"embeddable":true,"href":"http:\/\/portalcatolico.net\/portal\/wp-json\/wp\/v2\/comments?post=79370"}],"version-history":[{"count":3,"href":"http:\/\/portalcatolico.net\/portal\/wp-json\/wp\/v2\/posts\/79370\/revisions"}],"predecessor-version":[{"id":79374,"href":"http:\/\/portalcatolico.net\/portal\/wp-json\/wp\/v2\/posts\/79370\/revisions\/79374"}],"wp:featuredmedia":[{"embeddable":true,"href":"http:\/\/portalcatolico.net\/portal\/wp-json\/wp\/v2\/media\/79371"}],"wp:attachment":[{"href":"http:\/\/portalcatolico.net\/portal\/wp-json\/wp\/v2\/media?parent=79370"}],"wp:term":[{"taxonomy":"category","embeddable":true,"href":"http:\/\/portalcatolico.net\/portal\/wp-json\/wp\/v2\/categories?post=79370"},{"taxonomy":"post_tag","embeddable":true,"href":"http:\/\/portalcatolico.net\/portal\/wp-json\/wp\/v2\/tags?post=79370"}],"curies":[{"name":"wp","href":"https:\/\/api.w.org\/{rel}","templated":true}]}}