{"id":79307,"date":"2023-11-14T20:57:13","date_gmt":"2023-11-14T23:57:13","guid":{"rendered":"http:\/\/portalcatolico.net\/portal\/?p=79307"},"modified":"2023-11-14T21:08:59","modified_gmt":"2023-11-15T00:08:59","slug":"grupo-de-oracao-em-itabuna-elege-novos-membros-confira","status":"publish","type":"post","link":"http:\/\/portalcatolico.net\/portal\/grupo-de-oracao-em-itabuna-elege-novos-membros-confira\/","title":{"rendered":"Grupo de Ora\u00e7\u00e3o em Itabuna elege novos membros. Confira!"},"content":{"rendered":"<div dir=\"auto\"><img loading=\"lazy\" decoding=\"async\" class=\"alignnone wp-image-79309\" src=\"http:\/\/portalcatolico.net\/portal\/wp-content\/uploads\/2023\/11\/0f89c410-9118-4eb8-b481-8e98ba89a54f-225x300.jpg\" alt=\"\" width=\"818\" height=\"1091\" srcset=\"http:\/\/portalcatolico.net\/portal\/wp-content\/uploads\/2023\/11\/0f89c410-9118-4eb8-b481-8e98ba89a54f-225x300.jpg 225w, http:\/\/portalcatolico.net\/portal\/wp-content\/uploads\/2023\/11\/0f89c410-9118-4eb8-b481-8e98ba89a54f-768x1024.jpg 768w, http:\/\/portalcatolico.net\/portal\/wp-content\/uploads\/2023\/11\/0f89c410-9118-4eb8-b481-8e98ba89a54f.jpg 960w\" sizes=\"auto, (max-width: 818px) 100vw, 818px\" \/>O Grupo de Ora\u00e7\u00e3o Santa Rita de C\u00e1ssia na Par\u00f3quia Santa Rita de C\u00e1ssia, na cidade e Diocese de Itabuna, sul da Bahia, tem nova Coordena\u00e7\u00e3o.<\/div>\n<div dir=\"auto\">Na \u00faltima quarta-feira (08\/11) aconteceu a vota\u00e7\u00e3o com todos os membros e os resultados ficaram assim: Sueli Alves foi eleita como coordenadora, Luc\u00edlia foi eleita Secret\u00e1ria e Vanclev foi eleito tesoureiro. Todos v\u00e3o assumir o bi\u00eanio 2024 e 2025.<\/div>\n<div dir=\"auto\">O Grupo de Ora\u00e7\u00e3o Santa de Rita tem reuni\u00e3o semanal de do movimento Renova\u00e7\u00e3o Carism\u00e1tica Cat\u00f3lica.<\/div>\n<div dir=\"auto\">Vale ressaltar que o principal carisma \u00e9 o Batismo no Espirito Santo.<\/div>\n<div dir=\"auto\">&nbsp;As reuni\u00f5es acontecem toda quarta-feira, ap\u00f3s a Missa das 18h.&nbsp;<\/div>\n<div dir=\"auto\">&nbsp;Para mais informa\u00e7\u00f5es de como participar, entre em contato com a coordenadora Sueli Alves, pelo telefone (73) 9 9830-7970.&nbsp;<\/div>\n<div dir=\"auto\">&nbsp;Voc\u00ea sabe o que \u00e9 e o que faz um Grupo de Ora\u00e7\u00e3o? Confira tudo neste link:&nbsp;<a href=\"https:\/\/rccfranca.org.br\/o-que-e-o-grupo-de-oracao\/\" target=\"_blank\" rel=\"noopener noreferrer\">https:\/\/rccfranca.org.br\/o-que-e-o-grupo-de-oracao\/<\/a><\/div>\n<div dir=\"auto\">Fotos: Grupo de Ora\u00e7\u00e3o Santa Rita de C\u00e1ssia<\/div>\n","protected":false},"excerpt":{"rendered":"<p>O Grupo de Ora\u00e7\u00e3o Santa Rita de C\u00e1ssia na Par\u00f3quia Santa Rita de C\u00e1ssia, na cidade e Diocese de Itabuna, sul da Bahia, tem nova Coordena\u00e7\u00e3o. Na \u00faltima quarta-feira (08\/11) aconteceu a vota\u00e7\u00e3o com todos os membros e os resultados ficaram assim: Sueli Alves foi eleita como coordenadora, Luc\u00edlia foi eleita Secret\u00e1ria e Vanclev foi&nbsp;<\/p>\n<p><a class=\"btn btn-style\" href=\"http:\/\/portalcatolico.net\/portal\/grupo-de-oracao-em-itabuna-elege-novos-membros-confira\/\">Continue Reading<\/a><\/p>\n","protected":false},"author":2,"featured_media":79308,"comment_status":"open","ping_status":"open","sticky":false,"template":"","format":"standard","meta":{"footnotes":""},"categories":[4],"tags":[],"class_list":["post-79307","post","type-post","status-publish","format-standard","has-post-thumbnail","hentry","category-destaques"],"_links":{"self":[{"href":"http:\/\/portalcatolico.net\/portal\/wp-json\/wp\/v2\/posts\/79307","targetHints":{"allow":["GET"]}}],"collection":[{"href":"http:\/\/portalcatolico.net\/portal\/wp-json\/wp\/v2\/posts"}],"about":[{"href":"http:\/\/portalcatolico.net\/portal\/wp-json\/wp\/v2\/types\/post"}],"author":[{"embeddable":true,"href":"http:\/\/portalcatolico.net\/portal\/wp-json\/wp\/v2\/users\/2"}],"replies":[{"embeddable":true,"href":"http:\/\/portalcatolico.net\/portal\/wp-json\/wp\/v2\/comments?post=79307"}],"version-history":[{"count":2,"href":"http:\/\/portalcatolico.net\/portal\/wp-json\/wp\/v2\/posts\/79307\/revisions"}],"predecessor-version":[{"id":79311,"href":"http:\/\/portalcatolico.net\/portal\/wp-json\/wp\/v2\/posts\/79307\/revisions\/79311"}],"wp:featuredmedia":[{"embeddable":true,"href":"http:\/\/portalcatolico.net\/portal\/wp-json\/wp\/v2\/media\/79308"}],"wp:attachment":[{"href":"http:\/\/portalcatolico.net\/portal\/wp-json\/wp\/v2\/media?parent=79307"}],"wp:term":[{"taxonomy":"category","embeddable":true,"href":"http:\/\/portalcatolico.net\/portal\/wp-json\/wp\/v2\/categories?post=79307"},{"taxonomy":"post_tag","embeddable":true,"href":"http:\/\/portalcatolico.net\/portal\/wp-json\/wp\/v2\/tags?post=79307"}],"curies":[{"name":"wp","href":"https:\/\/api.w.org\/{rel}","templated":true}]}}