{"id":79143,"date":"2023-10-22T21:28:47","date_gmt":"2023-10-23T00:28:47","guid":{"rendered":"http:\/\/portalcatolico.net\/portal\/?p=79143"},"modified":"2023-10-22T21:35:52","modified_gmt":"2023-10-23T00:35:52","slug":"26a-assembleia-regional-ne-3-e-realizada-em-feira-de-santana","status":"publish","type":"post","link":"http:\/\/portalcatolico.net\/portal\/26a-assembleia-regional-ne-3-e-realizada-em-feira-de-santana\/","title":{"rendered":"26\u00aa Assembleia Regional NE 3 \u00e9 realizada em Feira de Santana"},"content":{"rendered":"<div dir=\"auto\"><img loading=\"lazy\" decoding=\"async\" class=\"alignnone wp-image-79145\" src=\"http:\/\/portalcatolico.net\/portal\/wp-content\/uploads\/2023\/10\/de8e9481-892d-4b5d-9543-06ce9b760ee5-300x135.jpg\" alt=\"\" width=\"820\" height=\"369\" srcset=\"http:\/\/portalcatolico.net\/portal\/wp-content\/uploads\/2023\/10\/de8e9481-892d-4b5d-9543-06ce9b760ee5-300x135.jpg 300w, http:\/\/portalcatolico.net\/portal\/wp-content\/uploads\/2023\/10\/de8e9481-892d-4b5d-9543-06ce9b760ee5-768x346.jpg 768w, http:\/\/portalcatolico.net\/portal\/wp-content\/uploads\/2023\/10\/de8e9481-892d-4b5d-9543-06ce9b760ee5-1024x461.jpg 1024w, http:\/\/portalcatolico.net\/portal\/wp-content\/uploads\/2023\/10\/de8e9481-892d-4b5d-9543-06ce9b760ee5.jpg 1600w\" sizes=\"auto, (max-width: 820px) 100vw, 820px\" \/>Os assessores eclesi\u00e1sticos arquidiocesanos e diocesanos da Pastoral Familiar do Regional Nordeste 3 estiveram durante a 26\u00aa Assembleia desta pastoral, que teve in\u00edcio dia (20\/10) e encerrou neste domingo (22\/10), em Feira de Santana (BA).<\/div>\n<div dir=\"auto\">&nbsp;<\/div>\n<div dir=\"auto\">\n<div dir=\"auto\">A Santa Missa de abertura foi presidida pelo arcebispo em\u00e9rito da Arquidiocese de Feira de Santana, Dom Itamar Vian, e concelebrada pelo Arcebispo, Dom Zanoni Demettino; pelo bispo referencial, Dom Carlos Alberto dos Santos; pelo assessor regional, padre Edson Bahia; e pelos demais sacerdotes presentes.<\/div>\n<div dir=\"auto\">&nbsp;<\/div>\n<div dir=\"auto\">Esta atividade da Pastoral Familiar teve como tema central &#8220;Fam\u00edlia, fonte de voca\u00e7\u00f5es&#8221;, e contou com a presen\u00e7a do assessor nacional, padre Rodolfo Pinho. O objetivo foi aprofundar a compreens\u00e3o sobre a import\u00e2ncia da fam\u00edlia como fonte de todas as voca\u00e7\u00f5es, bem como fortalecer os la\u00e7os dos membros que atuam nas arquidioceses e dioceses da Bahia e de Sergipe.<img loading=\"lazy\" decoding=\"async\" class=\"alignnone  wp-image-79149\" src=\"http:\/\/portalcatolico.net\/portal\/wp-content\/uploads\/2023\/10\/394213423_719744420194224_5591857429960062040_n-300x224.jpg\" alt=\"\" width=\"821\" height=\"613\" srcset=\"http:\/\/portalcatolico.net\/portal\/wp-content\/uploads\/2023\/10\/394213423_719744420194224_5591857429960062040_n-300x224.jpg 300w, http:\/\/portalcatolico.net\/portal\/wp-content\/uploads\/2023\/10\/394213423_719744420194224_5591857429960062040_n-1024x766.jpg 1024w, http:\/\/portalcatolico.net\/portal\/wp-content\/uploads\/2023\/10\/394213423_719744420194224_5591857429960062040_n.jpg 1080w\" sizes=\"auto, (max-width: 821px) 100vw, 821px\" \/><\/div>\n<p>Fonte e fotos: CNBB Regional NE3<\/p>\n<\/div>\n","protected":false},"excerpt":{"rendered":"<p>Os assessores eclesi\u00e1sticos arquidiocesanos e diocesanos da Pastoral Familiar do Regional Nordeste 3 estiveram durante a 26\u00aa Assembleia desta pastoral, que teve in\u00edcio dia (20\/10) e encerrou neste domingo (22\/10), em Feira de Santana (BA). &nbsp; A Santa Missa de abertura foi presidida pelo arcebispo em\u00e9rito da Arquidiocese de Feira de Santana, Dom Itamar Vian,&nbsp;<\/p>\n<p><a class=\"btn btn-style\" href=\"http:\/\/portalcatolico.net\/portal\/26a-assembleia-regional-ne-3-e-realizada-em-feira-de-santana\/\">Continue Reading<\/a><\/p>\n","protected":false},"author":2,"featured_media":79144,"comment_status":"open","ping_status":"open","sticky":false,"template":"","format":"standard","meta":{"footnotes":""},"categories":[4],"tags":[],"class_list":["post-79143","post","type-post","status-publish","format-standard","has-post-thumbnail","hentry","category-destaques"],"_links":{"self":[{"href":"http:\/\/portalcatolico.net\/portal\/wp-json\/wp\/v2\/posts\/79143","targetHints":{"allow":["GET"]}}],"collection":[{"href":"http:\/\/portalcatolico.net\/portal\/wp-json\/wp\/v2\/posts"}],"about":[{"href":"http:\/\/portalcatolico.net\/portal\/wp-json\/wp\/v2\/types\/post"}],"author":[{"embeddable":true,"href":"http:\/\/portalcatolico.net\/portal\/wp-json\/wp\/v2\/users\/2"}],"replies":[{"embeddable":true,"href":"http:\/\/portalcatolico.net\/portal\/wp-json\/wp\/v2\/comments?post=79143"}],"version-history":[{"count":4,"href":"http:\/\/portalcatolico.net\/portal\/wp-json\/wp\/v2\/posts\/79143\/revisions"}],"predecessor-version":[{"id":79150,"href":"http:\/\/portalcatolico.net\/portal\/wp-json\/wp\/v2\/posts\/79143\/revisions\/79150"}],"wp:featuredmedia":[{"embeddable":true,"href":"http:\/\/portalcatolico.net\/portal\/wp-json\/wp\/v2\/media\/79144"}],"wp:attachment":[{"href":"http:\/\/portalcatolico.net\/portal\/wp-json\/wp\/v2\/media?parent=79143"}],"wp:term":[{"taxonomy":"category","embeddable":true,"href":"http:\/\/portalcatolico.net\/portal\/wp-json\/wp\/v2\/categories?post=79143"},{"taxonomy":"post_tag","embeddable":true,"href":"http:\/\/portalcatolico.net\/portal\/wp-json\/wp\/v2\/tags?post=79143"}],"curies":[{"name":"wp","href":"https:\/\/api.w.org\/{rel}","templated":true}]}}