{"id":79125,"date":"2023-10-22T15:41:10","date_gmt":"2023-10-22T18:41:10","guid":{"rendered":"http:\/\/portalcatolico.net\/portal\/?p=79125"},"modified":"2023-10-22T15:41:48","modified_gmt":"2023-10-22T18:41:48","slug":"paroquia-em-itabuna-realiza-o-tardezinha-jovem-confira-como-foi-o-evento","status":"publish","type":"post","link":"http:\/\/portalcatolico.net\/portal\/paroquia-em-itabuna-realiza-o-tardezinha-jovem-confira-como-foi-o-evento\/","title":{"rendered":"Par\u00f3quia em Itabuna realiza o &#8220;Tardezinha Jovem&#8221;. Confira como foi o evento!"},"content":{"rendered":"<div class=\"v1PlainText\" dir=\"auto\"><img loading=\"lazy\" decoding=\"async\" class=\"alignnone size-medium wp-image-79127\" src=\"http:\/\/portalcatolico.net\/portal\/wp-content\/uploads\/2023\/10\/7e4029a2-8224-44a7-8384-5c276f0ebd5a-300x135.jpg\" alt=\"\" width=\"300\" height=\"135\" srcset=\"http:\/\/portalcatolico.net\/portal\/wp-content\/uploads\/2023\/10\/7e4029a2-8224-44a7-8384-5c276f0ebd5a-300x135.jpg 300w, http:\/\/portalcatolico.net\/portal\/wp-content\/uploads\/2023\/10\/7e4029a2-8224-44a7-8384-5c276f0ebd5a-768x346.jpg 768w, http:\/\/portalcatolico.net\/portal\/wp-content\/uploads\/2023\/10\/7e4029a2-8224-44a7-8384-5c276f0ebd5a-1024x461.jpg 1024w, http:\/\/portalcatolico.net\/portal\/wp-content\/uploads\/2023\/10\/7e4029a2-8224-44a7-8384-5c276f0ebd5a.jpg 1600w\" sizes=\"auto, (max-width: 300px) 100vw, 300px\" \/> <img loading=\"lazy\" decoding=\"async\" class=\"alignnone size-medium wp-image-79128\" src=\"http:\/\/portalcatolico.net\/portal\/wp-content\/uploads\/2023\/10\/8c9170b0-8b54-487f-bcfb-26c0c16464a4-300x135.jpg\" alt=\"\" width=\"300\" height=\"135\" srcset=\"http:\/\/portalcatolico.net\/portal\/wp-content\/uploads\/2023\/10\/8c9170b0-8b54-487f-bcfb-26c0c16464a4-300x135.jpg 300w, http:\/\/portalcatolico.net\/portal\/wp-content\/uploads\/2023\/10\/8c9170b0-8b54-487f-bcfb-26c0c16464a4-768x346.jpg 768w, http:\/\/portalcatolico.net\/portal\/wp-content\/uploads\/2023\/10\/8c9170b0-8b54-487f-bcfb-26c0c16464a4-1024x461.jpg 1024w, http:\/\/portalcatolico.net\/portal\/wp-content\/uploads\/2023\/10\/8c9170b0-8b54-487f-bcfb-26c0c16464a4.jpg 1600w\" sizes=\"auto, (max-width: 300px) 100vw, 300px\" \/> <img loading=\"lazy\" decoding=\"async\" class=\"alignnone size-medium wp-image-79129\" src=\"http:\/\/portalcatolico.net\/portal\/wp-content\/uploads\/2023\/10\/34c12bdd-fbf5-4b47-81b8-4dbd4208ec89-300x135.jpg\" alt=\"\" width=\"300\" height=\"135\" srcset=\"http:\/\/portalcatolico.net\/portal\/wp-content\/uploads\/2023\/10\/34c12bdd-fbf5-4b47-81b8-4dbd4208ec89-300x135.jpg 300w, http:\/\/portalcatolico.net\/portal\/wp-content\/uploads\/2023\/10\/34c12bdd-fbf5-4b47-81b8-4dbd4208ec89-768x346.jpg 768w, http:\/\/portalcatolico.net\/portal\/wp-content\/uploads\/2023\/10\/34c12bdd-fbf5-4b47-81b8-4dbd4208ec89-1024x461.jpg 1024w, http:\/\/portalcatolico.net\/portal\/wp-content\/uploads\/2023\/10\/34c12bdd-fbf5-4b47-81b8-4dbd4208ec89.jpg 1600w\" sizes=\"auto, (max-width: 300px) 100vw, 300px\" \/> <img loading=\"lazy\" decoding=\"async\" class=\"alignnone size-medium wp-image-79131\" src=\"http:\/\/portalcatolico.net\/portal\/wp-content\/uploads\/2023\/10\/731fb389-0f8c-4267-8c57-967bae94deb4-300x135.jpg\" alt=\"\" width=\"300\" height=\"135\" srcset=\"http:\/\/portalcatolico.net\/portal\/wp-content\/uploads\/2023\/10\/731fb389-0f8c-4267-8c57-967bae94deb4-300x135.jpg 300w, http:\/\/portalcatolico.net\/portal\/wp-content\/uploads\/2023\/10\/731fb389-0f8c-4267-8c57-967bae94deb4-768x346.jpg 768w, http:\/\/portalcatolico.net\/portal\/wp-content\/uploads\/2023\/10\/731fb389-0f8c-4267-8c57-967bae94deb4-1024x461.jpg 1024w, http:\/\/portalcatolico.net\/portal\/wp-content\/uploads\/2023\/10\/731fb389-0f8c-4267-8c57-967bae94deb4.jpg 1280w\" sizes=\"auto, (max-width: 300px) 100vw, 300px\" \/><\/div>\n<div class=\"v1PlainText\" dir=\"auto\">A Par\u00f3quia Santa Rita de C\u00e1ssia, na cidade e diocese de Itabuna, no sul da Bahia, promoveu neste s\u00e1bado, 21 de outubro, a Tardezinha Jovem. O tema refletido foi: &#8220;Sede sal da terra e luz do mundo.&#8221;<br \/>\nO evento teve in\u00edcio \u00e0s 14h30 e foi composto de m\u00fasica, louvores, prega\u00e7\u00e3o, adora\u00e7\u00e3o, anima\u00e7\u00e3o&nbsp; e&nbsp;santa missa, que aconteceu \u00e0s 18h.<br \/>\nTrinta jovens e adultos receberam os sacramentos: Batismo e&nbsp;Eucaristia. A igreja ficou completamente lotada com a participa\u00e7\u00e3o dos padrinhos, familiares, amigos e paroquianos.<br \/>\nTodo a celebra\u00e7\u00e3o eucar\u00edstica foi transmitida ao vivo pelas redes sociais da par\u00f3quia.<\/div>\n<div class=\"v1PlainText\" dir=\"auto\">Voc\u00ea pode conferir neste link, abaixo:<br \/>\n<a href=\"https:\/\/www.youtube.com\/watch?v=qF-Q4IZvCrA\" target=\"_blank\" rel=\"noopener noreferrer\">https:\/\/www.youtube.com\/watch?v=qF-Q4IZvCrA<\/a><\/div>\n<div class=\"v1PlainText\" dir=\"auto\"><strong>Para que existe o batismo?<\/strong><br \/>\nAd\u00e3o e Eva pecaram gravemente, desobedecendo a Deus, querendo ser iguais a Ele. Foram, por isso, expulsos do Para\u00edso, passaram a sofrer e morreram. Deus os castigou e transmitiu a todos os filhos de Ad\u00e3o, ou seja, a todos os homens, o pecado original. Mas o Senhor prometeu a Ad\u00e3o e Eva que enviaria Seu pr\u00f3prio Filho, segunda Pessoa da Sant\u00edssima Trindade, que seria igualmente homem, para morrer na Cruz e pagar assim o pecado de Ad\u00e3o e Eva e todos os outros pecados.<br \/>\nN\u00e3o basta, entretanto, que Jesus tenha morrido na cruz. \u00c9 preciso ainda que Sua morte seja aplicada sobre as almas, para que elas reencontrem a amizade de Deus, ou seja, tornem-se filhos d&#8217;Ele e tenham apagado o pecado original. Foi ent\u00e3o para aplicar Seu Sangue derramado na cruz sobre nossas almas que Jesus instituiu esse sacramento.<\/div>\n<div class=\"v1PlainText\" dir=\"auto\"><strong>Sacramento da Eucaristia<\/strong><br \/>\nNeste terceiro artigo sobre sacramentos, falaremos sobre o sacramento da Eucaristia. Este sacramento faz parte do que conhecemos como sacramentos de inicia\u00e7\u00e3o crist\u00e3. Juntamente com os sacramentos do batismo e da crisma ou confirma\u00e7\u00e3o, sobre os quais falamos em outros artigos, o sacramento da Eucaristia comp\u00f5e os sacramentos de inicia\u00e7\u00e3o.<br \/>\nUma das necessidades vitais do homem \u00e9 a alimenta\u00e7\u00e3o. Para que sobrevivamos, precisamos nos alimentar. Por isso, dizemos que a comida \u00e9 vital, porque diz da vida. De forma semelhante, o sacramento da Eucaristia \u00e9 tamb\u00e9m alimento, n\u00e3o apenas para o corpo, mas, excepcionalmente, na alma do crist\u00e3o. Com a Eucaristia, o crist\u00e3o<br \/>\ncat\u00f3lico \u00e9 nutrido com a gra\u00e7a divina, \u00e9 alimento amoroso, porque tamb\u00e9m nutri a caridade infundida em nossos cora\u00e7\u00f5es.<\/div>\n<div dir=\"auto\"><img loading=\"lazy\" decoding=\"async\" class=\"alignnone size-medium wp-image-79132\" src=\"http:\/\/portalcatolico.net\/portal\/wp-content\/uploads\/2023\/10\/99f784e3-f5f9-412a-aff0-c706a8270e36-2-300x135.jpg\" alt=\"\" width=\"300\" height=\"135\" srcset=\"http:\/\/portalcatolico.net\/portal\/wp-content\/uploads\/2023\/10\/99f784e3-f5f9-412a-aff0-c706a8270e36-2-300x135.jpg 300w, http:\/\/portalcatolico.net\/portal\/wp-content\/uploads\/2023\/10\/99f784e3-f5f9-412a-aff0-c706a8270e36-2-768x346.jpg 768w, http:\/\/portalcatolico.net\/portal\/wp-content\/uploads\/2023\/10\/99f784e3-f5f9-412a-aff0-c706a8270e36-2-1024x461.jpg 1024w, http:\/\/portalcatolico.net\/portal\/wp-content\/uploads\/2023\/10\/99f784e3-f5f9-412a-aff0-c706a8270e36-2.jpg 1600w\" sizes=\"auto, (max-width: 300px) 100vw, 300px\" \/> <img loading=\"lazy\" decoding=\"async\" class=\"alignnone size-medium wp-image-79134\" src=\"http:\/\/portalcatolico.net\/portal\/wp-content\/uploads\/2023\/10\/3433ec10-f946-4de0-998e-fc4bbe333a18-300x135.jpg\" alt=\"\" width=\"300\" height=\"135\" srcset=\"http:\/\/portalcatolico.net\/portal\/wp-content\/uploads\/2023\/10\/3433ec10-f946-4de0-998e-fc4bbe333a18-300x135.jpg 300w, http:\/\/portalcatolico.net\/portal\/wp-content\/uploads\/2023\/10\/3433ec10-f946-4de0-998e-fc4bbe333a18-768x346.jpg 768w, http:\/\/portalcatolico.net\/portal\/wp-content\/uploads\/2023\/10\/3433ec10-f946-4de0-998e-fc4bbe333a18-1024x461.jpg 1024w, http:\/\/portalcatolico.net\/portal\/wp-content\/uploads\/2023\/10\/3433ec10-f946-4de0-998e-fc4bbe333a18.jpg 1280w\" sizes=\"auto, (max-width: 300px) 100vw, 300px\" \/> <img loading=\"lazy\" decoding=\"async\" class=\"alignnone size-medium wp-image-79135\" src=\"http:\/\/portalcatolico.net\/portal\/wp-content\/uploads\/2023\/10\/20724634-6c66-43a3-ada6-9177b9656509-300x135.jpg\" alt=\"\" width=\"300\" height=\"135\" srcset=\"http:\/\/portalcatolico.net\/portal\/wp-content\/uploads\/2023\/10\/20724634-6c66-43a3-ada6-9177b9656509-300x135.jpg 300w, http:\/\/portalcatolico.net\/portal\/wp-content\/uploads\/2023\/10\/20724634-6c66-43a3-ada6-9177b9656509-768x346.jpg 768w, http:\/\/portalcatolico.net\/portal\/wp-content\/uploads\/2023\/10\/20724634-6c66-43a3-ada6-9177b9656509-1024x461.jpg 1024w, http:\/\/portalcatolico.net\/portal\/wp-content\/uploads\/2023\/10\/20724634-6c66-43a3-ada6-9177b9656509.jpg 1600w\" sizes=\"auto, (max-width: 300px) 100vw, 300px\" \/> <img loading=\"lazy\" decoding=\"async\" class=\"alignnone size-medium wp-image-79139\" src=\"http:\/\/portalcatolico.net\/portal\/wp-content\/uploads\/2023\/10\/99f784e3-f5f9-412a-aff0-c706a8270e36-3-300x135.jpg\" alt=\"\" width=\"300\" height=\"135\" srcset=\"http:\/\/portalcatolico.net\/portal\/wp-content\/uploads\/2023\/10\/99f784e3-f5f9-412a-aff0-c706a8270e36-3-300x135.jpg 300w, http:\/\/portalcatolico.net\/portal\/wp-content\/uploads\/2023\/10\/99f784e3-f5f9-412a-aff0-c706a8270e36-3-768x346.jpg 768w, http:\/\/portalcatolico.net\/portal\/wp-content\/uploads\/2023\/10\/99f784e3-f5f9-412a-aff0-c706a8270e36-3-1024x461.jpg 1024w, http:\/\/portalcatolico.net\/portal\/wp-content\/uploads\/2023\/10\/99f784e3-f5f9-412a-aff0-c706a8270e36-3.jpg 1600w\" sizes=\"auto, (max-width: 300px) 100vw, 300px\" \/> <img loading=\"lazy\" decoding=\"async\" class=\"alignnone size-medium wp-image-79137\" src=\"http:\/\/portalcatolico.net\/portal\/wp-content\/uploads\/2023\/10\/cf629f46-563a-4d3a-923c-1f29c114f57f-300x135.jpg\" alt=\"\" width=\"300\" height=\"135\" srcset=\"http:\/\/portalcatolico.net\/portal\/wp-content\/uploads\/2023\/10\/cf629f46-563a-4d3a-923c-1f29c114f57f-300x135.jpg 300w, http:\/\/portalcatolico.net\/portal\/wp-content\/uploads\/2023\/10\/cf629f46-563a-4d3a-923c-1f29c114f57f-768x346.jpg 768w, http:\/\/portalcatolico.net\/portal\/wp-content\/uploads\/2023\/10\/cf629f46-563a-4d3a-923c-1f29c114f57f-1024x461.jpg 1024w, http:\/\/portalcatolico.net\/portal\/wp-content\/uploads\/2023\/10\/cf629f46-563a-4d3a-923c-1f29c114f57f.jpg 1600w\" sizes=\"auto, (max-width: 300px) 100vw, 300px\" \/> <img loading=\"lazy\" decoding=\"async\" class=\"alignnone size-medium wp-image-79138\" src=\"http:\/\/portalcatolico.net\/portal\/wp-content\/uploads\/2023\/10\/d61a5c17-25ad-4779-a9c0-5bf924765206-300x135.jpg\" alt=\"\" width=\"300\" height=\"135\" srcset=\"http:\/\/portalcatolico.net\/portal\/wp-content\/uploads\/2023\/10\/d61a5c17-25ad-4779-a9c0-5bf924765206-300x135.jpg 300w, http:\/\/portalcatolico.net\/portal\/wp-content\/uploads\/2023\/10\/d61a5c17-25ad-4779-a9c0-5bf924765206-768x346.jpg 768w, http:\/\/portalcatolico.net\/portal\/wp-content\/uploads\/2023\/10\/d61a5c17-25ad-4779-a9c0-5bf924765206-1024x461.jpg 1024w, http:\/\/portalcatolico.net\/portal\/wp-content\/uploads\/2023\/10\/d61a5c17-25ad-4779-a9c0-5bf924765206.jpg 1600w\" sizes=\"auto, (max-width: 300px) 100vw, 300px\" \/><\/div>\n","protected":false},"excerpt":{"rendered":"<p>A Par\u00f3quia Santa Rita de C\u00e1ssia, na cidade e diocese de Itabuna, no sul da Bahia, promoveu neste s\u00e1bado, 21 de outubro, a Tardezinha Jovem. O tema refletido foi: &#8220;Sede sal da terra e luz do mundo.&#8221; O evento teve in\u00edcio \u00e0s 14h30 e foi composto de m\u00fasica, louvores, prega\u00e7\u00e3o, adora\u00e7\u00e3o, anima\u00e7\u00e3o&nbsp; e&nbsp;santa missa, que&nbsp;<\/p>\n<p><a class=\"btn btn-style\" href=\"http:\/\/portalcatolico.net\/portal\/paroquia-em-itabuna-realiza-o-tardezinha-jovem-confira-como-foi-o-evento\/\">Continue Reading<\/a><\/p>\n","protected":false},"author":2,"featured_media":79126,"comment_status":"open","ping_status":"open","sticky":false,"template":"","format":"standard","meta":{"footnotes":""},"categories":[4],"tags":[],"class_list":["post-79125","post","type-post","status-publish","format-standard","has-post-thumbnail","hentry","category-destaques"],"_links":{"self":[{"href":"http:\/\/portalcatolico.net\/portal\/wp-json\/wp\/v2\/posts\/79125","targetHints":{"allow":["GET"]}}],"collection":[{"href":"http:\/\/portalcatolico.net\/portal\/wp-json\/wp\/v2\/posts"}],"about":[{"href":"http:\/\/portalcatolico.net\/portal\/wp-json\/wp\/v2\/types\/post"}],"author":[{"embeddable":true,"href":"http:\/\/portalcatolico.net\/portal\/wp-json\/wp\/v2\/users\/2"}],"replies":[{"embeddable":true,"href":"http:\/\/portalcatolico.net\/portal\/wp-json\/wp\/v2\/comments?post=79125"}],"version-history":[{"count":2,"href":"http:\/\/portalcatolico.net\/portal\/wp-json\/wp\/v2\/posts\/79125\/revisions"}],"predecessor-version":[{"id":79141,"href":"http:\/\/portalcatolico.net\/portal\/wp-json\/wp\/v2\/posts\/79125\/revisions\/79141"}],"wp:featuredmedia":[{"embeddable":true,"href":"http:\/\/portalcatolico.net\/portal\/wp-json\/wp\/v2\/media\/79126"}],"wp:attachment":[{"href":"http:\/\/portalcatolico.net\/portal\/wp-json\/wp\/v2\/media?parent=79125"}],"wp:term":[{"taxonomy":"category","embeddable":true,"href":"http:\/\/portalcatolico.net\/portal\/wp-json\/wp\/v2\/categories?post=79125"},{"taxonomy":"post_tag","embeddable":true,"href":"http:\/\/portalcatolico.net\/portal\/wp-json\/wp\/v2\/tags?post=79125"}],"curies":[{"name":"wp","href":"https:\/\/api.w.org\/{rel}","templated":true}]}}