{"id":79117,"date":"2023-10-21T21:14:39","date_gmt":"2023-10-22T00:14:39","guid":{"rendered":"http:\/\/portalcatolico.net\/portal\/?p=79117"},"modified":"2023-10-21T21:14:39","modified_gmt":"2023-10-22T00:14:39","slug":"homenagens-a-nossa-senhora-aparecida-reunem-334-mil","status":"publish","type":"post","link":"http:\/\/portalcatolico.net\/portal\/homenagens-a-nossa-senhora-aparecida-reunem-334-mil\/","title":{"rendered":"Homenagens a Nossa Senhora Aparecida re\u00fanem 334 mil"},"content":{"rendered":"<p><i>12 de outubro tem maior movimento registrado no ano, com 112 mil devotos<\/i><\/p>\n<div>\n<p>Por Matheus Andrade<\/p>\n<\/div>\n<div>\n<p><b>O Santu\u00e1rio Nacional de Aparecida foi o destino de 334.560 devotos de Nossa Senhora entre os dias 3 e 12 de outubro deste ano.<\/b> O per\u00edodo corresponde aos dias em que as atividades da Bas\u00edlica prestaram honra \u00e0 Padroeira do Brasil.<\/p>\n<p>No intervalo entre 3 e 11 de outubro, quando aconteceu a tradicional <b>Novena de Aparecida<\/b>, o n\u00famero de fi\u00e9is chegou \u00e0 marca de <b>222.532 <\/b>pessoas. Al\u00e9m das ora\u00e7\u00f5es e reflex\u00f5es propostas pela Novena, neste per\u00edodo aconteceram tamb\u00e9m a <b>Carreata<\/b>, o <b>Passeio Cicl\u00edstico<\/b> e o <b>Festival da Padroeira<\/b>, que contou com duas apresenta\u00e7\u00f5es da Orquestra PEMSA e um show com o cantor Daniel e Convidados.<\/p>\n<p>J\u00e1 em <b>12 de outubro<\/b>, Festa da Padroeira, a presen\u00e7a na Bas\u00edlica de Aparecida foi de <b>112.208 <\/b>devotos. <b>At\u00e9 o momento, dia com maior movimento registrado em 2023<\/b>. Na data, a programa\u00e7\u00e3o contou com a celebra\u00e7\u00e3o de sete missas e a realiza\u00e7\u00e3o da Consagra\u00e7\u00e3o Solene, na Bas\u00edlica Hist\u00f3rica. A tradicional Prociss\u00e3o Solene foi cancelada, devido ao mau tempo no hor\u00e1rio da atividade.<\/p>\n<p>Em rela\u00e7\u00e3o aos n\u00fameros do \u00faltimo ano, quando 330.738 participaram das atividades lit\u00fargicas e culturais dos dez dias de programa\u00e7\u00e3o, a quantidade de peregrinos se manteve semelhante.<\/p>\n<p><b>Fim de semana prolongado \u2013<\/b> Diferente de 2022, quando o 12 de outubro, feriado nacional, foi celebrado em uma quarta-feira, neste ano a data em honra a Nossa Senhora Aparecida aconteceu em uma quinta-feira, proporcionando mais dias para os peregrinos visitarem Aparecida, ainda em clima de Festa.<\/p>\n<p>\u201c<i>Percebemos que muitos devotos aproveitaram o feriado prolongado e programaram sua peregrina\u00e7\u00e3o \u00e0 Casa da M\u00e3e Aparecida nos dias seguintes \u00e0 Festa da Padroeira, buscando um movimento menor na Bas\u00edlica para prestarem suas homenagens<\/i>\u201d, indica o Prefeito de Igreja do Santu\u00e1rio Nacional, padre Diego Ant\u00f4nio.<\/p>\n<p><b>No fim de semana prolongado, entre 13 e 15 de outubro, outros 126.199 devotos estiveram no Santu\u00e1rio Nacional<\/b>. Durante esses tr\u00eas dias, 20 missas foram celebradas no Altar Central da Bas\u00edlica de Aparecida.<\/p>\n<p><span style=\"font-size: xx-small;\">Foto:&nbsp; Thiago Leon\/Santu\u00e1rio Nacional<\/span><\/p>\n<\/div>\n","protected":false},"excerpt":{"rendered":"<p>12 de outubro tem maior movimento registrado no ano, com 112 mil devotos Por Matheus Andrade O Santu\u00e1rio Nacional de Aparecida foi o destino de 334.560 devotos de Nossa Senhora entre os dias 3 e 12 de outubro deste ano. O per\u00edodo corresponde aos dias em que as atividades da Bas\u00edlica prestaram honra \u00e0 Padroeira&nbsp;<\/p>\n<p><a class=\"btn btn-style\" href=\"http:\/\/portalcatolico.net\/portal\/homenagens-a-nossa-senhora-aparecida-reunem-334-mil\/\">Continue Reading<\/a><\/p>\n","protected":false},"author":2,"featured_media":79118,"comment_status":"open","ping_status":"open","sticky":false,"template":"","format":"standard","meta":{"footnotes":""},"categories":[4],"tags":[],"class_list":["post-79117","post","type-post","status-publish","format-standard","has-post-thumbnail","hentry","category-destaques"],"_links":{"self":[{"href":"http:\/\/portalcatolico.net\/portal\/wp-json\/wp\/v2\/posts\/79117","targetHints":{"allow":["GET"]}}],"collection":[{"href":"http:\/\/portalcatolico.net\/portal\/wp-json\/wp\/v2\/posts"}],"about":[{"href":"http:\/\/portalcatolico.net\/portal\/wp-json\/wp\/v2\/types\/post"}],"author":[{"embeddable":true,"href":"http:\/\/portalcatolico.net\/portal\/wp-json\/wp\/v2\/users\/2"}],"replies":[{"embeddable":true,"href":"http:\/\/portalcatolico.net\/portal\/wp-json\/wp\/v2\/comments?post=79117"}],"version-history":[{"count":1,"href":"http:\/\/portalcatolico.net\/portal\/wp-json\/wp\/v2\/posts\/79117\/revisions"}],"predecessor-version":[{"id":79119,"href":"http:\/\/portalcatolico.net\/portal\/wp-json\/wp\/v2\/posts\/79117\/revisions\/79119"}],"wp:featuredmedia":[{"embeddable":true,"href":"http:\/\/portalcatolico.net\/portal\/wp-json\/wp\/v2\/media\/79118"}],"wp:attachment":[{"href":"http:\/\/portalcatolico.net\/portal\/wp-json\/wp\/v2\/media?parent=79117"}],"wp:term":[{"taxonomy":"category","embeddable":true,"href":"http:\/\/portalcatolico.net\/portal\/wp-json\/wp\/v2\/categories?post=79117"},{"taxonomy":"post_tag","embeddable":true,"href":"http:\/\/portalcatolico.net\/portal\/wp-json\/wp\/v2\/tags?post=79117"}],"curies":[{"name":"wp","href":"https:\/\/api.w.org\/{rel}","templated":true}]}}