{"id":79115,"date":"2023-10-21T21:11:57","date_gmt":"2023-10-22T00:11:57","guid":{"rendered":"http:\/\/portalcatolico.net\/portal\/?p=79115"},"modified":"2023-10-21T21:11:57","modified_gmt":"2023-10-22T00:11:57","slug":"diacono-e-escritor-da-diocese-de-ilheus-recebe-convite-para-ir-a-italia-confira","status":"publish","type":"post","link":"http:\/\/portalcatolico.net\/portal\/diacono-e-escritor-da-diocese-de-ilheus-recebe-convite-para-ir-a-italia-confira\/","title":{"rendered":"Di\u00e1cono e escritor da Diocese de Ilh\u00e9us  recebe convite para ir \u00e0 It\u00e1lia. Confira!"},"content":{"rendered":"<div>\n<p>O escritor baiano Rodrigo Dias, autor de&nbsp;livros lan\u00e7ados no Brasil e em diversos pa\u00edses, lan\u00e7ou &#8220;As &nbsp;Cartas&nbsp;da vov\u00f3 Irene&#8221; em Ubat\u00e3-BA, no dia 07 de julho de 2023, &nbsp;no&nbsp;sal\u00e3o Imp\u00e9rio da Festas. Ele recebeu seus leitores, familiares e amigos para o lan\u00e7amento de seu 4\u00ba&nbsp;livro.&nbsp;<\/p>\n<\/div>\n<div>\n<p class=\"v1elementToProof\">&nbsp;Dias \u00e9 Di\u00e1cono Permanante&nbsp;da Diocese de Ilh\u00e9us-BA, fil\u00f3sofo, especializado em Releitura Popular e Hermen\u00eautica pelo Centro Ecum\u00eanico de Estudos B\u00edblicos &#8211; CEBI de Recife-PE.&nbsp;<\/p>\n<\/div>\n<div>\n<p class=\"v1elementToProof\">Segundo o escritor, &#8220;As &nbsp;Cartas&nbsp;da vov\u00f3 Irene&#8221; \u00e9 um&nbsp;livro&nbsp;infantil, mas &nbsp;aberto&nbsp;a todas as idades. &#8220;Gostaria de destacar tr\u00eas realidades que&nbsp;livro&nbsp;aborda: primeiro, a fam\u00edlia de Irene tem cor; \u00e9 negra em &nbsp;um&nbsp;tempo &nbsp;marcado&nbsp;por muito preconceito e racismo. &nbsp;Isto \u00e9 uma maneira de fomentar o protagonismo de negros e negras na Literatura. Depois, o &nbsp;resgate&nbsp;das rela\u00e7\u00f5es afetivas: as f\u00e9rias dos netos de Irene em sua casa tamb\u00e9m s\u00e3o uma forma de valoriza\u00e7\u00e3o da fam\u00edlia, dos v\u00ednculos. E por fim, o di\u00e1logo por meio de cartas enquanto tesouro afetivo da imortalidade da escrita. Penso que estes temas se articulam, no&nbsp;livro, criando no leitor um olhar para o futuro de possibilidades.&#8221; explicou Rodrigo.&nbsp;<\/p>\n<\/div>\n<div>\n<p class=\"v1elementToProof\">Dias \u00e9 autor de textos em obras coletivas. Em &#8220;Construindo o Saber&#8221;, da Editora M\u00faltipla 2006, S\u00e3o Paulo, escreveu &#8220;Onde Voc\u00ea Mora?&#8221;. Contribuiu com a edi\u00e7\u00e3o da revista por &#8220;Tr\u00e1s das Palavras&#8221;, em agosto de 2005, pela Editora Contexto, S\u00e3o Leopoldo \u2013 Rio Grande do Sul; publicou artigos na revista Mundo Jovem e participou da semana liter\u00e1ria da UNEB, em Ipi\u00e1u-BA, nos anos de 2006, 2010 e 2011 como conferencista.&nbsp;<\/p>\n<\/div>\n<div>\n<p class=\"v1elementToProof\">A entrega de &#8220;As Cartas da Vov\u00f3 Irene&#8221; ao Papa Francisco representa n\u00e3o apenas um reconhecimento da produ\u00e7\u00e3o liter\u00e1ria de Rodrigo Dias, mas tamb\u00e9m uma conex\u00e3o entre a cultura e a espiritualidade brasileira e a lideran\u00e7a da Igreja Cat\u00f3lica. Por isso, ele recebeu, na \u00faltima quinta-feira, 18, uma carta de Enzo Petrolino, Presidente da Comunidade Diaconal da It\u00e1lia, o convidando para uma reuni\u00e3o em Roma.&nbsp;<\/p>\n<\/div>\n<div>\n<p><strong>Leia abaixo, a carta na \u00edntegra:<\/strong>&nbsp;<\/p>\n<\/div>\n<div>\n<p>&#8220;Querido, em nome da comunidade diaconal da It\u00e1lia, da qual tenho a honra de&nbsp;Presidente, tenho o prazer de convid\u00e1-lo a Roma para uma reuni\u00e3o, nos dias 13 e 14 de abril de 2024, com o Conselho Nacional para uma conversa sobre o diaconado&nbsp;na Am\u00e9rica Latina.&nbsp;Tenho tido relacionamentos constantes e duradouros h\u00e1 mais de alguns anos esta realidade latino-americana tendo ido diversas vezes falar e encontrar di\u00e1conos em v\u00e1rios pontos destes continentes como: Rio de Janeiro, Guatemala, Salvator, Cuba, Bogot\u00e1, Cidade do M\u00e9xico. Acredito que a compara\u00e7\u00e3o \u00e9 frut\u00edfera e necess\u00e1ria, principalmente depois a elei\u00e7\u00e3o do Papa Francisco, o primeiro pont\u00edfice latino-americano que gerou uma verdadeira revolu\u00e7\u00e3o na Igreja, com um pontificado dirigido aos pobres, aos marginalizados, atento ao cuidado da cria\u00e7\u00e3o e a uma economia inclusiva, colocando uma semente vital num continente que ele est\u00e1 olhando para outras experi\u00eancias religiosas. Para o Papa Francisco, vale a pena semear o cuidado das pessoas para colher o presente e o futuro. O Papa quer uma Igreja pobre para os pobres, por isso acrescento, di\u00e1cono. Portanto ser\u00e1 uma grande alegria para n\u00f3s, t\u00ea-lo&nbsp;entre n\u00f3s e tamb\u00e9m apresent\u00e1-lo sua \u00faltima obra liter\u00e1ria, intitulada &#8220;As Cartas da Vov\u00f3 Irene&#8221;.&nbsp;Com amizade fraterna, em comunh\u00e3o de minist\u00e9rio e de ora\u00e7\u00e3o. Atenciosamente, Enzo Petrolino&#8221;.&nbsp;<\/p>\n<\/div>\n","protected":false},"excerpt":{"rendered":"<p>O escritor baiano Rodrigo Dias, autor de&nbsp;livros lan\u00e7ados no Brasil e em diversos pa\u00edses, lan\u00e7ou &#8220;As &nbsp;Cartas&nbsp;da vov\u00f3 Irene&#8221; em Ubat\u00e3-BA, no dia 07 de julho de 2023, &nbsp;no&nbsp;sal\u00e3o Imp\u00e9rio da Festas. Ele recebeu seus leitores, familiares e amigos para o lan\u00e7amento de seu 4\u00ba&nbsp;livro.&nbsp; &nbsp;Dias \u00e9 Di\u00e1cono Permanante&nbsp;da Diocese de Ilh\u00e9us-BA, fil\u00f3sofo, especializado em&nbsp;<\/p>\n<p><a class=\"btn btn-style\" href=\"http:\/\/portalcatolico.net\/portal\/diacono-e-escritor-da-diocese-de-ilheus-recebe-convite-para-ir-a-italia-confira\/\">Continue Reading<\/a><\/p>\n","protected":false},"author":2,"featured_media":75321,"comment_status":"open","ping_status":"open","sticky":false,"template":"","format":"standard","meta":{"footnotes":""},"categories":[69],"tags":[],"class_list":["post-79115","post","type-post","status-publish","format-standard","has-post-thumbnail","hentry","category-artigos"],"_links":{"self":[{"href":"http:\/\/portalcatolico.net\/portal\/wp-json\/wp\/v2\/posts\/79115","targetHints":{"allow":["GET"]}}],"collection":[{"href":"http:\/\/portalcatolico.net\/portal\/wp-json\/wp\/v2\/posts"}],"about":[{"href":"http:\/\/portalcatolico.net\/portal\/wp-json\/wp\/v2\/types\/post"}],"author":[{"embeddable":true,"href":"http:\/\/portalcatolico.net\/portal\/wp-json\/wp\/v2\/users\/2"}],"replies":[{"embeddable":true,"href":"http:\/\/portalcatolico.net\/portal\/wp-json\/wp\/v2\/comments?post=79115"}],"version-history":[{"count":1,"href":"http:\/\/portalcatolico.net\/portal\/wp-json\/wp\/v2\/posts\/79115\/revisions"}],"predecessor-version":[{"id":79116,"href":"http:\/\/portalcatolico.net\/portal\/wp-json\/wp\/v2\/posts\/79115\/revisions\/79116"}],"wp:featuredmedia":[{"embeddable":true,"href":"http:\/\/portalcatolico.net\/portal\/wp-json\/wp\/v2\/media\/75321"}],"wp:attachment":[{"href":"http:\/\/portalcatolico.net\/portal\/wp-json\/wp\/v2\/media?parent=79115"}],"wp:term":[{"taxonomy":"category","embeddable":true,"href":"http:\/\/portalcatolico.net\/portal\/wp-json\/wp\/v2\/categories?post=79115"},{"taxonomy":"post_tag","embeddable":true,"href":"http:\/\/portalcatolico.net\/portal\/wp-json\/wp\/v2\/tags?post=79115"}],"curies":[{"name":"wp","href":"https:\/\/api.w.org\/{rel}","templated":true}]}}