{"id":79033,"date":"2023-10-07T15:55:11","date_gmt":"2023-10-07T18:55:11","guid":{"rendered":"http:\/\/portalcatolico.net\/portal\/?p=79033"},"modified":"2023-10-07T16:28:23","modified_gmt":"2023-10-07T19:28:23","slug":"manha-de-sabado-em-itabuna-foi-marcada-pela-caminhada-pela-vida-confira-os-detalhes-do-evento","status":"publish","type":"post","link":"http:\/\/portalcatolico.net\/portal\/manha-de-sabado-em-itabuna-foi-marcada-pela-caminhada-pela-vida-confira-os-detalhes-do-evento\/","title":{"rendered":"Manh\u00e3 de s\u00e1bado em Itabuna foi marcada pela Caminhada pela vida. Confira os detalhes do evento!"},"content":{"rendered":"<div class=\"v1elementToProof v1ContentPasted0\">\n<div><img loading=\"lazy\" decoding=\"async\" class=\"alignnone wp-image-79036\" src=\"http:\/\/portalcatolico.net\/portal\/wp-content\/uploads\/2023\/10\/IMG_0077-300x200.jpg\" alt=\"\" width=\"827\" height=\"551\" srcset=\"http:\/\/portalcatolico.net\/portal\/wp-content\/uploads\/2023\/10\/IMG_0077-300x200.jpg 300w, http:\/\/portalcatolico.net\/portal\/wp-content\/uploads\/2023\/10\/IMG_0077-768x512.jpg 768w, http:\/\/portalcatolico.net\/portal\/wp-content\/uploads\/2023\/10\/IMG_0077.jpg 800w\" sizes=\"auto, (max-width: 827px) 100vw, 827px\" \/><\/div>\n<div>A Diocese de Itabuna promoveu uma Caminhada pela vida neste s\u00e1bado, 7 de outubro, em Itabuna (BA).&nbsp; A a\u00e7\u00e3o foi organizada pela Pastoral Familiar e teve como objetivo alertar a popula\u00e7\u00e3o contra a lei (ADPF 442) que prop\u00f5e a libera\u00e7\u00e3o do aborto at\u00e9 a d\u00e9cima semana de gesta\u00e7\u00e3o.&nbsp; &nbsp;<\/div>\n<div>&nbsp;<\/div>\n<div>A concentra\u00e7\u00e3o foi o Jardim do \u00d3, no centro da cidade, \u00e0s 9h, com a presen\u00e7a de v\u00e1rias pastorais, de movimentos e diversos religiosos.<\/div>\n<div>&nbsp;<\/div>\n<div>Os participantes percorreram toda avenida do Cinquenten\u00e1rio at\u00e9 o Santu\u00e1rio de Santo Ant\u00f4nio, com cartazes, bolas brancas, muitos vestidos de branco, e outros, com a camisa do seu movimento ou da sua pastoral. A anima\u00e7\u00e3o ficou por conta&nbsp;dos membros da Comunidade Santa Cec\u00edlia de Itabuna, com aux\u00edlio de um carro de som.<\/div>\n<div><img loading=\"lazy\" decoding=\"async\" class=\"alignnone wp-image-79038\" src=\"http:\/\/portalcatolico.net\/portal\/wp-content\/uploads\/2023\/10\/IMG_0106-300x200.jpg\" alt=\"\" width=\"825\" height=\"550\" srcset=\"http:\/\/portalcatolico.net\/portal\/wp-content\/uploads\/2023\/10\/IMG_0106-300x200.jpg 300w, http:\/\/portalcatolico.net\/portal\/wp-content\/uploads\/2023\/10\/IMG_0106-768x512.jpg 768w, http:\/\/portalcatolico.net\/portal\/wp-content\/uploads\/2023\/10\/IMG_0106.jpg 800w\" sizes=\"auto, (max-width: 825px) 100vw, 825px\" \/><\/div>\n<div>&nbsp;<\/div>\n<div class=\"v1ContentPasted0\">Depois de uma hora de caminhada, os padres e di\u00e1conos presentes,&nbsp;deram a b\u00ean\u00e7\u00e3o aos participantes.<\/div>\n<div>Na oportunidade, um dos Coordenadores da Pastoral Familiar, Klyngher, Neres, agradeceu a participa\u00e7\u00e3o da popula\u00e7\u00e3o e ressaltou a import\u00e2ncia da manifesta\u00e7\u00e3o: &#8220;Quero agradecer a todas as pessoas que aqui est\u00e3o, ao SETRAN, que segurou o tr\u00e2nsito pra gente, em pleno s\u00e1bado de muito movimento na nossa cidade, e \u00e0 Pol\u00edcia Militar que tamb\u00e9m nos deu esse apoio. Muito obrigado a todos. Quero lembrar que a amanh\u00e3, dia 8, \u00e9 o Nascituro, e em nossas par\u00f3quias vamos celebrar, vamos fazer uma ora\u00e7\u00e3o por esse dia, para que Deus aben\u00e7oe a todos n\u00f3s, e que essa lei seja extinta. Imploremos a b\u00ean\u00e7\u00e3o de Deus para que esta iniciativa renda frutos de salva\u00e7\u00e3o&#8221;.<\/div>\n<div>&nbsp;<\/div>\n<div class=\"v1ContentPasted0\">Vale lembrar que as dioceses, par\u00f3quias e comunidades de todo o Brasil, est\u00e3o concentradas na celebra\u00e7\u00e3o da Semana Nacional da Vida, que come\u00e7ou no dia 1 e termina amanh\u00e3, dia 8, que \u00e9 o Dia do Nascituro.<\/div>\n<div>&nbsp;<\/div>\n<div class=\"v1ContentPasted0\">Este ano, o tema \u00e9 &#8220;Ado\u00e7\u00e3o: Amor com La\u00e7os do Cora\u00e7\u00e3o.&#8221; A iniciativa,&nbsp;proposta pela CNBB, visa conscientizar sobre a import\u00e2ncia da ado\u00e7\u00e3o na&nbsp;vida e na miss\u00e3o da Igreja.<\/div>\n<div>&nbsp;<\/div>\n<div class=\"v1ContentPasted0\">Em um contexto em que se discute a descriminaliza\u00e7\u00e3o do aborto no Brasil&nbsp;(ADPF 442), a Semana Nacional da Vida destaca a ado\u00e7\u00e3o como uma resposta valiosa, protegendo crian\u00e7as e promovendo o valor da vida desde a&nbsp;concep\u00e7\u00e3o.<\/div>\n<div>&nbsp;<\/div>\n<div class=\"v1ContentPasted0\">Neste link, voc\u00ea confere a entrevista recente que este Portal realizou com o bispo de Itabuna, Dom Carlos Alberto, falando sobre a defesa da vida:<\/div>\n<p><a id=\"v1LPlnk906151\" href=\"https:\/\/portalcatolico.net\/portal\/bispo-da-diocese-de-itabuna-fala-sobre-a-luta-a-favor-da-vida-confira-a-entrevista\/\" target=\"_blank\" rel=\"noopener noreferrer\">https:\/\/portalcatolico.net\/portal\/bispo-da-diocese-de-itabuna-fala-sobre-a-luta-a-favor-da-vida-confira-a-entrevista\/<\/a><\/p>\n<\/div>\n<div class=\"v1elementToProof\"><img loading=\"lazy\" decoding=\"async\" class=\"alignnone size-medium wp-image-79040\" src=\"http:\/\/portalcatolico.net\/portal\/wp-content\/uploads\/2023\/10\/IMG_0019-300x200.jpg\" alt=\"\" width=\"300\" height=\"200\" srcset=\"http:\/\/portalcatolico.net\/portal\/wp-content\/uploads\/2023\/10\/IMG_0019-300x200.jpg 300w, http:\/\/portalcatolico.net\/portal\/wp-content\/uploads\/2023\/10\/IMG_0019-768x512.jpg 768w, http:\/\/portalcatolico.net\/portal\/wp-content\/uploads\/2023\/10\/IMG_0019.jpg 800w\" sizes=\"auto, (max-width: 300px) 100vw, 300px\" \/><img loading=\"lazy\" decoding=\"async\" class=\"alignnone size-medium wp-image-79041\" src=\"http:\/\/portalcatolico.net\/portal\/wp-content\/uploads\/2023\/10\/IMG_0013-300x200.jpg\" alt=\"\" width=\"300\" height=\"200\" srcset=\"http:\/\/portalcatolico.net\/portal\/wp-content\/uploads\/2023\/10\/IMG_0013-300x200.jpg 300w, http:\/\/portalcatolico.net\/portal\/wp-content\/uploads\/2023\/10\/IMG_0013-768x512.jpg 768w, http:\/\/portalcatolico.net\/portal\/wp-content\/uploads\/2023\/10\/IMG_0013.jpg 800w\" sizes=\"auto, (max-width: 300px) 100vw, 300px\" \/> <img loading=\"lazy\" decoding=\"async\" class=\"alignnone size-medium wp-image-79043\" src=\"http:\/\/portalcatolico.net\/portal\/wp-content\/uploads\/2023\/10\/IMG_0050-300x200.jpg\" alt=\"\" width=\"300\" height=\"200\" srcset=\"http:\/\/portalcatolico.net\/portal\/wp-content\/uploads\/2023\/10\/IMG_0050-300x200.jpg 300w, http:\/\/portalcatolico.net\/portal\/wp-content\/uploads\/2023\/10\/IMG_0050-768x512.jpg 768w, http:\/\/portalcatolico.net\/portal\/wp-content\/uploads\/2023\/10\/IMG_0050.jpg 800w\" sizes=\"auto, (max-width: 300px) 100vw, 300px\" \/> <img loading=\"lazy\" decoding=\"async\" class=\"alignnone size-medium wp-image-79044\" src=\"http:\/\/portalcatolico.net\/portal\/wp-content\/uploads\/2023\/10\/IMG_0073-300x200.jpg\" alt=\"\" width=\"300\" height=\"200\" srcset=\"http:\/\/portalcatolico.net\/portal\/wp-content\/uploads\/2023\/10\/IMG_0073-300x200.jpg 300w, http:\/\/portalcatolico.net\/portal\/wp-content\/uploads\/2023\/10\/IMG_0073-768x512.jpg 768w, http:\/\/portalcatolico.net\/portal\/wp-content\/uploads\/2023\/10\/IMG_0073.jpg 800w\" sizes=\"auto, (max-width: 300px) 100vw, 300px\" \/> <img loading=\"lazy\" decoding=\"async\" class=\"alignnone size-medium wp-image-79045\" src=\"http:\/\/portalcatolico.net\/portal\/wp-content\/uploads\/2023\/10\/IMG_0091-300x200.jpg\" alt=\"\" width=\"300\" height=\"200\" srcset=\"http:\/\/portalcatolico.net\/portal\/wp-content\/uploads\/2023\/10\/IMG_0091-300x200.jpg 300w, http:\/\/portalcatolico.net\/portal\/wp-content\/uploads\/2023\/10\/IMG_0091-768x512.jpg 768w, http:\/\/portalcatolico.net\/portal\/wp-content\/uploads\/2023\/10\/IMG_0091.jpg 800w\" sizes=\"auto, (max-width: 300px) 100vw, 300px\" \/><img loading=\"lazy\" decoding=\"async\" class=\"alignnone size-medium wp-image-79046\" src=\"http:\/\/portalcatolico.net\/portal\/wp-content\/uploads\/2023\/10\/IMG_0047-300x200.jpg\" alt=\"\" width=\"300\" height=\"200\" srcset=\"http:\/\/portalcatolico.net\/portal\/wp-content\/uploads\/2023\/10\/IMG_0047-300x200.jpg 300w, http:\/\/portalcatolico.net\/portal\/wp-content\/uploads\/2023\/10\/IMG_0047-768x512.jpg 768w, http:\/\/portalcatolico.net\/portal\/wp-content\/uploads\/2023\/10\/IMG_0047.jpg 800w\" sizes=\"auto, (max-width: 300px) 100vw, 300px\" \/> <img loading=\"lazy\" decoding=\"async\" class=\"alignnone size-medium wp-image-79047\" src=\"http:\/\/portalcatolico.net\/portal\/wp-content\/uploads\/2023\/10\/IMG_0024-300x200.jpg\" alt=\"\" width=\"300\" height=\"200\" srcset=\"http:\/\/portalcatolico.net\/portal\/wp-content\/uploads\/2023\/10\/IMG_0024-300x200.jpg 300w, http:\/\/portalcatolico.net\/portal\/wp-content\/uploads\/2023\/10\/IMG_0024-768x512.jpg 768w, http:\/\/portalcatolico.net\/portal\/wp-content\/uploads\/2023\/10\/IMG_0024.jpg 800w\" sizes=\"auto, (max-width: 300px) 100vw, 300px\" \/> <img loading=\"lazy\" decoding=\"async\" class=\"alignnone size-medium wp-image-79048\" src=\"http:\/\/portalcatolico.net\/portal\/wp-content\/uploads\/2023\/10\/IMG_0042-300x200.jpg\" alt=\"\" width=\"300\" height=\"200\" srcset=\"http:\/\/portalcatolico.net\/portal\/wp-content\/uploads\/2023\/10\/IMG_0042-300x200.jpg 300w, http:\/\/portalcatolico.net\/portal\/wp-content\/uploads\/2023\/10\/IMG_0042-768x512.jpg 768w, http:\/\/portalcatolico.net\/portal\/wp-content\/uploads\/2023\/10\/IMG_0042.jpg 800w\" sizes=\"auto, (max-width: 300px) 100vw, 300px\" \/> <img loading=\"lazy\" decoding=\"async\" class=\"alignnone size-medium wp-image-79049\" src=\"http:\/\/portalcatolico.net\/portal\/wp-content\/uploads\/2023\/10\/IMG_0070-300x200.jpg\" alt=\"\" width=\"300\" height=\"200\" srcset=\"http:\/\/portalcatolico.net\/portal\/wp-content\/uploads\/2023\/10\/IMG_0070-300x200.jpg 300w, http:\/\/portalcatolico.net\/portal\/wp-content\/uploads\/2023\/10\/IMG_0070-768x512.jpg 768w, http:\/\/portalcatolico.net\/portal\/wp-content\/uploads\/2023\/10\/IMG_0070.jpg 800w\" sizes=\"auto, (max-width: 300px) 100vw, 300px\" \/><img loading=\"lazy\" decoding=\"async\" class=\"alignnone size-medium wp-image-79050\" src=\"http:\/\/portalcatolico.net\/portal\/wp-content\/uploads\/2023\/10\/IMG_0027-300x200.jpg\" alt=\"\" width=\"300\" height=\"200\" srcset=\"http:\/\/portalcatolico.net\/portal\/wp-content\/uploads\/2023\/10\/IMG_0027-300x200.jpg 300w, http:\/\/portalcatolico.net\/portal\/wp-content\/uploads\/2023\/10\/IMG_0027-768x512.jpg 768w, http:\/\/portalcatolico.net\/portal\/wp-content\/uploads\/2023\/10\/IMG_0027.jpg 800w\" sizes=\"auto, (max-width: 300px) 100vw, 300px\" \/><\/div>\n<div>&nbsp;<\/div>\n<div>Confira o v\u00eddeo da caminhada: <strong><a href=\"https:\/\/www.youtube.com\/watch?v=eFlieIgrTgs\">https:\/\/www.youtube.com\/watch?v=eFlieIgrTgs<\/a>&nbsp;<\/strong> &nbsp;&nbsp;<\/div>\n","protected":false},"excerpt":{"rendered":"<p>A Diocese de Itabuna promoveu uma Caminhada pela vida neste s\u00e1bado, 7 de outubro, em Itabuna (BA).&nbsp; A a\u00e7\u00e3o foi organizada pela Pastoral Familiar e teve como objetivo alertar a popula\u00e7\u00e3o contra a lei (ADPF 442) que prop\u00f5e a libera\u00e7\u00e3o do aborto at\u00e9 a d\u00e9cima semana de gesta\u00e7\u00e3o.&nbsp; &nbsp; &nbsp; A concentra\u00e7\u00e3o foi o Jardim&nbsp;<\/p>\n<p><a class=\"btn btn-style\" href=\"http:\/\/portalcatolico.net\/portal\/manha-de-sabado-em-itabuna-foi-marcada-pela-caminhada-pela-vida-confira-os-detalhes-do-evento\/\">Continue Reading<\/a><\/p>\n","protected":false},"author":2,"featured_media":79034,"comment_status":"open","ping_status":"open","sticky":false,"template":"","format":"standard","meta":{"footnotes":""},"categories":[4],"tags":[],"class_list":["post-79033","post","type-post","status-publish","format-standard","has-post-thumbnail","hentry","category-destaques"],"_links":{"self":[{"href":"http:\/\/portalcatolico.net\/portal\/wp-json\/wp\/v2\/posts\/79033","targetHints":{"allow":["GET"]}}],"collection":[{"href":"http:\/\/portalcatolico.net\/portal\/wp-json\/wp\/v2\/posts"}],"about":[{"href":"http:\/\/portalcatolico.net\/portal\/wp-json\/wp\/v2\/types\/post"}],"author":[{"embeddable":true,"href":"http:\/\/portalcatolico.net\/portal\/wp-json\/wp\/v2\/users\/2"}],"replies":[{"embeddable":true,"href":"http:\/\/portalcatolico.net\/portal\/wp-json\/wp\/v2\/comments?post=79033"}],"version-history":[{"count":6,"href":"http:\/\/portalcatolico.net\/portal\/wp-json\/wp\/v2\/posts\/79033\/revisions"}],"predecessor-version":[{"id":79052,"href":"http:\/\/portalcatolico.net\/portal\/wp-json\/wp\/v2\/posts\/79033\/revisions\/79052"}],"wp:featuredmedia":[{"embeddable":true,"href":"http:\/\/portalcatolico.net\/portal\/wp-json\/wp\/v2\/media\/79034"}],"wp:attachment":[{"href":"http:\/\/portalcatolico.net\/portal\/wp-json\/wp\/v2\/media?parent=79033"}],"wp:term":[{"taxonomy":"category","embeddable":true,"href":"http:\/\/portalcatolico.net\/portal\/wp-json\/wp\/v2\/categories?post=79033"},{"taxonomy":"post_tag","embeddable":true,"href":"http:\/\/portalcatolico.net\/portal\/wp-json\/wp\/v2\/tags?post=79033"}],"curies":[{"name":"wp","href":"https:\/\/api.w.org\/{rel}","templated":true}]}}