{"id":79030,"date":"2023-10-06T21:53:04","date_gmt":"2023-10-07T00:53:04","guid":{"rendered":"http:\/\/portalcatolico.net\/portal\/?p=79030"},"modified":"2023-10-06T21:53:04","modified_gmt":"2023-10-07T00:53:04","slug":"conheca-o-beato-carlo-acutis-conhecido-como-o-padroeiro-da-internet","status":"publish","type":"post","link":"http:\/\/portalcatolico.net\/portal\/conheca-o-beato-carlo-acutis-conhecido-como-o-padroeiro-da-internet\/","title":{"rendered":"Conhe\u00e7a o Beato Carlo Acutis, conhecido como o &#8220;padroeiro da internet&#8221;"},"content":{"rendered":"<div>\n<p>No dia 12 de outubro, fi\u00e9is de todo o mundo celebram a mem\u00f3ria do&nbsp;Beato Carlo Acutis. Nascido em 3 de maio de 1991 e falecido em 12 de outubro de 2006, aos 15 anos de idade, ficou conhecido como o \u201cpadroeiro da internet\u201d e foi um grande propagador dos milagres eucar\u00edsticos. Beatificado em 10 de outubro de 2020, ap\u00f3s o reconhecimento de um milagre ocorrido em Campo Grande (MS), o jovem Carlo Acutis ganhou o mundo com seu testemunho de vida e santidade.<\/p>\n<p>Nos in\u00fameros relatos sobre a hist\u00f3ria de Acutis, est\u00e1 sempre presente a grande caridade exercida desde sua inf\u00e2ncia. Na obra&nbsp;<strong>\u201cN\u00e3o eu, mas Deus \u2013 biografia espiritual de Carlo Acutis\u201d<\/strong>, o autor Pe. Ricardo Figueiredo relata: \u201cCarlo n\u00e3o tinha vergonha de mostrar que era crist\u00e3o, de falar da sua f\u00e9, de defender a f\u00e9 crist\u00e3 diante de outros. N\u00e3o receava ser desprezado pelos que pensavam de forma diferente, nem tinha medo de ser posto de lado\u201d. Grande devoto de Nossa Senhora e dos milagres eucar\u00edsticos, ele dedicou sua breve vida a relatar estes acontecimentos na internet, tendo registrado 136 milagres ocorridos em todo o mundo.&nbsp;<\/p>\n<p>Celebrar a mem\u00f3ria de Carlo Acutis \u00e9 tamb\u00e9m um momento de a\u00e7\u00e3o de gra\u00e7as e recorda\u00e7\u00e3o de que a santidade \u00e9 acess\u00edvel a todos aqueles que promovem o bem e vivem em sintonia com Deus. Para conhecer melhor a vida deste beato de nosso tempo, a PAULUS Editora indica obras que falam sobre a incr\u00edvel hist\u00f3ria deste jovem que ousou ser diferente de sua gera\u00e7\u00e3o. Confira:<\/p>\n<p><strong>Carlo Acutis \u2013 Um santo jovem<\/strong><\/p>\n<p><a href=\"https:\/\/www.paulus.com.br\/portal\/releases\/carlo-acutis-um-santo-jovem\/\" target=\"_blank\" rel=\"noopener noreferrer\"><img loading=\"lazy\" decoding=\"async\" class=\"v1alignleft v1wp-image-67619\" src=\"https:\/\/www.paulus.com.br\/portal\/wp-content\/uploads\/2023\/06\/161751-800-autoedit.png\" width=\"161\" height=\"195\"><\/a><\/p>\n<p>Escrita em linguagem jovem e ricamente ilustrada, a obra traz a hist\u00f3ria de Carlo Acutis em quadrinhos com os principais acontecimentos da vida do jovem de Deus, da inf\u00e2ncia \u00e0 adolesc\u00eancia. A hist\u00f3ria faz uma viagem ao tempo, retornando ao ano 2000, quando o jovem santo andava pelas ruas de sua cidade. De acordo com a obra, Carlo era um jovem atento \u00e0s pessoas que estavam ao seu redor: algu\u00e9m \u201ccapaz de derrubar muros\u201d, como afirma o personagem Asra. Esta narra\u00e7\u00e3o revela os caminhos do menino Acutis no seu cotidiano, passos e atitudes humildes que o elevaram aos altares em 2020, com sua beatifica\u00e7\u00e3o.&nbsp;<a href=\"https:\/\/www.paulus.com.br\/portal\/releases\/carlo-acutis-um-santo-jovem\/\" target=\"_blank\" rel=\"noopener noreferrer\">Saiba mais.<\/a><\/p>\n<p><strong><br \/>\nO segredo do meu filho \u2013 Por que Carlo Acutis \u00e9 considerado santo<\/strong><\/p>\n<p><a href=\"https:\/\/www.paulus.com.br\/portal\/releases\/o-segredo-do-meu-filho-por-que-carlo-acutis-e-considerado-santo\/\" target=\"_blank\" rel=\"noopener noreferrer\"><img loading=\"lazy\" decoding=\"async\" class=\"v1alignleft v1wp-image-62641\" src=\"https:\/\/www.paulus.com.br\/portal\/wp-content\/uploads\/2022\/06\/9786555625455-193x300.jpg\" width=\"159\" height=\"241\"><\/a><\/p>\n<p>Em \u201cO segredo do meu filho \u2013 Por que Carlo Acutis \u00e9 considerado santo\u201d, o leitor encontra os relatos de quem gerou em seu ventre, educou e conviveu com o jovem santo da Igreja. Nesta publica\u00e7\u00e3o, o leitor poder\u00e1 conhecer de perto a vida e miss\u00e3o de Carlo Acutis e os motivos que o tornaram um exemplo de santidade para os jovens e crist\u00e3os do mundo inteiro. \u201cEle tinha o melhor: pleno, belo e em harmonia com Deus, e deixou um testemunho espl\u00eandido. Meu filho tinha essa consci\u00eancia de que a vida n\u00e3o deveria ser desperdi\u00e7ada por tr\u00e1s de quimeras bobas\u201d, afirma a autora.&nbsp;<a href=\"https:\/\/www.paulus.com.br\/portal\/releases\/o-segredo-do-meu-filho-por-que-carlo-acutis-e-considerado-santo\/\" target=\"_blank\" rel=\"noopener noreferrer\">Saiba mais.<\/a><\/p>\n<p><strong>N\u00e3o eu, mas Deus \u2013 biografia espiritual de Carlo Acutis<\/strong><\/p>\n<p><a href=\"https:\/\/www.paulus.com.br\/portal\/releases\/nao-eu-mas-deus-biografia-espiritual-de-carlo-acutis\/#.YVdW4JrMKUk\" target=\"_blank\" rel=\"noopener noreferrer\"><img loading=\"lazy\" decoding=\"async\" class=\"v1alignleft v1wp-image-55045\" src=\"https:\/\/www.paulus.com.br\/portal\/wp-content\/uploads\/2021\/03\/capa_nao_eu_mas_deus-e1617039835926.jpg\" width=\"159\" height=\"240\"><\/a><\/p>\n<p>\u201cN\u00e3o eu, mas Deus\u201d \u00e9 o t\u00edtulo da obra sobre Carlo Acutis e tamb\u00e9m uma das frases que o jovem repetia frequentemente. As pesquisas do autor, Padre Ricardo Figueiredo, apontam um jovem que se dedicava intensamente \u00e0 ora\u00e7\u00e3o e tinha uma conviv\u00eancia muito viva com os amigos, assim a sua vida normal era capaz de transportar sinais fortes da vida de Deus nele. A caracter\u00edstica mais marcante da vida de Carlo, segundo o autor, \u00e9 a forma como na sua juventude conseguiu alcan\u00e7ar t\u00e3o alta vida espiritual: a intimidade que ele tinha com Jesus.&nbsp; Dispon\u00edvel temporariamente apenas em nossas livrarias f\u00edsicas (<a href=\"https:\/\/www.paulus.com.br\/portal\/livraria-paulus\/\" target=\"_blank\" rel=\"noopener noreferrer\">veja endere\u00e7os<\/a>).&nbsp;<a href=\"https:\/\/www.paulus.com.br\/portal\/releases\/nao-eu-mas-deus-biografia-espiritual-de-carlo-acutis\/#.YVdW4JrMKUk\" target=\"_blank\" rel=\"noopener noreferrer\">Saiba mais.<\/a><\/p>\n<p><strong><br \/>\nNovena ao Bem-aventurado Carlo Acutis<\/strong><\/p>\n<p><a href=\"https:\/\/www.paulus.com.br\/portal\/releases\/novena-ao-bem-aventurado-carlo-acutis-o-ciberapostolo-da-eucaristia\/\" target=\"_blank\" rel=\"noopener noreferrer\"><img loading=\"lazy\" decoding=\"async\" class=\"v1alignleft v1wp-image-53292\" src=\"https:\/\/www.paulus.com.br\/portal\/wp-content\/uploads\/2020\/11\/novena-ao-bem-aventurado-Carlo-Acutis-208x300.jpg\" width=\"161\" height=\"230\"><\/a><\/p>\n<p>Esta novena se destina a todos os que buscam um modelo de santidade atual e acess\u00edvel. Olhando para esse jovem, podemos perceber qual foi sua resposta ao chamado de Cristo: entendia a Eucaristia como sua estrada para o c\u00e9u, sabia buscar na confiss\u00e3o a purifica\u00e7\u00e3o do cora\u00e7\u00e3o, era apaixonado pelas amizades que tinha, soube ser fiel \u00e0 ora\u00e7\u00e3o e coerente em sua vida. Carlo aceitou o desafio e colocou como seu projeto de vida estar sempre unido a Jesus.&nbsp;&nbsp;<a href=\"https:\/\/www.paulus.com.br\/portal\/releases\/novena-ao-bem-aventurado-carlo-acutis-o-ciberapostolo-da-eucaristia\/\" target=\"_blank\" rel=\"noopener noreferrer\">Saiba mais.<\/a><\/p>\n<\/div>\n<p><a href=\"https:\/\/imagens.pressmanager.net\/galeria?rid=538030&amp;rhash=cbb2131fa0d1db56485ba1384eb579da&amp;did=1114675696&amp;dhash=236bc1d9b64f5cdc407bef7536c6a7d0\" target=\"_blank\" rel=\"noopener noreferrer\"><b>Visualizar todas as imagens em alta resolu\u00e7\u00e3o<\/b><\/a><\/p>\n<p><b>Por:Cleane Santos\/<\/b>paulus<\/p>\n","protected":false},"excerpt":{"rendered":"<p>No dia 12 de outubro, fi\u00e9is de todo o mundo celebram a mem\u00f3ria do&nbsp;Beato Carlo Acutis. Nascido em 3 de maio de 1991 e falecido em 12 de outubro de 2006, aos 15 anos de idade, ficou conhecido como o \u201cpadroeiro da internet\u201d e foi um grande propagador dos milagres eucar\u00edsticos. Beatificado em 10 de&nbsp;<\/p>\n<p><a class=\"btn btn-style\" href=\"http:\/\/portalcatolico.net\/portal\/conheca-o-beato-carlo-acutis-conhecido-como-o-padroeiro-da-internet\/\">Continue Reading<\/a><\/p>\n","protected":false},"author":2,"featured_media":79031,"comment_status":"open","ping_status":"open","sticky":false,"template":"","format":"standard","meta":{"footnotes":""},"categories":[1],"tags":[],"class_list":["post-79030","post","type-post","status-publish","format-standard","has-post-thumbnail","hentry","category-agenda"],"_links":{"self":[{"href":"http:\/\/portalcatolico.net\/portal\/wp-json\/wp\/v2\/posts\/79030","targetHints":{"allow":["GET"]}}],"collection":[{"href":"http:\/\/portalcatolico.net\/portal\/wp-json\/wp\/v2\/posts"}],"about":[{"href":"http:\/\/portalcatolico.net\/portal\/wp-json\/wp\/v2\/types\/post"}],"author":[{"embeddable":true,"href":"http:\/\/portalcatolico.net\/portal\/wp-json\/wp\/v2\/users\/2"}],"replies":[{"embeddable":true,"href":"http:\/\/portalcatolico.net\/portal\/wp-json\/wp\/v2\/comments?post=79030"}],"version-history":[{"count":1,"href":"http:\/\/portalcatolico.net\/portal\/wp-json\/wp\/v2\/posts\/79030\/revisions"}],"predecessor-version":[{"id":79032,"href":"http:\/\/portalcatolico.net\/portal\/wp-json\/wp\/v2\/posts\/79030\/revisions\/79032"}],"wp:featuredmedia":[{"embeddable":true,"href":"http:\/\/portalcatolico.net\/portal\/wp-json\/wp\/v2\/media\/79031"}],"wp:attachment":[{"href":"http:\/\/portalcatolico.net\/portal\/wp-json\/wp\/v2\/media?parent=79030"}],"wp:term":[{"taxonomy":"category","embeddable":true,"href":"http:\/\/portalcatolico.net\/portal\/wp-json\/wp\/v2\/categories?post=79030"},{"taxonomy":"post_tag","embeddable":true,"href":"http:\/\/portalcatolico.net\/portal\/wp-json\/wp\/v2\/tags?post=79030"}],"curies":[{"name":"wp","href":"https:\/\/api.w.org\/{rel}","templated":true}]}}