{"id":78924,"date":"2023-09-27T19:40:04","date_gmt":"2023-09-27T22:40:04","guid":{"rendered":"http:\/\/portalcatolico.net\/portal\/?p=78924"},"modified":"2023-09-27T19:40:04","modified_gmt":"2023-09-27T22:40:04","slug":"padre-zenildo-lima-e-nomeado-bispo-auxiliar-da-arquidiocese-de-manaus","status":"publish","type":"post","link":"http:\/\/portalcatolico.net\/portal\/padre-zenildo-lima-e-nomeado-bispo-auxiliar-da-arquidiocese-de-manaus\/","title":{"rendered":"PADRE ZENILDO LIMA \u00c9 NOMEADO BISPO AUXILIAR DA ARQUIDIOCESE DE MANAUS"},"content":{"rendered":"<p>A Nunciatura Apost\u00f3lica no Brasil anunciou, nesta quarta-feira, 27 de setembro, que o Papa Francisco nomeou o padre Zenildo Lima da Silva como novo bispo auxiliar da arquidiocese de Manaus, no Amazonas. Atualmente, o presb\u00edtero \u00e9 reitor do Semin\u00e1rio Arquidiocesano S\u00e3o Jos\u00e9 e um dos vice-presidentes da Confer\u00eancia Eclesial da Amaz\u00f4nia (Ceama). A decis\u00e3o do Papa acolhe a solicita\u00e7\u00e3o do arcebispo de Manaus, Dom Leonardo Ulrich Cardeal Steiner, de poder contar com a colabora\u00e7\u00e3o de um auxiliar.<\/p>\n<h3>Biografia<\/h3>\n<p>Nascido em 14 de outubro de 1968, na periferia da cidade de Manaus, Zenildo \u00e9 o sexto filho de uma fam\u00edlia de dez irm\u00e3os. Ingressou no semin\u00e1rio em 18 de fevereiro de 1989. Cursou Filosofia e Teologia no ent\u00e3o Centro de Estudos do Comportamento Humano (Ceneschi), em Manaus, de 1989 a 1995. Foi ordenado di\u00e1cono em 19 de mar\u00e7o de 1996 e a ordena\u00e7\u00e3o presbiteral foi em 4 de agosto do mesmo ano.<\/p>\n<p>Padre Zenildo \u00e9 mestre em Teologia, com especializa\u00e7\u00e3o em Teologia Dogm\u00e1tica, pela Pontif\u00edcia Universidade Gregoriana de Roma (1998-2000). Sua disserta\u00e7\u00e3o tratou sobre a \u201cDimens\u00e3o Eclesial do Minist\u00e9rio Presbiteral\u201d. O mestrado foi reconhecido pela Pontif\u00edcia Universidade Cat\u00f3lica do Rio de Janeiro (PUC-Rio).<\/p>\n<p>Em sua atua\u00e7\u00e3o pastoral, foi coordenador paroquial da par\u00f3quia Cristo Libertador, em Manaus (1993-1994) e da par\u00f3quia de Santa Luzia da Matinha, em Manaus (1995-1996). Tamb\u00e9m foi p\u00e1roco das par\u00f3quias de S\u00e3o L\u00e1zaro (1997-1998), Santa Cruz (2000-2002), Nossa Senhora Auxiliadora (2003-2005) e S\u00e3o Raimundo (2007- 2011 \/ 2015-2016).<\/p>\n<p>Coordenou a Pastoral Vocacional da arquidiocese e do Regional Norte 1 (1995 \u2013 1996), bem como a Pastoral Presbiteral nos \u00e2mbitos arquidiocesano e Regional (1997-1998). Foi secret\u00e1rio da Comiss\u00e3o Nacional de Presb\u00edteros (CNP), de 2004 a 2008, e diretor do Instituto de Teologia, Pastoral e Ensino Superior da Amaz\u00f4nia (ITEPES), antigo Ceneschi, entre 2006-2013. De 2012 a 2015, foi secret\u00e1rio executivo do Regional Norte 1 da CNBB. Entre 2018 e 2022, foi vice-presidente da Organiza\u00e7\u00e3o dos Semin\u00e1rios e Institutos do Brasil (Osib). Desde 2016, \u00e9 reitor do Semin\u00e1rio Arquidiocesano S\u00e3o Jos\u00e9. Atualmente, \u00e9 membro do Conselho Prebiteral e do Col\u00e9gio de Consultores da arquidiocese de Manaus.<\/p>\n<p>Padre Zenildo tem intensa participa\u00e7\u00e3o nos encontros dos bispos da Amaz\u00f4nia. Ele esteve presente nos eventos de 1997, 2007, 2012, 2013, 2019, 2021 e 2022. No S\u00ednodo sobre a Amaz\u00f4nia, em 2019, participou como auditor e como colaborador na S\u00edntese da REPAM-Brasil.<\/p>\n<blockquote>\n<h3>Sauda\u00e7\u00e3o ao Monsenhor Zenildo Lima da Silva<\/h3>\n<p>Estimado irm\u00e3o,<br \/>\nRecebemos com alegria a not\u00edcia de sua nomea\u00e7\u00e3o como Bispo Auxiliar para a Arquidiocese de Manaus. E partilhamos o j\u00fabilo com o cardeal, Dom Leonardo Steiner, que agora poder\u00e1 contar com sua colabora\u00e7\u00e3o de uma nova forma, auxiliando-o no pastoreio dessa Igreja particular t\u00e3o importante no Brasil.<\/p>\n<p>Rogamos a Deus que o ilumine no seu minist\u00e9rio episcopal, contribuindo para que as voca\u00e7\u00f5es sejam sempre mais frut\u00edferas nos diversos minist\u00e9rios e servi\u00e7os da Igreja. Tamb\u00e9m rogamos para que sejas fortalecido na miss\u00e3o de levar adiante as palavras do Papa Francisco, comunicadas na exorta\u00e7\u00e3o apost\u00f3lica Querida Amaz\u00f4nia: \u201d tudo o que a Igreja oferece deve encarnar-se de maneira original em cada lugar do mundo, para que a Esposa de Cristo adquira rostos multiformes que manifestem melhor a riqueza inesgot\u00e1vel da gra\u00e7a. Deve encarnar-se a prega\u00e7\u00e3o, deve encarnar-se a espiritualidade, devem encarnar-se as estruturas da Igreja\u201d (Papa Francisco).<\/p>\n<p>Maria M\u00e3e da Igreja e S\u00e3o Jos\u00e9, seu cast\u00edssimo esposo, o acompanhem nessa nova etapa.<\/p>\n<p>Em Cristo,<\/p>\n<p><em><strong>Dom Jaime Spengler<\/strong><\/em><br \/>\nArcebispo de Porto Alegre \u2013 RS<br \/>\nPresidente da CNBB<\/p>\n<p><em><strong>Dom Jo\u00e3o Justino de Medeiros da Silva<\/strong><\/em><br \/>\nArcebispo de Goi\u00e2nia \u2013 GO<br \/>\n1\u00ba Vice- Presidente da CNBB<\/p>\n<p><em><strong>Dom Paulo Jackson N\u00f3brega de Sousa<\/strong><\/em><br \/>\nArcebispo de Olinda e Recife \u2013 PE<br \/>\n2\u00ba Vice-Presidente da CNBB<\/p>\n<p><em><strong>Dom Ricardo Hoepers<\/strong><\/em><br \/>\nBispo Auxiliar da Arquidiocese de Bras\u00edlia \u2013 DF<br \/>\nSecret\u00e1rio-Geral da CNBB<\/p>\n<p>Fonte:CNBB<\/p><\/blockquote>\n","protected":false},"excerpt":{"rendered":"<p>A Nunciatura Apost\u00f3lica no Brasil anunciou, nesta quarta-feira, 27 de setembro, que o Papa Francisco nomeou o padre Zenildo Lima da Silva como novo bispo auxiliar da arquidiocese de Manaus, no Amazonas. Atualmente, o presb\u00edtero \u00e9 reitor do Semin\u00e1rio Arquidiocesano S\u00e3o Jos\u00e9 e um dos vice-presidentes da Confer\u00eancia Eclesial da Amaz\u00f4nia (Ceama). A decis\u00e3o do&nbsp;<\/p>\n<p><a class=\"btn btn-style\" href=\"http:\/\/portalcatolico.net\/portal\/padre-zenildo-lima-e-nomeado-bispo-auxiliar-da-arquidiocese-de-manaus\/\">Continue Reading<\/a><\/p>\n","protected":false},"author":2,"featured_media":78925,"comment_status":"open","ping_status":"open","sticky":false,"template":"","format":"standard","meta":{"footnotes":""},"categories":[3],"tags":[],"class_list":["post-78924","post","type-post","status-publish","format-standard","has-post-thumbnail","hentry","category-noticias_regionais"],"_links":{"self":[{"href":"http:\/\/portalcatolico.net\/portal\/wp-json\/wp\/v2\/posts\/78924","targetHints":{"allow":["GET"]}}],"collection":[{"href":"http:\/\/portalcatolico.net\/portal\/wp-json\/wp\/v2\/posts"}],"about":[{"href":"http:\/\/portalcatolico.net\/portal\/wp-json\/wp\/v2\/types\/post"}],"author":[{"embeddable":true,"href":"http:\/\/portalcatolico.net\/portal\/wp-json\/wp\/v2\/users\/2"}],"replies":[{"embeddable":true,"href":"http:\/\/portalcatolico.net\/portal\/wp-json\/wp\/v2\/comments?post=78924"}],"version-history":[{"count":1,"href":"http:\/\/portalcatolico.net\/portal\/wp-json\/wp\/v2\/posts\/78924\/revisions"}],"predecessor-version":[{"id":78926,"href":"http:\/\/portalcatolico.net\/portal\/wp-json\/wp\/v2\/posts\/78924\/revisions\/78926"}],"wp:featuredmedia":[{"embeddable":true,"href":"http:\/\/portalcatolico.net\/portal\/wp-json\/wp\/v2\/media\/78925"}],"wp:attachment":[{"href":"http:\/\/portalcatolico.net\/portal\/wp-json\/wp\/v2\/media?parent=78924"}],"wp:term":[{"taxonomy":"category","embeddable":true,"href":"http:\/\/portalcatolico.net\/portal\/wp-json\/wp\/v2\/categories?post=78924"},{"taxonomy":"post_tag","embeddable":true,"href":"http:\/\/portalcatolico.net\/portal\/wp-json\/wp\/v2\/tags?post=78924"}],"curies":[{"name":"wp","href":"https:\/\/api.w.org\/{rel}","templated":true}]}}