{"id":78809,"date":"2023-09-14T17:45:52","date_gmt":"2023-09-14T20:45:52","guid":{"rendered":"http:\/\/portalcatolico.net\/portal\/?p=78809"},"modified":"2023-09-14T17:46:36","modified_gmt":"2023-09-14T20:46:36","slug":"frei-rafael-divulga-carta-de-agradecimento-pelo-sucesso-das-comemoracoes-em-homenagem-a-nossa-senhora-da-pena","status":"publish","type":"post","link":"http:\/\/portalcatolico.net\/portal\/frei-rafael-divulga-carta-de-agradecimento-pelo-sucesso-das-comemoracoes-em-homenagem-a-nossa-senhora-da-pena\/","title":{"rendered":"Frei Rafael divulga carta de agradecimento pelo sucesso das comemora\u00e7\u00f5es em homenagem a Nossa Senhora da Pena"},"content":{"rendered":"<div dir=\"auto\">No dia 8 de setembro, Porto Seguro (BA) comemorou os 488 anos de tradi\u00e7\u00e3o da festa da padroeira, Nossa Senhora da Pena. A comemora\u00e7\u00e3o reuniu romeiros de v\u00e1rios estados e os fi\u00e9is devotos da santa, conhecida como a M\u00e3e das Voca\u00e7\u00f5es e protetora das artes, artistas, escritores e publicit\u00e1rios.<\/div>\n<div dir=\"auto\">&nbsp;<\/div>\n<div dir=\"auto\">O principal dia da festa foi marcado com uma alvorada na Cidade Hist\u00f3rica, seguida de of\u00edcios de Nossa Senhora e uma missa solene, na presen\u00e7a de autoridades eclesi\u00e1sticas das par\u00f3quias da diocese de Eun\u00e1polis e da regi\u00e3o. Durante a tarde, uma multid\u00e3o de fi\u00e9is envolvida na novena e romaria participou da tradicional prociss\u00e3o, carregando a imagem da santa pelas ruas da cidade.<\/div>\n<div dir=\"auto\">&nbsp;<\/div>\n<div dir=\"auto\">A cerim\u00f4nia de encerramento e a ben\u00e7\u00e3o contaram com a presen\u00e7a do vice-prefeito, representando o prefeito. A noite continuou com atividades culturais e a feirinha que atrai visitantes e moradores, aquecendo o com\u00e9rcio e tornando a festa um evento importante no calend\u00e1rio anual de turismo religioso de Porto Seguro.<\/div>\n<div dir=\"auto\">&nbsp;<\/div>\n<div dir=\"auto\">O Frei Rafael Ferreira Froes (P\u00e1roco da Par\u00f3quia N.Sra da Pena), em Porto Seguro divulgou em suas redes sociais, uma carta de agradecimento pela realiza\u00e7\u00e3o e participa\u00e7\u00e3o de todos na festa em homenagem a Virgem da Pena. Confira abaixo a mensagem:<\/div>\n<div dir=\"auto\">&nbsp;<\/div>\n<div dir=\"auto\">&#8220;Com o cora\u00e7\u00e3o transbordando de alegria, celebramos os 488 anos de devo\u00e7\u00e3o a Virgem Senhora da Pena, foi um momento de profunda experi\u00eancia de f\u00e9, unidade, supera\u00e7\u00e3o de desafios e acima de tudo confian\u00e7a em Deus e na intercess\u00e3o de nossa M\u00e3e Maria Sant\u00edssima. Nossa gratid\u00e3o a todos que colaboraram direta ou indiretamente com a realiza\u00e7\u00e3o desta festa, movimentos, grupos, pastorais, volunt\u00e1rios, devotos, romeiros e patrocinadores. O sucesso dessa festa abaixo de Deus, deve-se a todos voc\u00eas. Foi uma verdadeira experi\u00eancia de f\u00e9, onde sentimos a presen\u00e7a de Deus caminhando conosco nas dificuldades de cada dia, superadas a cada passo pela intercess\u00e3o maternal de Maria. Como Maria no magnificat tamb\u00e9m queremos elevar a Deus um hino de perfeito louvor. Por fim, renovados das voca\u00e7\u00f5es, sermos sal da terra e luz do mundo.<\/div>\n<p>Na f\u00e9, nos colocamos na miss\u00e3o, com o cora\u00e7\u00e3o ardente e os p\u00e9s a caminho, assim, como a Virgem da Pena.&#8221;, disse o religioso.<\/p>\n<p>Foto: Redes socias<\/p>\n","protected":false},"excerpt":{"rendered":"<p>No dia 8 de setembro, Porto Seguro (BA) comemorou os 488 anos de tradi\u00e7\u00e3o da festa da padroeira, Nossa Senhora da Pena. A comemora\u00e7\u00e3o reuniu romeiros de v\u00e1rios estados e os fi\u00e9is devotos da santa, conhecida como a M\u00e3e das Voca\u00e7\u00f5es e protetora das artes, artistas, escritores e publicit\u00e1rios. &nbsp; O principal dia da festa&nbsp;<\/p>\n<p><a class=\"btn btn-style\" href=\"http:\/\/portalcatolico.net\/portal\/frei-rafael-divulga-carta-de-agradecimento-pelo-sucesso-das-comemoracoes-em-homenagem-a-nossa-senhora-da-pena\/\">Continue Reading<\/a><\/p>\n","protected":false},"author":2,"featured_media":78810,"comment_status":"open","ping_status":"open","sticky":false,"template":"","format":"standard","meta":{"footnotes":""},"categories":[69],"tags":[],"class_list":["post-78809","post","type-post","status-publish","format-standard","has-post-thumbnail","hentry","category-artigos"],"_links":{"self":[{"href":"http:\/\/portalcatolico.net\/portal\/wp-json\/wp\/v2\/posts\/78809","targetHints":{"allow":["GET"]}}],"collection":[{"href":"http:\/\/portalcatolico.net\/portal\/wp-json\/wp\/v2\/posts"}],"about":[{"href":"http:\/\/portalcatolico.net\/portal\/wp-json\/wp\/v2\/types\/post"}],"author":[{"embeddable":true,"href":"http:\/\/portalcatolico.net\/portal\/wp-json\/wp\/v2\/users\/2"}],"replies":[{"embeddable":true,"href":"http:\/\/portalcatolico.net\/portal\/wp-json\/wp\/v2\/comments?post=78809"}],"version-history":[{"count":2,"href":"http:\/\/portalcatolico.net\/portal\/wp-json\/wp\/v2\/posts\/78809\/revisions"}],"predecessor-version":[{"id":78812,"href":"http:\/\/portalcatolico.net\/portal\/wp-json\/wp\/v2\/posts\/78809\/revisions\/78812"}],"wp:featuredmedia":[{"embeddable":true,"href":"http:\/\/portalcatolico.net\/portal\/wp-json\/wp\/v2\/media\/78810"}],"wp:attachment":[{"href":"http:\/\/portalcatolico.net\/portal\/wp-json\/wp\/v2\/media?parent=78809"}],"wp:term":[{"taxonomy":"category","embeddable":true,"href":"http:\/\/portalcatolico.net\/portal\/wp-json\/wp\/v2\/categories?post=78809"},{"taxonomy":"post_tag","embeddable":true,"href":"http:\/\/portalcatolico.net\/portal\/wp-json\/wp\/v2\/tags?post=78809"}],"curies":[{"name":"wp","href":"https:\/\/api.w.org\/{rel}","templated":true}]}}