{"id":78807,"date":"2023-09-14T19:10:48","date_gmt":"2023-09-14T22:10:48","guid":{"rendered":"http:\/\/portalcatolico.net\/portal\/?p=78807"},"modified":"2023-09-14T19:12:24","modified_gmt":"2023-09-14T22:12:24","slug":"participe-da-formacao-regional-da-campanha-da-fraternidade-2024","status":"publish","type":"post","link":"http:\/\/portalcatolico.net\/portal\/participe-da-formacao-regional-da-campanha-da-fraternidade-2024\/","title":{"rendered":"Papa: o verdadeiro ecumenismo acontece quando caminhamos juntos"},"content":{"rendered":"<div dir=\"auto\">&nbsp;<\/div>\n<div id=\"v1ms-outlook-mobile-signature\" dir=\"auto\">\n<div>\n<div class=\"article__subTitle\">Na manh\u00e3 desta quinta-feira, 14 de setembro, Francisco recebeu em audi\u00eancia os participantes do XXVI Col\u00f3quio Ecum\u00eanico Paulino. &#8220;Se, ao longo da hist\u00f3ria, as divis\u00f5es foram causa de sofrimento, hoje devemos nos comprometer a reverter o curso, progredindo nos caminhos da unidade e da fraternidade, que come\u00e7am justamente pela ora\u00e7\u00e3o, pelo estudo e pelo trabalho conjunto&#8221;, afirmou o Papa durante seu discurso.<\/div>\n<div>&nbsp;<\/div>\n<div class=\"title__separator\">\n<p>O Papa Francisco, na manh\u00e3 desta quarta-feira (14\/09), recebeu em audi\u00eancia os participantes do XXVI Col\u00f3quio Ecum\u00eanico Paulino. Um encontro que \u00e9 fruto da primavera do Esp\u00edrito Santo, que foi o Conc\u00edlio Vaticano II, e devido ao seu prazo de validade bienal, est\u00e1 agora em sua vig\u00e9sima sexta edi\u00e7\u00e3o. O evento acontece na Bas\u00edlica de S\u00e3o Paulo Fora dos Muros, confiada aos monges beneditinos.<\/p>\n<p>O Papa iniciou seu discurso voltando-se ao Abade da Bas\u00edlica e aos professores e acad\u00eamicos que vieram a Roma para o Col\u00f3quio Ecum\u00eanico Paulino. Francisco mencionou a import\u00e2ncia dos estudos para o conhecimento b\u00edblico e espiritual e destacou a relev\u00e2ncia das palestras em que participam diferentes denomina\u00e7\u00f5es crist\u00e3s:<\/p>\n<div>\n<div class=\"article__embed article__embed--border embed_style\">\n<blockquote><p>\u201cEsta \u00e9 a grande contribui\u00e7\u00e3o do Col\u00f3quio: o encontro entre diferentes grupos de crist\u00e3os, mas unidos pela sabedoria do Magist\u00e9rio Paulino; o di\u00e1logo entre diferentes pontos de partida, que buscam um terreno comum a partir da Escritura; a compara\u00e7\u00e3o exeg\u00e9tica rigorosa e erudita, que encontra seu leito vital em um contexto de ora\u00e7\u00e3o e espiritualidade, de modo que a beleza do epistol\u00e1rio do Ap\u00f3stolo e sua import\u00e2ncia para a vida crist\u00e3 e eclesial possam emergir.\u201d<\/p><\/blockquote>\n<\/div>\n<\/div>\n<p><strong>Ecumenismo: coragem e profecia<\/strong><\/p>\n<p>O Papa destacou que esta iniciativa \u00e9 corajosa e prof\u00e9tica. &#8220;H\u00e1 a coragem de superar as barreiras da desconfian\u00e7a, que muitas vezes surgem quando somos chamados a encontrar o outro, e mais ainda quando o outro tem uma tradi\u00e7\u00e3o diferente da minha&#8221;, sublinhou Francisco. &#8220;E depois h\u00e1 a profecia ecum\u00eanica, a da saud\u00e1vel &#8216;impaci\u00eancia do Esp\u00edrito&#8217; \u00e0 qual todos n\u00f3s, crist\u00e3os, somos chamados, para que a jornada rumo \u00e0 plenitude da unidade prossiga e o compromisso de testemunhar n\u00e3o diminua. Se, ao longo da hist\u00f3ria, as divis\u00f5es foram causa de sofrimento, hoje devemos nos comprometer a reverter o curso, progredindo nos caminhos da unidade e da fraternidade, que come\u00e7am justamente pela ora\u00e7\u00e3o, pelo estudo e pelo trabalho conjunto.&#8221;<\/p>\n<p>Ap\u00f3s refletir sobre um trecho da Carta de S\u00e3o Paulo aos Romanos, que tem guiado as reflex\u00f5es dos estudiosos nestes dias de encontro, o Pont\u00edfice ressaltou que, atrav\u00e9s da esperan\u00e7a, deseja sempre apoiar este valioso trabalho do di\u00e1logo acad\u00eamico, b\u00edblico, espiritual e fraterno, e ressaltou:<\/p>\n<p><i>&#8220;Por favor, continuem suas pesquisas b\u00edblicas com rigor e compet\u00eancia, mas tamb\u00e9m e sobretudo deixem-se maravilhar pelos in\u00fameros recursos espirituais contidos nas Ep\u00edstolas Paulinas, para oferecer \u00e0s comunidades crist\u00e3s &#8216;palavras novas&#8217;, capazes de comunicar a bondade misericordiosa do Pai, a atualidade da salva\u00e7\u00e3o de Cristo, a esperan\u00e7a renovadora do Esp\u00edrito.&#8221;<\/i><\/p>\n<p><strong>Esp\u00edrito de di\u00e1logo e de fraternidade<\/strong><\/p>\n<p>Ao abordar o tema do caminho ecum\u00eanico, o Santo Padre contou uma hist\u00f3ria: &#8220;certa vez, perguntaram a um grande te\u00f3logo ortodoxo: O que voc\u00ea acha da unidade crist\u00e3, como ela est\u00e1 indo, quando ser\u00e1 o momento da plena unidade? E esse bom te\u00f3logo, que morreu h\u00e1 alguns meses, disse: Eu sei quando haver\u00e1 plena unidade: no dia seguinte ao Ju\u00edzo Final!&#8221;, e completou com bom humor: &#8220;isso n\u00e3o nos tira a esperan\u00e7a&#8221;.<\/p>\n<p>Ao finalizar seu discurso, Francisco afirmou que \u00e9 muitas vezes atrav\u00e9s do trabalho laborioso e oculto, que cresce entre os crist\u00e3os o esp\u00edrito ecum\u00eanico, um esp\u00edrito de di\u00e1logo e de fraternidade que ajuda o caminho comum de busca do Senhor. E destacou: &#8220;devemos caminhar juntos, orar juntos e trabalhar juntos. O verdadeiro ecumenismo \u00e9 feito por meio da caminhada. N\u00e3o tenham medo disso. Sirvam os pobres, ajudem as comunidades crist\u00e3s e tamb\u00e9m as comunidades n\u00e3o crist\u00e3s. Caminhem e sirvam.&#8221;<\/p>\n<p>Ao encerrar a audi\u00eancia, o Papa convidou todos a rezarem juntos a ora\u00e7\u00e3o do Pai Nosso, cada um em seu pr\u00f3prio idioma.<\/p>\n<\/div>\n<div class=\"article__text\">\n<p><b>Por: Thulio Fonseca &#8211; Vatican News<\/b><\/p>\n<\/div>\n<\/div>\n<\/div>\n","protected":false},"excerpt":{"rendered":"<p>&nbsp; Na manh\u00e3 desta quinta-feira, 14 de setembro, Francisco recebeu em audi\u00eancia os participantes do XXVI Col\u00f3quio Ecum\u00eanico Paulino. &#8220;Se, ao longo da hist\u00f3ria, as divis\u00f5es foram causa de sofrimento, hoje devemos nos comprometer a reverter o curso, progredindo nos caminhos da unidade e da fraternidade, que come\u00e7am justamente pela ora\u00e7\u00e3o, pelo estudo e pelo&nbsp;<\/p>\n<p><a class=\"btn btn-style\" href=\"http:\/\/portalcatolico.net\/portal\/participe-da-formacao-regional-da-campanha-da-fraternidade-2024\/\">Continue Reading<\/a><\/p>\n","protected":false},"author":2,"featured_media":78814,"comment_status":"open","ping_status":"open","sticky":false,"template":"","format":"standard","meta":{"footnotes":""},"categories":[5],"tags":[],"class_list":["post-78807","post","type-post","status-publish","format-standard","has-post-thumbnail","hentry","category-igreja_no_mundo"],"_links":{"self":[{"href":"http:\/\/portalcatolico.net\/portal\/wp-json\/wp\/v2\/posts\/78807","targetHints":{"allow":["GET"]}}],"collection":[{"href":"http:\/\/portalcatolico.net\/portal\/wp-json\/wp\/v2\/posts"}],"about":[{"href":"http:\/\/portalcatolico.net\/portal\/wp-json\/wp\/v2\/types\/post"}],"author":[{"embeddable":true,"href":"http:\/\/portalcatolico.net\/portal\/wp-json\/wp\/v2\/users\/2"}],"replies":[{"embeddable":true,"href":"http:\/\/portalcatolico.net\/portal\/wp-json\/wp\/v2\/comments?post=78807"}],"version-history":[{"count":3,"href":"http:\/\/portalcatolico.net\/portal\/wp-json\/wp\/v2\/posts\/78807\/revisions"}],"predecessor-version":[{"id":78815,"href":"http:\/\/portalcatolico.net\/portal\/wp-json\/wp\/v2\/posts\/78807\/revisions\/78815"}],"wp:featuredmedia":[{"embeddable":true,"href":"http:\/\/portalcatolico.net\/portal\/wp-json\/wp\/v2\/media\/78814"}],"wp:attachment":[{"href":"http:\/\/portalcatolico.net\/portal\/wp-json\/wp\/v2\/media?parent=78807"}],"wp:term":[{"taxonomy":"category","embeddable":true,"href":"http:\/\/portalcatolico.net\/portal\/wp-json\/wp\/v2\/categories?post=78807"},{"taxonomy":"post_tag","embeddable":true,"href":"http:\/\/portalcatolico.net\/portal\/wp-json\/wp\/v2\/tags?post=78807"}],"curies":[{"name":"wp","href":"https:\/\/api.w.org\/{rel}","templated":true}]}}