{"id":78805,"date":"2023-09-11T20:30:39","date_gmt":"2023-09-11T23:30:39","guid":{"rendered":"http:\/\/portalcatolico.net\/portal\/?p=78805"},"modified":"2023-09-11T20:30:52","modified_gmt":"2023-09-11T23:30:52","slug":"participe-da-novena-e-festa-em-honra-a-nossa-senhora-da-piedade-em-itabuna-2","status":"publish","type":"post","link":"http:\/\/portalcatolico.net\/portal\/participe-da-novena-e-festa-em-honra-a-nossa-senhora-da-piedade-em-itabuna-2\/","title":{"rendered":"Participe da Novena e Festa em honra \u00e0 Nossa Senhora da Piedade em Itabuna"},"content":{"rendered":"<div dir=\"auto\">Desde o dia 6 deste m\u00eas est\u00e1 acontecendo a novena em honra \u00e0 Nossa Senhora da Piedade. As celebra\u00e7\u00f5es continuam at\u00e9 o dia 15 de setembro,sempre \u00e1s 19h, no bairro Maria Pinheiro em Itabuna (BA).<\/div>\n<div dir=\"auto\">O tema que est\u00e1 sendo refletido \u00e9: &#8220;Com Maria, vivemos nossa voca\u00e7\u00e3o, dom e gra\u00e7a de Deus.&#8221; E o lema: &#8220;Cora\u00e7\u00f5es ardentes, p\u00e9s a caminho.&#8221; (cf. Lc 24, 32-33).<\/div>\n<div dir=\"auto\">&nbsp;<\/div>\n<div dir=\"auto\">Confira abaixo, a programa\u00e7\u00e3o do dia festivo, que acontecer\u00e1 em 15\/09:<\/div>\n<div dir=\"auto\">&nbsp;<\/div>\n<div dir=\"auto\">6h: Alvorada festiva;&nbsp;&nbsp;<\/div>\n<div dir=\"auto\">6h30: Of\u00edcio de Nossa Senhora;<\/div>\n<div dir=\"auto\">7h: Caf\u00e9 comunit\u00e1rio partilhado; &nbsp;<\/div>\n<div dir=\"auto\">7h30: Limpeza e ornamenta\u00e7\u00e3o; &nbsp;<\/div>\n<div dir=\"auto\">19h: Missa solene; &nbsp;<\/div>\n<div dir=\"auto\">M\u00fasicos: Anderson;<\/div>\n<div dir=\"auto\">Quermesse: Comunidade Matriz Nossa Senhora da Piedade;<\/div>\n<div dir=\"auto\">Celebrante: Dom Carlos Alberto dos Santos, Bispo Diocesano;<\/div>\n<p>20h: Prociss\u00e3o com a imagem de Nossa Senhora da Piedade.<\/p>\n","protected":false},"excerpt":{"rendered":"<p>Desde o dia 6 deste m\u00eas est\u00e1 acontecendo a novena em honra \u00e0 Nossa Senhora da Piedade. As celebra\u00e7\u00f5es continuam at\u00e9 o dia 15 de setembro,sempre \u00e1s 19h, no bairro Maria Pinheiro em Itabuna (BA). O tema que est\u00e1 sendo refletido \u00e9: &#8220;Com Maria, vivemos nossa voca\u00e7\u00e3o, dom e gra\u00e7a de Deus.&#8221; E o lema:&nbsp;<\/p>\n<p><a class=\"btn btn-style\" href=\"http:\/\/portalcatolico.net\/portal\/participe-da-novena-e-festa-em-honra-a-nossa-senhora-da-piedade-em-itabuna-2\/\">Continue Reading<\/a><\/p>\n","protected":false},"author":2,"featured_media":65160,"comment_status":"open","ping_status":"open","sticky":false,"template":"","format":"standard","meta":{"footnotes":""},"categories":[1],"tags":[],"class_list":["post-78805","post","type-post","status-publish","format-standard","has-post-thumbnail","hentry","category-agenda"],"_links":{"self":[{"href":"http:\/\/portalcatolico.net\/portal\/wp-json\/wp\/v2\/posts\/78805","targetHints":{"allow":["GET"]}}],"collection":[{"href":"http:\/\/portalcatolico.net\/portal\/wp-json\/wp\/v2\/posts"}],"about":[{"href":"http:\/\/portalcatolico.net\/portal\/wp-json\/wp\/v2\/types\/post"}],"author":[{"embeddable":true,"href":"http:\/\/portalcatolico.net\/portal\/wp-json\/wp\/v2\/users\/2"}],"replies":[{"embeddable":true,"href":"http:\/\/portalcatolico.net\/portal\/wp-json\/wp\/v2\/comments?post=78805"}],"version-history":[{"count":1,"href":"http:\/\/portalcatolico.net\/portal\/wp-json\/wp\/v2\/posts\/78805\/revisions"}],"predecessor-version":[{"id":78806,"href":"http:\/\/portalcatolico.net\/portal\/wp-json\/wp\/v2\/posts\/78805\/revisions\/78806"}],"wp:featuredmedia":[{"embeddable":true,"href":"http:\/\/portalcatolico.net\/portal\/wp-json\/wp\/v2\/media\/65160"}],"wp:attachment":[{"href":"http:\/\/portalcatolico.net\/portal\/wp-json\/wp\/v2\/media?parent=78805"}],"wp:term":[{"taxonomy":"category","embeddable":true,"href":"http:\/\/portalcatolico.net\/portal\/wp-json\/wp\/v2\/categories?post=78805"},{"taxonomy":"post_tag","embeddable":true,"href":"http:\/\/portalcatolico.net\/portal\/wp-json\/wp\/v2\/tags?post=78805"}],"curies":[{"name":"wp","href":"https:\/\/api.w.org\/{rel}","templated":true}]}}