{"id":78436,"date":"2023-07-15T20:29:02","date_gmt":"2023-07-15T23:29:02","guid":{"rendered":"http:\/\/portalcatolico.net\/portal\/?p=78436"},"modified":"2023-07-15T20:43:25","modified_gmt":"2023-07-15T23:43:25","slug":"participe-da-festa-em-louvor-a-senhora-santana-em-floresta-azul","status":"publish","type":"post","link":"http:\/\/portalcatolico.net\/portal\/participe-da-festa-em-louvor-a-senhora-santana-em-floresta-azul\/","title":{"rendered":"Participe da Festa em louvor a Senhora Sant&#8217;Ana em Floresta Azul"},"content":{"rendered":"<div dir=\"auto\">Com o tema &#8220;Com Senhora Sant&#8217;Ana, cora\u00e7\u00f5es ardentes, p\u00e9s a caminho&#8221;, ser\u00e1 celebrada em Floresta Azul (BA), a Festa em homenagem a Nossa Senhora Sant&#8217;Ana, na par\u00f3quia que leva o nome da santa. A matriz fica situada na Pra\u00e7a Manoel Saturnino, sem n\u00famero, Centro de Floresta Azul.<\/div>\n<div dir=\"auto\">A programa\u00e7\u00e3o come\u00e7a dia 17 e termina no dia festivo, dia 26.<\/div>\n<p>Confira a programa\u00e7\u00e3o completa no card.<\/p>\n<p><img loading=\"lazy\" decoding=\"async\" class=\"alignnone wp-image-78450\" src=\"http:\/\/portalcatolico.net\/portal\/wp-content\/uploads\/2023\/07\/eb6fad43-2620-4626-bbbe-4dec46426d20-139x300.jpg\" alt=\"\" width=\"822\" height=\"1774\"><\/p>\n","protected":false},"excerpt":{"rendered":"<p>Com o tema &#8220;Com Senhora Sant&#8217;Ana, cora\u00e7\u00f5es ardentes, p\u00e9s a caminho&#8221;, ser\u00e1 celebrada em Floresta Azul (BA), a Festa em homenagem a Nossa Senhora Sant&#8217;Ana, na par\u00f3quia que leva o nome da santa. A matriz fica situada na Pra\u00e7a Manoel Saturnino, sem n\u00famero, Centro de Floresta Azul. A programa\u00e7\u00e3o come\u00e7a dia 17 e termina no&nbsp;<\/p>\n<p><a class=\"btn btn-style\" href=\"http:\/\/portalcatolico.net\/portal\/participe-da-festa-em-louvor-a-senhora-santana-em-floresta-azul\/\">Continue Reading<\/a><\/p>\n","protected":false},"author":2,"featured_media":73052,"comment_status":"open","ping_status":"open","sticky":false,"template":"","format":"standard","meta":{"footnotes":""},"categories":[1],"tags":[],"class_list":["post-78436","post","type-post","status-publish","format-standard","has-post-thumbnail","hentry","category-agenda"],"_links":{"self":[{"href":"http:\/\/portalcatolico.net\/portal\/wp-json\/wp\/v2\/posts\/78436","targetHints":{"allow":["GET"]}}],"collection":[{"href":"http:\/\/portalcatolico.net\/portal\/wp-json\/wp\/v2\/posts"}],"about":[{"href":"http:\/\/portalcatolico.net\/portal\/wp-json\/wp\/v2\/types\/post"}],"author":[{"embeddable":true,"href":"http:\/\/portalcatolico.net\/portal\/wp-json\/wp\/v2\/users\/2"}],"replies":[{"embeddable":true,"href":"http:\/\/portalcatolico.net\/portal\/wp-json\/wp\/v2\/comments?post=78436"}],"version-history":[{"count":2,"href":"http:\/\/portalcatolico.net\/portal\/wp-json\/wp\/v2\/posts\/78436\/revisions"}],"predecessor-version":[{"id":78451,"href":"http:\/\/portalcatolico.net\/portal\/wp-json\/wp\/v2\/posts\/78436\/revisions\/78451"}],"wp:featuredmedia":[{"embeddable":true,"href":"http:\/\/portalcatolico.net\/portal\/wp-json\/wp\/v2\/media\/73052"}],"wp:attachment":[{"href":"http:\/\/portalcatolico.net\/portal\/wp-json\/wp\/v2\/media?parent=78436"}],"wp:term":[{"taxonomy":"category","embeddable":true,"href":"http:\/\/portalcatolico.net\/portal\/wp-json\/wp\/v2\/categories?post=78436"},{"taxonomy":"post_tag","embeddable":true,"href":"http:\/\/portalcatolico.net\/portal\/wp-json\/wp\/v2\/tags?post=78436"}],"curies":[{"name":"wp","href":"https:\/\/api.w.org\/{rel}","templated":true}]}}