{"id":78285,"date":"2023-06-26T18:52:53","date_gmt":"2023-06-26T21:52:53","guid":{"rendered":"http:\/\/portalcatolico.net\/portal\/?p=78285"},"modified":"2023-06-26T18:52:53","modified_gmt":"2023-06-26T21:52:53","slug":"associacao-de-agricultores-doa-duas-toneladas-para-fazer-hostias-para-a-jmj","status":"publish","type":"post","link":"http:\/\/portalcatolico.net\/portal\/associacao-de-agricultores-doa-duas-toneladas-para-fazer-hostias-para-a-jmj\/","title":{"rendered":"Associa\u00e7\u00e3o de agricultores doa duas toneladas para fazer h\u00f3stias para a JMJ"},"content":{"rendered":"<p>A Associa\u00e7\u00e3o Nacional de Produtores de Proteaginosas, Oleaginosas e Cereais (ANPOC) de Portugal doou duas toneladas de trigo para fazer as h\u00f3stias da Jornada Mundial da Juventude (JMJ) Lisboa 2023. As h\u00f3stias est\u00e3o sendo feitas pelas irm\u00e3s clarissas do Mosteiro do Imaculado Cora\u00e7\u00e3o de Maria, em Lisboa.<\/p>\n<p>\u201c\u00c9 um trigo nacional que teve que obedecer \u00e0s caracter\u00edsticas t\u00e9cnicas que as irm\u00e3s queriam e que tinha a ver com a brancura da farinha. Enfim, tivemos que cumprir os aspectos t\u00e9cnicos que elas pediram e assim fizemos\u201d, disse \u00e0 RTP o presidente da ANPOC, Jos\u00e9 Palha.<\/p>\n<p>Segundo Palha, esta doa\u00e7\u00e3o demonstra que a associa\u00e7\u00e3o e os agricultores portugueses est\u00e3o \u201cdispon\u00edveis para contribuir naquilo que \u00e9\u201d sua \u201cpossibilidade para este evento em Portugal\u201d.<\/p>\n<p>As duas toneladas de trigo foram transformadas em cerca de uma tonelada e meia de farinha, para a produ\u00e7\u00e3o de milh\u00f5es de h\u00f3stias a serem consumidas nas missas da JMJ, que acontecer\u00e1 de 1\u00ba a 6 de agosto em Lisboa.<\/p>\n<p>As respons\u00e1veis pela produ\u00e7\u00e3o das h\u00f3stias s\u00e3o as irm\u00e3s clarissas do Mosteiro do Imaculado Cora\u00e7\u00e3o de Maria, em Lisboa. O mosteiro fica no local onde santa Jacinta Marto, uma das videntes de F\u00e1tima, viveu por alguns dias antes de morrer, em 1920.<\/p>\n<p>O atual mosteiro do Imaculado Cora\u00e7\u00e3o de Maria ocupa dois edif\u00edcios na freguesia da Estrela, em Lisboa. Em um deles, funcionou o orfanato gerido pela terciaria franciscana Maria da Concei\u00e7\u00e3o Godinho, conhecida como madre Godinho. Ela recebeu a pastorinha Jacinta Marto em janeiro de 1920. Ali, a menina viveu alguns dias antes de ser internada no Hospital Rainha D. Eug\u00eania, onde morreu em 20 de fevereiro daquele ano, de gripe espanhola.<\/p>\n<p>Desde 1980, o edif\u00edcio \u00e9 o mosteiro das irm\u00e3s clarissas, mas ainda conserva o quarto onde Jacinta foi acolhida.(ACI)<\/p>\n<p>Imagem ilustrativa \/ Unsplash<\/p>\n","protected":false},"excerpt":{"rendered":"<p>A Associa\u00e7\u00e3o Nacional de Produtores de Proteaginosas, Oleaginosas e Cereais (ANPOC) de Portugal doou duas toneladas de trigo para fazer as h\u00f3stias da Jornada Mundial da Juventude (JMJ) Lisboa 2023. As h\u00f3stias est\u00e3o sendo feitas pelas irm\u00e3s clarissas do Mosteiro do Imaculado Cora\u00e7\u00e3o de Maria, em Lisboa. \u201c\u00c9 um trigo nacional que teve que obedecer&nbsp;<\/p>\n<p><a class=\"btn btn-style\" href=\"http:\/\/portalcatolico.net\/portal\/associacao-de-agricultores-doa-duas-toneladas-para-fazer-hostias-para-a-jmj\/\">Continue Reading<\/a><\/p>\n","protected":false},"author":2,"featured_media":78286,"comment_status":"open","ping_status":"open","sticky":false,"template":"","format":"standard","meta":{"footnotes":""},"categories":[5],"tags":[],"class_list":["post-78285","post","type-post","status-publish","format-standard","has-post-thumbnail","hentry","category-igreja_no_mundo"],"_links":{"self":[{"href":"http:\/\/portalcatolico.net\/portal\/wp-json\/wp\/v2\/posts\/78285","targetHints":{"allow":["GET"]}}],"collection":[{"href":"http:\/\/portalcatolico.net\/portal\/wp-json\/wp\/v2\/posts"}],"about":[{"href":"http:\/\/portalcatolico.net\/portal\/wp-json\/wp\/v2\/types\/post"}],"author":[{"embeddable":true,"href":"http:\/\/portalcatolico.net\/portal\/wp-json\/wp\/v2\/users\/2"}],"replies":[{"embeddable":true,"href":"http:\/\/portalcatolico.net\/portal\/wp-json\/wp\/v2\/comments?post=78285"}],"version-history":[{"count":1,"href":"http:\/\/portalcatolico.net\/portal\/wp-json\/wp\/v2\/posts\/78285\/revisions"}],"predecessor-version":[{"id":78287,"href":"http:\/\/portalcatolico.net\/portal\/wp-json\/wp\/v2\/posts\/78285\/revisions\/78287"}],"wp:featuredmedia":[{"embeddable":true,"href":"http:\/\/portalcatolico.net\/portal\/wp-json\/wp\/v2\/media\/78286"}],"wp:attachment":[{"href":"http:\/\/portalcatolico.net\/portal\/wp-json\/wp\/v2\/media?parent=78285"}],"wp:term":[{"taxonomy":"category","embeddable":true,"href":"http:\/\/portalcatolico.net\/portal\/wp-json\/wp\/v2\/categories?post=78285"},{"taxonomy":"post_tag","embeddable":true,"href":"http:\/\/portalcatolico.net\/portal\/wp-json\/wp\/v2\/tags?post=78285"}],"curies":[{"name":"wp","href":"https:\/\/api.w.org\/{rel}","templated":true}]}}