{"id":78282,"date":"2023-06-26T18:47:51","date_gmt":"2023-06-26T21:47:51","guid":{"rendered":"http:\/\/portalcatolico.net\/portal\/?p=78282"},"modified":"2023-06-26T18:47:51","modified_gmt":"2023-06-26T21:47:51","slug":"apos-a-hospitalizacao-a-gratidao-do-papa-aos-funcionarios-do-hospital-gemelli","status":"publish","type":"post","link":"http:\/\/portalcatolico.net\/portal\/apos-a-hospitalizacao-a-gratidao-do-papa-aos-funcionarios-do-hospital-gemelli\/","title":{"rendered":"Ap\u00f3s a hospitaliza\u00e7\u00e3o, a gratid\u00e3o do Papa aos funcion\u00e1rios do Hospital Gemelli"},"content":{"rendered":"<div class=\"article__subTitle\">\u201cNaquele local de sofrimento e esperan\u00e7a, mais uma vez pude gozar de um clima familiar, fraterno e hospitaleiro, que muito me ajudou a restabelecer-me depois da opera\u00e7\u00e3o. A toda a comunidade do Gemelli, vai o meu sentido reconhecimento pela proximidade humana e espiritual.&#8221;<\/div>\n<div>\n<p>Atrav\u00e9s de uma carta, o Papa manifestou sua gratid\u00e3o pela solicitude e aten\u00e7\u00e3o que lhe foram manifestadas durante seus dias de hospitaliza\u00e7\u00e3o no Hospital Gemelli.<\/p>\n<p>Francisco ficou internado de 7 a 16 de junho para uma opera\u00e7\u00e3o no intestino. Ao deixar a Policl\u00ednica, endere\u00e7ou uma carta ao diretor-geral, Dr. Marco Elefanti, a quem chama de &#8220;querido irm\u00e3o&#8221;.<\/p>\n<p>\u201cNaquele local de sofrimento e esperan\u00e7a, mais uma vez pude gozar de um clima familiar, fraterno e hospitaleiro, que muito me ajudou a restabelecer-me depois da opera\u00e7\u00e3o. A toda a comunidade do Gemelli, vai o meu sentido reconhecimento pela proximidade humana e espiritual.&#8221;<\/p>\n<p>Ao receber a missiva, Dr. Marco Elefanti compartilhou com todos os funcion\u00e1rios &#8220;a alegria e a como\u00e7\u00e3o pelas palavras do Santo Padre&#8221;.&nbsp;<\/p>\n<p>Nos boletins di\u00e1rios, mais de uma vez manifestou-se a gratid\u00e3o de Francisco pelo profissionalismo e dedica\u00e7\u00e3o dos m\u00e9dicos e enfermeiros em aliviar o sofrimento n\u00e3o s\u00f3 com rem\u00e9dios, mas tamb\u00e9m com &#8220;ternura e humanidade&#8221;. \u00c0 equipe m\u00e9dica, aos enfermeiros, aos agentes sociossanit\u00e1rios e aos assistentes espirituais que diariamente tocam a dor com as m\u00e3os, aliviando o seu peso, o Papa expressou o seu reconhecimento pela proximidade e pelas ora\u00e7\u00f5es.<\/p>\n<\/div>\n<div class=\"title__separator\"><b>Fonte:Vatican News<\/b><\/div>\n","protected":false},"excerpt":{"rendered":"<p>\u201cNaquele local de sofrimento e esperan\u00e7a, mais uma vez pude gozar de um clima familiar, fraterno e hospitaleiro, que muito me ajudou a restabelecer-me depois da opera\u00e7\u00e3o. A toda a comunidade do Gemelli, vai o meu sentido reconhecimento pela proximidade humana e espiritual.&#8221; Atrav\u00e9s de uma carta, o Papa manifestou sua gratid\u00e3o pela solicitude e&nbsp;<\/p>\n<p><a class=\"btn btn-style\" href=\"http:\/\/portalcatolico.net\/portal\/apos-a-hospitalizacao-a-gratidao-do-papa-aos-funcionarios-do-hospital-gemelli\/\">Continue Reading<\/a><\/p>\n","protected":false},"author":2,"featured_media":78283,"comment_status":"open","ping_status":"open","sticky":false,"template":"","format":"standard","meta":{"footnotes":""},"categories":[5],"tags":[],"class_list":["post-78282","post","type-post","status-publish","format-standard","has-post-thumbnail","hentry","category-igreja_no_mundo"],"_links":{"self":[{"href":"http:\/\/portalcatolico.net\/portal\/wp-json\/wp\/v2\/posts\/78282","targetHints":{"allow":["GET"]}}],"collection":[{"href":"http:\/\/portalcatolico.net\/portal\/wp-json\/wp\/v2\/posts"}],"about":[{"href":"http:\/\/portalcatolico.net\/portal\/wp-json\/wp\/v2\/types\/post"}],"author":[{"embeddable":true,"href":"http:\/\/portalcatolico.net\/portal\/wp-json\/wp\/v2\/users\/2"}],"replies":[{"embeddable":true,"href":"http:\/\/portalcatolico.net\/portal\/wp-json\/wp\/v2\/comments?post=78282"}],"version-history":[{"count":1,"href":"http:\/\/portalcatolico.net\/portal\/wp-json\/wp\/v2\/posts\/78282\/revisions"}],"predecessor-version":[{"id":78284,"href":"http:\/\/portalcatolico.net\/portal\/wp-json\/wp\/v2\/posts\/78282\/revisions\/78284"}],"wp:featuredmedia":[{"embeddable":true,"href":"http:\/\/portalcatolico.net\/portal\/wp-json\/wp\/v2\/media\/78283"}],"wp:attachment":[{"href":"http:\/\/portalcatolico.net\/portal\/wp-json\/wp\/v2\/media?parent=78282"}],"wp:term":[{"taxonomy":"category","embeddable":true,"href":"http:\/\/portalcatolico.net\/portal\/wp-json\/wp\/v2\/categories?post=78282"},{"taxonomy":"post_tag","embeddable":true,"href":"http:\/\/portalcatolico.net\/portal\/wp-json\/wp\/v2\/tags?post=78282"}],"curies":[{"name":"wp","href":"https:\/\/api.w.org\/{rel}","templated":true}]}}