{"id":78075,"date":"2023-05-25T14:21:16","date_gmt":"2023-05-25T17:21:16","guid":{"rendered":"http:\/\/portalcatolico.net\/portal\/?p=78075"},"modified":"2023-05-25T14:21:16","modified_gmt":"2023-05-25T17:21:16","slug":"festival-halleluya-em-fortaleza-anuncia-edicao-celebrativa-e-atracoes","status":"publish","type":"post","link":"http:\/\/portalcatolico.net\/portal\/festival-halleluya-em-fortaleza-anuncia-edicao-celebrativa-e-atracoes\/","title":{"rendered":"Festival Halleluya em Fortaleza anuncia edi\u00e7\u00e3o celebrativa e atra\u00e7\u00f5es"},"content":{"rendered":"<div class=\"texto-materia\">\n<p>A miss\u00e3o de Fortaleza se prepara para a festa mais esperada do ano! J\u00e1 foi anunciado o Festival Halleluya 2023, trazendo muitas atra\u00e7\u00f5es e espa\u00e7os que v\u00e3o encantar o p\u00fablico. Em sua edi\u00e7\u00e3o comemorativa de 25 anos, o evento ser\u00e1 realizado de 19 a 23 de julho, no Condom\u00ednio Espiritual Uirapuru (CEU), na capital cearense. O Halleluya \u00e9 considerado o maior festival de m\u00fasica cat\u00f3lica da Am\u00e9rica Latina. A entrada \u00e9 gratuita.<\/p>\n<p>Neste ano, a organiza\u00e7\u00e3o preparou uma programa\u00e7\u00e3o especial para celebrar o anivers\u00e1rio de 25 anos do festival. O p\u00fablico poder\u00e1 acompanhar shows de mais de 30 atra\u00e7\u00f5es como Padre F\u00e1bio de Melo, Banda Rosa de Saron, Mission\u00e1rio Shalom, Irm\u00e3 Kelly Patr\u00edcia, Jake Trevisan, Flavio Vitor Jr e a atra\u00e7\u00e3o internacional Banda Reale [Confira lista completa das atra\u00e7\u00f5es do palco Alive abaixo]. Tudo isso, al\u00e9m de outros nomes locais e nacionais de diversos estilos musicais, garantindo uma experi\u00eancia diversificada para os visitantes.<\/p>\n<p>A estrutura no Condom\u00ednio Espiritual Uirapuru proporcionar\u00e1 v\u00e1rios ambientes para os participantes do festival. Com amplas \u00e1reas de conviv\u00eancia, espa\u00e7os de ora\u00e7\u00e3o e uma grande arena para os shows, o local abrange os espa\u00e7os do Palco Alive, Espa\u00e7o da Miseric\u00f3rdia, Lounge, Halleluya Adventure, Halleluya Camping, Halleluya Solid\u00e1rio e a pra\u00e7a de alimenta\u00e7\u00e3o. E traz ainda novidades com o Espa\u00e7o Cultural, a Expo Halleluya e o retorno do Espa\u00e7o Games e do Halleluya Kids.<\/p>\n<p>O Festival Halleluya tamb\u00e9m se destaca por sua dimens\u00e3o social. Durante os cinco dias de evento, ser\u00e3o realizadas a\u00e7\u00f5es de solidariedade, como arrecada\u00e7\u00e3o de alimentos para doa\u00e7\u00e3o, al\u00e9m de coleta de sangue e cadastro de medula \u00f3ssea, em parceria com Hemoce.<\/p>\n<p>\u201cO Halleluya \u00e9 um grande bem. Um grande bem por meio da evangeliza\u00e7\u00e3o, um grande bem para a fam\u00edlia que participa do Halleluya, para os mais pobres e mais necessitados do Estado\u201d, destaca o padre e Assistente Local da Comunidade Cat\u00f3lica Shalom em Fortaleza, Silvio Scopel.<\/p>\n<p><strong>25 anos do Festival Halleluya<\/strong><\/p>\n<p>Desde as suas primeiras edi\u00e7\u00f5es, o Festival Halleluya j\u00e1 tem se consolidado no calend\u00e1rio de eventos da capital cearense. Com uma proposta de muita m\u00fasica, divers\u00e3o e espiritualidade, o evento se destaca por promover uma experi\u00eancia com Jesus Cristo por meio das diversas atividades e servi\u00e7os oferecidos no Festival. Ao longo dos anos, s\u00e3o in\u00fameros os testemunhos de mudan\u00e7a de vida e aprofundamento na f\u00e9 ocorridos na Arena Halleluya.<\/p>\n<p>Comemorando os 25 anos de Festival, a Comunidade Cat\u00f3lica Shalom preparou um \u201cShow 25 anos\u201d com uma programa\u00e7\u00e3o musical que conta com a presen\u00e7a de artistas que fizeram hist\u00f3ria no evento. Dentre os confirmados est\u00e3o Celina Borges e Eugenio Jorge.<\/p>\n<p>A organiza\u00e7\u00e3o do evento promete divulgar ainda muitas novidades para o Festival deste ano ao longo das semanas que antecedem a \u2018festa que nunca acaba\u2019. Voc\u00ea pode se manter informado aqui no portal comshalom, acessar o site oficial, ou seguir o perfil @festivalhalleluya no Instagram. O evento tamb\u00e9m ter\u00e1 transmiss\u00e3o ao vivo pelo youtube, para ningu\u00e9m ficar de fora dessa grande festa.<br \/>\nLine up do Palco Alive<\/p>\n<p>Confira as atra\u00e7\u00f5es confirmadas do Palco Alive na edi\u00e7\u00e3o deste ano. Lembrando que ainda divulgaremos as atra\u00e7\u00f5es que se apresentar\u00e3o nos outros espa\u00e7os do Halleluya.<\/p>\n<h4>Quarta | 19 de julho<\/h4>\n<p>Fl\u00e1vio Vitor Jr.<br \/>\nDiego Fernandes<br \/>\nBanda Rosa de Saron<\/p>\n<h4>Quinta | 20 de julho<\/h4>\n<h4>Entretons<\/h4>\n<p>Ana Gabriela<br \/>\nDavidson Silva<br \/>\nThiago Brado<\/p>\n<h4>Sexta | 21 de julho<\/h4>\n<p>Banda Reale<br \/>\nSuely Fa\u00e7anha<br \/>\nAdriana Arydes<br \/>\nPadre Fabio de Melo<br \/>\nAdora\u00e7\u00e3o e Vida<\/p>\n<h4>S\u00e1bado | 22 de julho<\/h4>\n<p>Amor e Adora\u00e7\u00e3o<br \/>\nYuri Costa<br \/>\nNaldo Jos\u00e9<br \/>\nMission\u00e1rio Shalom<br \/>\nCosme<br \/>\nJake Trevisan<\/p>\n<h4>Domingo | 23 de julho<\/h4>\n<p>Irm\u00e3 Kelly Patricia<br \/>\nShow 25 anos (L\u00e9o Dominus, Ziza Fernandes, Eug\u00eanio Jorge e Celina Borges)<\/p>\n<h4>Servi\u00e7o<\/h4>\n<h4>Festival Halleluya: Comunidade Shalom anuncia edi\u00e7\u00e3o celebrativa de 25 anos com Pe. F\u00e1bio de Melo, Banda Rosa de Saron e atra\u00e7\u00e3o internacional<\/h4>\n<p>Quando: 19 a 23 de julho de 2023<\/p>\n<p>Onde: CEU (Condom\u00ednio Espiritual Uirapuru) \u2013 Av. Alberto Craveiro, 2222 \u2013 Castel\u00e3o, Fortaleza \u2013 CE.<\/p>\n<p>Entrada gratuita.<\/p>\n<p>Fonte: <a href=\"https:\/\/comshalom.org\/festival-halleluya-em-fortaleza-anuncia-edicao-celebrativa-e-atracoes\/\">https:\/\/comshalom.org\/festival-halleluya-em-fortaleza-anuncia-edicao-celebrativa-e-atracoes\/<\/a><\/div>\n<div class=\"botao-curtir-facebook\">\n<div id=\"fb-root\" class=\" fb_reset\">\n<div>\n<div>&nbsp;<\/div>\n<\/div>\n<\/div>\n<div class=\"fb-like fb_iframe_widget\" data-href=\"https:\/\/facebook.com\/fecatolicabr\/\" data-width=\"\" data-layout=\"button\" data-action=\"like\" data-size=\"large\" data-share=\"true\">&nbsp;<\/div>\n<\/div>\n","protected":false},"excerpt":{"rendered":"<p>A miss\u00e3o de Fortaleza se prepara para a festa mais esperada do ano! J\u00e1 foi anunciado o Festival Halleluya 2023, trazendo muitas atra\u00e7\u00f5es e espa\u00e7os que v\u00e3o encantar o p\u00fablico. Em sua edi\u00e7\u00e3o comemorativa de 25 anos, o evento ser\u00e1 realizado de 19 a 23 de julho, no Condom\u00ednio Espiritual Uirapuru (CEU), na capital cearense.&nbsp;<\/p>\n<p><a class=\"btn btn-style\" href=\"http:\/\/portalcatolico.net\/portal\/festival-halleluya-em-fortaleza-anuncia-edicao-celebrativa-e-atracoes\/\">Continue Reading<\/a><\/p>\n","protected":false},"author":2,"featured_media":78077,"comment_status":"open","ping_status":"open","sticky":false,"template":"","format":"standard","meta":{"footnotes":""},"categories":[4],"tags":[],"class_list":["post-78075","post","type-post","status-publish","format-standard","has-post-thumbnail","hentry","category-destaques"],"_links":{"self":[{"href":"http:\/\/portalcatolico.net\/portal\/wp-json\/wp\/v2\/posts\/78075","targetHints":{"allow":["GET"]}}],"collection":[{"href":"http:\/\/portalcatolico.net\/portal\/wp-json\/wp\/v2\/posts"}],"about":[{"href":"http:\/\/portalcatolico.net\/portal\/wp-json\/wp\/v2\/types\/post"}],"author":[{"embeddable":true,"href":"http:\/\/portalcatolico.net\/portal\/wp-json\/wp\/v2\/users\/2"}],"replies":[{"embeddable":true,"href":"http:\/\/portalcatolico.net\/portal\/wp-json\/wp\/v2\/comments?post=78075"}],"version-history":[{"count":1,"href":"http:\/\/portalcatolico.net\/portal\/wp-json\/wp\/v2\/posts\/78075\/revisions"}],"predecessor-version":[{"id":78078,"href":"http:\/\/portalcatolico.net\/portal\/wp-json\/wp\/v2\/posts\/78075\/revisions\/78078"}],"wp:featuredmedia":[{"embeddable":true,"href":"http:\/\/portalcatolico.net\/portal\/wp-json\/wp\/v2\/media\/78077"}],"wp:attachment":[{"href":"http:\/\/portalcatolico.net\/portal\/wp-json\/wp\/v2\/media?parent=78075"}],"wp:term":[{"taxonomy":"category","embeddable":true,"href":"http:\/\/portalcatolico.net\/portal\/wp-json\/wp\/v2\/categories?post=78075"},{"taxonomy":"post_tag","embeddable":true,"href":"http:\/\/portalcatolico.net\/portal\/wp-json\/wp\/v2\/tags?post=78075"}],"curies":[{"name":"wp","href":"https:\/\/api.w.org\/{rel}","templated":true}]}}