{"id":77436,"date":"2023-02-09T19:36:06","date_gmt":"2023-02-09T22:36:06","guid":{"rendered":"http:\/\/portalcatolico.net\/portal\/?p=77436"},"modified":"2023-02-10T19:36:35","modified_gmt":"2023-02-10T22:36:35","slug":"convite-encontro-de-formacao-vai-acontecer-em-ibicarai","status":"publish","type":"post","link":"http:\/\/portalcatolico.net\/portal\/convite-encontro-de-formacao-vai-acontecer-em-ibicarai\/","title":{"rendered":"Convite: Encontro de Forma\u00e7\u00e3o vai acontecer em Ibicara\u00ed"},"content":{"rendered":"<div dir=\"auto\">A Par\u00f3quia Senhor Deus Menino de Ibicara\u00ed (BA) convida a todos para participarem do Encontro de Forma\u00e7\u00e3o Miss\u00f5es (Forma\u00e7\u00e3o para as santas miss\u00f5es, redentoristas que acontecer\u00e3o na par\u00f3quia).<\/div>\n<div dir=\"auto\">Na Comunidade da Sede, o encontro acontecer\u00e1 no dia 10\/02, \u00e0s 19h na igreja matriz. Na Comunidade dos distritos, vai acontecer no fia 11\/02, \u00e0s 14h, na Capela Santa Isabel.<\/div>\n<p>Participe desse grande marco na hist\u00f3ria de 90 anos da par\u00f3quia!<\/p>\n","protected":false},"excerpt":{"rendered":"<p>A Par\u00f3quia Senhor Deus Menino de Ibicara\u00ed (BA) convida a todos para participarem do Encontro de Forma\u00e7\u00e3o Miss\u00f5es (Forma\u00e7\u00e3o para as santas miss\u00f5es, redentoristas que acontecer\u00e3o na par\u00f3quia). Na Comunidade da Sede, o encontro acontecer\u00e1 no dia 10\/02, \u00e0s 19h na igreja matriz. Na Comunidade dos distritos, vai acontecer no fia 11\/02, \u00e0s 14h, na&nbsp;<\/p>\n<p><a class=\"btn btn-style\" href=\"http:\/\/portalcatolico.net\/portal\/convite-encontro-de-formacao-vai-acontecer-em-ibicarai\/\">Continue Reading<\/a><\/p>\n","protected":false},"author":2,"featured_media":77437,"comment_status":"open","ping_status":"open","sticky":false,"template":"","format":"standard","meta":{"footnotes":""},"categories":[4],"tags":[],"class_list":["post-77436","post","type-post","status-publish","format-standard","has-post-thumbnail","hentry","category-destaques"],"_links":{"self":[{"href":"http:\/\/portalcatolico.net\/portal\/wp-json\/wp\/v2\/posts\/77436","targetHints":{"allow":["GET"]}}],"collection":[{"href":"http:\/\/portalcatolico.net\/portal\/wp-json\/wp\/v2\/posts"}],"about":[{"href":"http:\/\/portalcatolico.net\/portal\/wp-json\/wp\/v2\/types\/post"}],"author":[{"embeddable":true,"href":"http:\/\/portalcatolico.net\/portal\/wp-json\/wp\/v2\/users\/2"}],"replies":[{"embeddable":true,"href":"http:\/\/portalcatolico.net\/portal\/wp-json\/wp\/v2\/comments?post=77436"}],"version-history":[{"count":1,"href":"http:\/\/portalcatolico.net\/portal\/wp-json\/wp\/v2\/posts\/77436\/revisions"}],"predecessor-version":[{"id":77438,"href":"http:\/\/portalcatolico.net\/portal\/wp-json\/wp\/v2\/posts\/77436\/revisions\/77438"}],"wp:featuredmedia":[{"embeddable":true,"href":"http:\/\/portalcatolico.net\/portal\/wp-json\/wp\/v2\/media\/77437"}],"wp:attachment":[{"href":"http:\/\/portalcatolico.net\/portal\/wp-json\/wp\/v2\/media?parent=77436"}],"wp:term":[{"taxonomy":"category","embeddable":true,"href":"http:\/\/portalcatolico.net\/portal\/wp-json\/wp\/v2\/categories?post=77436"},{"taxonomy":"post_tag","embeddable":true,"href":"http:\/\/portalcatolico.net\/portal\/wp-json\/wp\/v2\/tags?post=77436"}],"curies":[{"name":"wp","href":"https:\/\/api.w.org\/{rel}","templated":true}]}}