{"id":77429,"date":"2023-02-07T21:53:37","date_gmt":"2023-02-08T00:53:37","guid":{"rendered":"http:\/\/portalcatolico.net\/portal\/?p=77429"},"modified":"2023-02-07T21:57:52","modified_gmt":"2023-02-08T00:57:52","slug":"bispo-da-diocese-de-ilheus-nomeia-e-transfere-novos-parocos","status":"publish","type":"post","link":"http:\/\/portalcatolico.net\/portal\/bispo-da-diocese-de-ilheus-nomeia-e-transfere-novos-parocos\/","title":{"rendered":"Bispo da Diocese de Ilh\u00e9us nomeia e transfere novos p\u00e1rocos"},"content":{"rendered":"<div dir=\"auto\">O Bispo da Diocese de Ilh\u00e9us (BA), Dom Giovanni Crippa, est\u00e1 promovendo o remanejamento de padres que atuam em par\u00f3quias de 26 munic\u00edpios que formam a \u00e1rea de abrang\u00eancia da Diocese de Ilh\u00e9us. O decreto de nomea\u00e7\u00e3o e transfer\u00eancias dos titulares das par\u00f3quias foi assinado recentemente pelo Bispo Diocesano e pelo Padre Irismar Silva Moraes, Vice-Chanceler da C\u00faria Diocesana.<\/div>\n<div dir=\"auto\">&nbsp;<\/div>\n<div dir=\"auto\">A Diocese de Ilh\u00e9us \u00e9 &nbsp;composta por sete Foranias (Ilh\u00e9us-Norte, Ilh\u00e9us-Sul, Leste, Litor\u00e2nea, Norte, Oeste, Sul) que juntas, somam quarenta e duas par\u00f3quias, nos munic\u00edpios: Almadina, Aurelino Leal, Barra do Rocha, Barro Preto, Camamu, Coaraci, Gandu, Gongogi, Ibirapitanga, Ibirataia, Igrapi\u00fana, Ilh\u00e9us, Ipia\u00fa, Itacar\u00e9, Itaju\u00edpe, Itamari, Itapitanga, Ituber\u00e1, Mara\u00fa, Nova Ibi\u00e1, Pirai do Norte, Teol\u00e2ndia, Ubaitaba, Ubat\u00e3, Uru\u00e7uca e Wenceslau Guimar\u00e3es, sendo que na cidade de Ilh\u00e9us, est\u00e3o localizadas 14 par\u00f3quias, que comp\u00f5em as Foranias Ilh\u00e9us Norte e Ilh\u00e9us Sul.<\/div>\n<div id=\"v1ms-outlook-mobile-signature\" dir=\"auto\">\n<div dir=\"auto\">Confira no link abaixo!<\/div>\n<div dir=\"auto\"><a href=\"http:\/\/portalcatolico.net\/portal\/wp-content\/uploads\/2023\/02\/Agenda-Posses-2023-1-1.pdf\">Agenda Posses 2023<\/a><\/div>\n<\/div>\n","protected":false},"excerpt":{"rendered":"<p>O Bispo da Diocese de Ilh\u00e9us (BA), Dom Giovanni Crippa, est\u00e1 promovendo o remanejamento de padres que atuam em par\u00f3quias de 26 munic\u00edpios que formam a \u00e1rea de abrang\u00eancia da Diocese de Ilh\u00e9us. O decreto de nomea\u00e7\u00e3o e transfer\u00eancias dos titulares das par\u00f3quias foi assinado recentemente pelo Bispo Diocesano e pelo Padre Irismar Silva Moraes,&nbsp;<\/p>\n<p><a class=\"btn btn-style\" href=\"http:\/\/portalcatolico.net\/portal\/bispo-da-diocese-de-ilheus-nomeia-e-transfere-novos-parocos\/\">Continue Reading<\/a><\/p>\n","protected":false},"author":2,"featured_media":77434,"comment_status":"open","ping_status":"open","sticky":false,"template":"","format":"standard","meta":{"footnotes":""},"categories":[4],"tags":[],"class_list":["post-77429","post","type-post","status-publish","format-standard","has-post-thumbnail","hentry","category-destaques"],"_links":{"self":[{"href":"http:\/\/portalcatolico.net\/portal\/wp-json\/wp\/v2\/posts\/77429","targetHints":{"allow":["GET"]}}],"collection":[{"href":"http:\/\/portalcatolico.net\/portal\/wp-json\/wp\/v2\/posts"}],"about":[{"href":"http:\/\/portalcatolico.net\/portal\/wp-json\/wp\/v2\/types\/post"}],"author":[{"embeddable":true,"href":"http:\/\/portalcatolico.net\/portal\/wp-json\/wp\/v2\/users\/2"}],"replies":[{"embeddable":true,"href":"http:\/\/portalcatolico.net\/portal\/wp-json\/wp\/v2\/comments?post=77429"}],"version-history":[{"count":4,"href":"http:\/\/portalcatolico.net\/portal\/wp-json\/wp\/v2\/posts\/77429\/revisions"}],"predecessor-version":[{"id":77435,"href":"http:\/\/portalcatolico.net\/portal\/wp-json\/wp\/v2\/posts\/77429\/revisions\/77435"}],"wp:featuredmedia":[{"embeddable":true,"href":"http:\/\/portalcatolico.net\/portal\/wp-json\/wp\/v2\/media\/77434"}],"wp:attachment":[{"href":"http:\/\/portalcatolico.net\/portal\/wp-json\/wp\/v2\/media?parent=77429"}],"wp:term":[{"taxonomy":"category","embeddable":true,"href":"http:\/\/portalcatolico.net\/portal\/wp-json\/wp\/v2\/categories?post=77429"},{"taxonomy":"post_tag","embeddable":true,"href":"http:\/\/portalcatolico.net\/portal\/wp-json\/wp\/v2\/tags?post=77429"}],"curies":[{"name":"wp","href":"https:\/\/api.w.org\/{rel}","templated":true}]}}