{"id":76917,"date":"2022-11-18T20:55:24","date_gmt":"2022-11-18T23:55:24","guid":{"rendered":"http:\/\/portalcatolico.net\/portal\/?p=76917"},"modified":"2022-11-18T21:12:23","modified_gmt":"2022-11-19T00:12:23","slug":"itabuna-vocacao-e-o-tema-da-34-assembleia-que-a-diocese-promove-sabado-dia-19","status":"publish","type":"post","link":"http:\/\/portalcatolico.net\/portal\/itabuna-vocacao-e-o-tema-da-34-assembleia-que-a-diocese-promove-sabado-dia-19\/","title":{"rendered":"Itabuna: Voca\u00e7\u00e3o \u00e9 o tema da 34\u00b0 Assembleia que a Diocese promove s\u00e1bado, dia 19"},"content":{"rendered":"<p><img loading=\"lazy\" decoding=\"async\" class=\"size-medium wp-image-76923 alignleft\" src=\"http:\/\/portalcatolico.net\/portal\/wp-content\/uploads\/2022\/11\/c67a2c5c-6697-47bb-b154-163df2e4394c-225x300.jpg\" alt=\"\" width=\"225\" height=\"300\" srcset=\"http:\/\/portalcatolico.net\/portal\/wp-content\/uploads\/2022\/11\/c67a2c5c-6697-47bb-b154-163df2e4394c-225x300.jpg 225w, http:\/\/portalcatolico.net\/portal\/wp-content\/uploads\/2022\/11\/c67a2c5c-6697-47bb-b154-163df2e4394c.jpg 768w\" sizes=\"auto, (max-width: 225px) 100vw, 225px\" \/>&#8220;Voca\u00e7\u00e3o: gra\u00e7a e miss\u00e3o&#8221; \u00e9 o tema central da 34\u00b0 Assembleia Diocesana prevista para ocorrer neste final de semana em Itabuna. Promovida pela Diocese de Itabuna, encontro ser\u00e1 aberto na manh\u00e3 deste s\u00e1bado 19, pelo bispo Dom Carlos Alberto dos Santos.<br \/>\nO encontro, que ocorre anualmente, mobilizar\u00e1&nbsp;p\u00e1rocos, di\u00e1conos, administradores paroquiais, vig\u00e1rios paroquiais, coordenadores de pastorais e membros de movimentos das trinta e tr\u00eas par\u00f3quias e tr\u00eas quase-par\u00f3quias que comp\u00f5em a Diocese&nbsp;de Itabuna em 19 munic\u00edpios no sul da Bahia. Eles estar\u00e3o reunidos no Centro Pastoral Diocesano, no bairro Jardim Vit\u00f3ria, at\u00e9 o final da tarde do domingo, dia 20.<br \/>\nDurante a Assembleia Diocesana de Pastoral, os integrantes dos movimentos da Diocese de Itabuna&nbsp;ir\u00e3o avaliar as metas estabelecidas ano passado. Ap\u00f3s realiza\u00e7\u00e3o de palestras e reuni\u00f5es de grupos, elaborar\u00e3o as a\u00e7\u00f5es que ser\u00e3o desenvolvidas em 2023.<br \/>\n\u201cVoca\u00e7\u00e3o: gra\u00e7a e miss\u00e3o\u201d&nbsp;\u00e9 tamb\u00e9m o tema central do Ano Vocacional Nacional, que tem como lema \u201ccora\u00e7\u00f5es ardentes, p\u00e9s a caminho\u201d, com base no cap\u00edtulo 24, vers\u00edculos 32 e 33 do Evangelho de S\u00e3o Lucas.&nbsp;O Ano Vocacional se iniciar\u00e1 no domingo, dia 20. Neste dia, a Igreja celebrar\u00e1 a solenidade de Nosso Senhor Jesus Cristo, Rei do Universo.(blogbene)<\/p>\n<p>Fotos: Tiago Sousa\/Pascom<\/p>\n<p><img loading=\"lazy\" decoding=\"async\" class=\"alignnone size-medium wp-image-76921\" src=\"http:\/\/portalcatolico.net\/portal\/wp-content\/uploads\/2022\/11\/259684fd-7429-489b-af5e-d95d8f965271-300x225.jpg\" alt=\"\" width=\"300\" height=\"225\" srcset=\"http:\/\/portalcatolico.net\/portal\/wp-content\/uploads\/2022\/11\/259684fd-7429-489b-af5e-d95d8f965271-300x225.jpg 300w, http:\/\/portalcatolico.net\/portal\/wp-content\/uploads\/2022\/11\/259684fd-7429-489b-af5e-d95d8f965271-768x576.jpg 768w, http:\/\/portalcatolico.net\/portal\/wp-content\/uploads\/2022\/11\/259684fd-7429-489b-af5e-d95d8f965271.jpg 1024w\" sizes=\"auto, (max-width: 300px) 100vw, 300px\" \/> <img loading=\"lazy\" decoding=\"async\" class=\"alignnone size-medium wp-image-76922\" src=\"http:\/\/portalcatolico.net\/portal\/wp-content\/uploads\/2022\/11\/b0ba751b-c70d-4cc6-8bb2-033d620c77fa-300x225.jpg\" alt=\"\" width=\"300\" height=\"225\" srcset=\"http:\/\/portalcatolico.net\/portal\/wp-content\/uploads\/2022\/11\/b0ba751b-c70d-4cc6-8bb2-033d620c77fa-300x225.jpg 300w, http:\/\/portalcatolico.net\/portal\/wp-content\/uploads\/2022\/11\/b0ba751b-c70d-4cc6-8bb2-033d620c77fa-768x576.jpg 768w, http:\/\/portalcatolico.net\/portal\/wp-content\/uploads\/2022\/11\/b0ba751b-c70d-4cc6-8bb2-033d620c77fa.jpg 1024w\" sizes=\"auto, (max-width: 300px) 100vw, 300px\" \/> <img loading=\"lazy\" decoding=\"async\" class=\"alignnone size-medium wp-image-76924\" src=\"http:\/\/portalcatolico.net\/portal\/wp-content\/uploads\/2022\/11\/de1c8cb8-6abd-4e91-b4da-156fe8bcb505-300x225.jpg\" alt=\"\" width=\"300\" height=\"225\" srcset=\"http:\/\/portalcatolico.net\/portal\/wp-content\/uploads\/2022\/11\/de1c8cb8-6abd-4e91-b4da-156fe8bcb505-300x225.jpg 300w, http:\/\/portalcatolico.net\/portal\/wp-content\/uploads\/2022\/11\/de1c8cb8-6abd-4e91-b4da-156fe8bcb505-768x576.jpg 768w, http:\/\/portalcatolico.net\/portal\/wp-content\/uploads\/2022\/11\/de1c8cb8-6abd-4e91-b4da-156fe8bcb505.jpg 1024w\" sizes=\"auto, (max-width: 300px) 100vw, 300px\" \/> <img loading=\"lazy\" decoding=\"async\" class=\"alignnone size-medium wp-image-76925\" src=\"http:\/\/portalcatolico.net\/portal\/wp-content\/uploads\/2022\/11\/2bf49b2d-ae15-40ec-a5e6-766bccd5252c-300x225.jpg\" alt=\"\" width=\"300\" height=\"225\" srcset=\"http:\/\/portalcatolico.net\/portal\/wp-content\/uploads\/2022\/11\/2bf49b2d-ae15-40ec-a5e6-766bccd5252c-300x225.jpg 300w, http:\/\/portalcatolico.net\/portal\/wp-content\/uploads\/2022\/11\/2bf49b2d-ae15-40ec-a5e6-766bccd5252c-768x576.jpg 768w, http:\/\/portalcatolico.net\/portal\/wp-content\/uploads\/2022\/11\/2bf49b2d-ae15-40ec-a5e6-766bccd5252c.jpg 1024w\" sizes=\"auto, (max-width: 300px) 100vw, 300px\" \/><\/p>\n","protected":false},"excerpt":{"rendered":"<p>&#8220;Voca\u00e7\u00e3o: gra\u00e7a e miss\u00e3o&#8221; \u00e9 o tema central da 34\u00b0 Assembleia Diocesana prevista para ocorrer neste final de semana em Itabuna. Promovida pela Diocese de Itabuna, encontro ser\u00e1 aberto na manh\u00e3 deste s\u00e1bado 19, pelo bispo Dom Carlos Alberto dos Santos. O encontro, que ocorre anualmente, mobilizar\u00e1&nbsp;p\u00e1rocos, di\u00e1conos, administradores paroquiais, vig\u00e1rios paroquiais, coordenadores de pastorais&nbsp;<\/p>\n<p><a class=\"btn btn-style\" href=\"http:\/\/portalcatolico.net\/portal\/itabuna-vocacao-e-o-tema-da-34-assembleia-que-a-diocese-promove-sabado-dia-19\/\">Continue Reading<\/a><\/p>\n","protected":false},"author":2,"featured_media":76919,"comment_status":"open","ping_status":"open","sticky":false,"template":"","format":"standard","meta":{"footnotes":""},"categories":[4],"tags":[],"class_list":["post-76917","post","type-post","status-publish","format-standard","has-post-thumbnail","hentry","category-destaques"],"_links":{"self":[{"href":"http:\/\/portalcatolico.net\/portal\/wp-json\/wp\/v2\/posts\/76917","targetHints":{"allow":["GET"]}}],"collection":[{"href":"http:\/\/portalcatolico.net\/portal\/wp-json\/wp\/v2\/posts"}],"about":[{"href":"http:\/\/portalcatolico.net\/portal\/wp-json\/wp\/v2\/types\/post"}],"author":[{"embeddable":true,"href":"http:\/\/portalcatolico.net\/portal\/wp-json\/wp\/v2\/users\/2"}],"replies":[{"embeddable":true,"href":"http:\/\/portalcatolico.net\/portal\/wp-json\/wp\/v2\/comments?post=76917"}],"version-history":[{"count":4,"href":"http:\/\/portalcatolico.net\/portal\/wp-json\/wp\/v2\/posts\/76917\/revisions"}],"predecessor-version":[{"id":76927,"href":"http:\/\/portalcatolico.net\/portal\/wp-json\/wp\/v2\/posts\/76917\/revisions\/76927"}],"wp:featuredmedia":[{"embeddable":true,"href":"http:\/\/portalcatolico.net\/portal\/wp-json\/wp\/v2\/media\/76919"}],"wp:attachment":[{"href":"http:\/\/portalcatolico.net\/portal\/wp-json\/wp\/v2\/media?parent=76917"}],"wp:term":[{"taxonomy":"category","embeddable":true,"href":"http:\/\/portalcatolico.net\/portal\/wp-json\/wp\/v2\/categories?post=76917"},{"taxonomy":"post_tag","embeddable":true,"href":"http:\/\/portalcatolico.net\/portal\/wp-json\/wp\/v2\/tags?post=76917"}],"curies":[{"name":"wp","href":"https:\/\/api.w.org\/{rel}","templated":true}]}}