{"id":76450,"date":"2022-09-15T20:37:35","date_gmt":"2022-09-15T23:37:35","guid":{"rendered":"http:\/\/portalcatolico.net\/portal\/?p=76450"},"modified":"2022-09-15T20:37:35","modified_gmt":"2022-09-15T23:37:35","slug":"mais-de-20-mil-romeiros-celebram-nossa-senhora-da-soledade","status":"publish","type":"post","link":"http:\/\/portalcatolico.net\/portal\/mais-de-20-mil-romeiros-celebram-nossa-senhora-da-soledade\/","title":{"rendered":"Mais de 20 mil romeiros celebram Nossa Senhora da Soledade!"},"content":{"rendered":"<div class=\"v1PlainText\" dir=\"auto\">Hoje aconteceu o encerramento da Festa de Nossa Senhora da Soledade, direto da Igreja de Pedra e luz, uma das festas religiosas mais importantes do Oeste baiano. A Romaria da Nossa Senhora da Soledade j\u00e1 \u00e9 tradi\u00e7\u00e3o, acontece todos os anos e sempre, o dia 15 de setembro, \u00e9 o \u00faltimo dia da festa. A programa\u00e7\u00e3o come\u00e7ou no s\u00e1bado, dia 8&nbsp;de setembro. Durante os festejos, aconteceram v\u00e1rias celebra\u00e7\u00f5es e missas, todos os dias, \u00e0s 6h30 e 19h30.&nbsp;<\/div>\n<div class=\"v1PlainText\" dir=\"auto\">Neste ano, celebrou-se os 70 anos de devo\u00e7\u00e3o da M\u00e3e da soledade. Com o tema central da festa: &#8220;Bom Jesus, filho de Maria: caminho, verdade e vida&#8221;. E com o lema: &#8220;Escuta, meu filho, a instru\u00e7\u00e3o de teu pai e n\u00e3o desprezes o ensinamento de tua m\u00e3e&#8221; (Pr. 1,8). Com o Texto b\u00edblico: Jo\u00e3o 19,25-27 \u2013 Maria ao p\u00e9 da Cruz .<\/div>\n<div class=\"v1PlainText\" dir=\"auto\"><img loading=\"lazy\" decoding=\"async\" class=\"wp-image-76452 aligncenter\" src=\"http:\/\/portalcatolico.net\/portal\/wp-content\/uploads\/2022\/09\/b9ba53f3-3028-4aaa-a47f-9a411b8148a7-300x167.jpg\" alt=\"\" width=\"825\" height=\"459\" srcset=\"http:\/\/portalcatolico.net\/portal\/wp-content\/uploads\/2022\/09\/b9ba53f3-3028-4aaa-a47f-9a411b8148a7-300x167.jpg 300w, http:\/\/portalcatolico.net\/portal\/wp-content\/uploads\/2022\/09\/b9ba53f3-3028-4aaa-a47f-9a411b8148a7.jpg 720w\" sizes=\"auto, (max-width: 825px) 100vw, 825px\" \/><br \/>\nO presidente da celebra\u00e7\u00e3o foi Dom Jo\u00e3o Santos Cardoso, Bispo de Bom Jesus da Lapa\/BA. O&nbsp;pregador foi o Pe. Adilton Lopes, da Arquidiocese de S\u00e3o Salvador da Bahia.<br \/>\nAo todo, s\u00e3o 331 anos de romarias no Santu\u00e1rio do Bom Jesus da Lapa.<br \/>\nA programa\u00e7\u00e3o conta com santa missa, ter\u00e7o da miseric\u00f3rdia e muito louvores.<br \/>\nNeste dia festivo, estavam presentes, mais de 20 mil romeiros festejando.<br \/>\nA Romaria de Nossa Senhora da Soledade est\u00e1 entre uma das tr\u00eas mais aguardadas e que mais re\u00fanem fieis cat\u00f3licos, que participam para agradecer por gra\u00e7as alcan\u00e7adas ou para pedir b\u00ean\u00e7\u00e3os e gra\u00e7as, pela intercess\u00e3o dos santos cat\u00f3licos.<br \/>\n<img loading=\"lazy\" decoding=\"async\" class=\"wp-image-76453 aligncenter\" src=\"http:\/\/portalcatolico.net\/portal\/wp-content\/uploads\/2022\/09\/1bc86305-668b-4a59-9740-023304ba85db-1-300x186.jpg\" alt=\"\" width=\"827\" height=\"513\" srcset=\"http:\/\/portalcatolico.net\/portal\/wp-content\/uploads\/2022\/09\/1bc86305-668b-4a59-9740-023304ba85db-1-300x186.jpg 300w, http:\/\/portalcatolico.net\/portal\/wp-content\/uploads\/2022\/09\/1bc86305-668b-4a59-9740-023304ba85db-1.jpg 657w\" sizes=\"auto, (max-width: 827px) 100vw, 827px\" \/><br \/>\n<strong>Conhe\u00e7a a hist\u00f3ria de Nossa Senhora da Soledade<\/strong><\/div>\n<div class=\"v1PlainText\" dir=\"auto\">\nA devo\u00e7\u00e3o \u00e0 santa tem origem no encontro de Maria com Jesus, no calv\u00e1rio. Maria sofreu muito e nada se compara \u00e0 dor que sentiu quando viu seu filho sofrido, torturado, coroado de espinhos e carregando uma pesada cruz \u2013 dor t\u00e3o profunda que at\u00e9 hoje nos faz refletir, quando temos as nossas pr\u00f3prias dores.<\/div>\n<div class=\"v1PlainText\" dir=\"auto\">\nPor essa passagem, a Virgem Maria recebeu a denomina\u00e7\u00e3o de Senhora da Soledade \u2013 palavra que significa saudade, tristeza, solid\u00e3o. Nossa Senhora da Soledade \u00e9 tamb\u00e9m conhecida como Nossa Senhora das Dores, Nossa Senhora da Piedade, Nossa Senhora das Sete Dores, Nossa Senhora das L\u00e1grimas, Nossa Senhora das Ang\u00fastias, Nossa Senhora do Pranto e Nossa Senhora do Calv\u00e1rio.<br \/>\nEla nos passa uma forte mensagem e li\u00e7\u00e3o de vida: que assim como ela conseguiu passar por tudo, ao ver seu filho ser maltratado e morrer na cruz, n\u00f3s podemos tamb\u00e9m, ser fortes e passar por nossas prova\u00e7\u00f5es. Esse \u00e9 um motivo mais do que plaus\u00edvel e suficiente para que se participe da semana de celebra\u00e7\u00e3o e da romaria em homenagem \u00e0 santa \u2013 para agradecer pelos momentos em que conseguimos ser fortes e tamb\u00e9m para pedir que consigamos suportar as nossas dores e todos os obst\u00e1culos pelos quais teremos que passar.<\/div>\n<div class=\"v1PlainText\" dir=\"auto\">&nbsp;<\/div>\n<div class=\"v1PlainText\" dir=\"auto\"><strong>Curiosidades sobre a est\u00e1tua de Nossa Senhora da Soledade do Santu\u00e1rio do Bom Jesus da Lapa<\/strong><\/div>\n<div class=\"v1PlainText\" dir=\"auto\">\nA primeira imagem de Nossa Senhora da Soledade foi a levada pelo Monge Francisco, quando chegou ao morro, ela se encontrava em um altar na gruta, mas em um inc\u00eandio que houve na gruta, se queimou por completo. A imagem atual que est\u00e1 em um nicho de vidro, \u00e9 esculpida em madeira e tem 1m60 de altura, tamb\u00e9m foi queimada, em 1971 \u2013 acredita-se que por velas que foram deixadas acesas.<br \/>\nA imagem foi salva, parcialmente carbonizada e sem os olhos, e dessa forma, participou da prociss\u00e3o no ano seguinte, em 1972, durante a Festa de Nossa Senhora da Soledade. Mas, em 1973, uma escultora de Salvador, a Sra. Bernardina Braga, a restaurou. Ap\u00f3s 10 dias de trabalho, a imagem estava como nova.<\/div>\n<div dir=\"auto\">Fotos: Captura\/Youtube<\/div>\n","protected":false},"excerpt":{"rendered":"<p>Hoje aconteceu o encerramento da Festa de Nossa Senhora da Soledade, direto da Igreja de Pedra e luz, uma das festas religiosas mais importantes do Oeste baiano. A Romaria da Nossa Senhora da Soledade j\u00e1 \u00e9 tradi\u00e7\u00e3o, acontece todos os anos e sempre, o dia 15 de setembro, \u00e9 o \u00faltimo dia da festa. A&nbsp;<\/p>\n<p><a class=\"btn btn-style\" href=\"http:\/\/portalcatolico.net\/portal\/mais-de-20-mil-romeiros-celebram-nossa-senhora-da-soledade\/\">Continue Reading<\/a><\/p>\n","protected":false},"author":2,"featured_media":76451,"comment_status":"open","ping_status":"open","sticky":false,"template":"","format":"standard","meta":{"footnotes":""},"categories":[4],"tags":[],"class_list":["post-76450","post","type-post","status-publish","format-standard","has-post-thumbnail","hentry","category-destaques"],"_links":{"self":[{"href":"http:\/\/portalcatolico.net\/portal\/wp-json\/wp\/v2\/posts\/76450","targetHints":{"allow":["GET"]}}],"collection":[{"href":"http:\/\/portalcatolico.net\/portal\/wp-json\/wp\/v2\/posts"}],"about":[{"href":"http:\/\/portalcatolico.net\/portal\/wp-json\/wp\/v2\/types\/post"}],"author":[{"embeddable":true,"href":"http:\/\/portalcatolico.net\/portal\/wp-json\/wp\/v2\/users\/2"}],"replies":[{"embeddable":true,"href":"http:\/\/portalcatolico.net\/portal\/wp-json\/wp\/v2\/comments?post=76450"}],"version-history":[{"count":1,"href":"http:\/\/portalcatolico.net\/portal\/wp-json\/wp\/v2\/posts\/76450\/revisions"}],"predecessor-version":[{"id":76454,"href":"http:\/\/portalcatolico.net\/portal\/wp-json\/wp\/v2\/posts\/76450\/revisions\/76454"}],"wp:featuredmedia":[{"embeddable":true,"href":"http:\/\/portalcatolico.net\/portal\/wp-json\/wp\/v2\/media\/76451"}],"wp:attachment":[{"href":"http:\/\/portalcatolico.net\/portal\/wp-json\/wp\/v2\/media?parent=76450"}],"wp:term":[{"taxonomy":"category","embeddable":true,"href":"http:\/\/portalcatolico.net\/portal\/wp-json\/wp\/v2\/categories?post=76450"},{"taxonomy":"post_tag","embeddable":true,"href":"http:\/\/portalcatolico.net\/portal\/wp-json\/wp\/v2\/tags?post=76450"}],"curies":[{"name":"wp","href":"https:\/\/api.w.org\/{rel}","templated":true}]}}