{"id":76446,"date":"2022-09-15T20:30:39","date_gmt":"2022-09-15T23:30:39","guid":{"rendered":"http:\/\/portalcatolico.net\/portal\/?p=76446"},"modified":"2022-09-15T20:30:39","modified_gmt":"2022-09-15T23:30:39","slug":"fe-e-emocao-marcaram-a-festa-do-senhor-da-vera-cruz","status":"publish","type":"post","link":"http:\/\/portalcatolico.net\/portal\/fe-e-emocao-marcaram-a-festa-do-senhor-da-vera-cruz\/","title":{"rendered":"F\u00e9 e emo\u00e7\u00e3o marcaram a Festa do Senhor da Vera Cruz"},"content":{"rendered":"<p><iframe loading=\"lazy\"  id=\"_ytid_47053\"  width=\"480\" height=\"270\"  data-origwidth=\"480\" data-origheight=\"270\" src=\"https:\/\/www.youtube.com\/embed\/y0iAzEh_UJQ?enablejsapi=1&#038;autoplay=0&#038;cc_load_policy=0&#038;cc_lang_pref=&#038;iv_load_policy=1&#038;loop=0&#038;rel=1&#038;fs=1&#038;playsinline=0&#038;autohide=2&#038;theme=dark&#038;color=red&#038;controls=1&#038;disablekb=0&#038;\" class=\"__youtube_prefs__  epyt-is-override  no-lazyload\" title=\"YouTube player\"  allow=\"fullscreen; accelerometer; autoplay; clipboard-write; encrypted-media; gyroscope; picture-in-picture; web-share\" referrerpolicy=\"strict-origin-when-cross-origin\" allowfullscreen data-no-lazy=\"1\" data-skipgform_ajax_framebjll=\"\"><\/iframe><\/p>\n<p>No dia em que a Igreja celebrou a Festa da Exalta\u00e7\u00e3o da Santa Cruz, milhares de fi\u00e9is participaram dos louvores ao Senhor da Vera Cruz, Titular da Ilha de mesmo nome (regi\u00e3o da Forania 10). A Santa Missa, que teve in\u00edcio \u00e0s 10h, foi presidida pelo bispo auxiliar da Arquidiocese de S\u00e3o Salvador da Bahia, Dom Marco Eug\u00eanio Galr\u00e3o, nas ru\u00ednas \u2013 local onde foi constru\u00edda a primeira Igreja do munic\u00edpio e a segunda do Brasil.<\/p>\n<p>Logo ap\u00f3s a Celebra\u00e7\u00e3o Eucar\u00edstica, os fi\u00e9is sa\u00edram em prociss\u00e3o com as imagens do Senhor da Vera Cruz, de Nossa Senhora das Dores e de S\u00e3o Jos\u00e9. O percurso de cerca de 4Km foi animado pela fanfarra e por um trio el\u00e9trico, at\u00e9 a atual Igreja do Senhor da Vera Cruz.<\/p>\n<p>Fotos: Sara Gomes\/Arquidiocese de Salvador(BA)<\/p>\n<p>Clique <a href=\"https:\/\/arquidiocesesalvador.org.br\/fe-e-emocao-marcaram-a-festa-do-senhor-da-vera-cruz\/\"><strong>AQUI<\/strong><\/a> e confira o \u00e1lbuns de fotos<\/p>\n","protected":false},"excerpt":{"rendered":"<p>No dia em que a Igreja celebrou a Festa da Exalta\u00e7\u00e3o da Santa Cruz, milhares de fi\u00e9is participaram dos louvores ao Senhor da Vera Cruz, Titular da Ilha de mesmo nome (regi\u00e3o da Forania 10). A Santa Missa, que teve in\u00edcio \u00e0s 10h, foi presidida pelo bispo auxiliar da Arquidiocese de S\u00e3o Salvador da Bahia,&nbsp;<\/p>\n<p><a class=\"btn btn-style\" href=\"http:\/\/portalcatolico.net\/portal\/fe-e-emocao-marcaram-a-festa-do-senhor-da-vera-cruz\/\">Continue Reading<\/a><\/p>\n","protected":false},"author":2,"featured_media":76447,"comment_status":"open","ping_status":"open","sticky":false,"template":"","format":"standard","meta":{"footnotes":""},"categories":[4],"tags":[],"class_list":["post-76446","post","type-post","status-publish","format-standard","has-post-thumbnail","hentry","category-destaques"],"_links":{"self":[{"href":"http:\/\/portalcatolico.net\/portal\/wp-json\/wp\/v2\/posts\/76446","targetHints":{"allow":["GET"]}}],"collection":[{"href":"http:\/\/portalcatolico.net\/portal\/wp-json\/wp\/v2\/posts"}],"about":[{"href":"http:\/\/portalcatolico.net\/portal\/wp-json\/wp\/v2\/types\/post"}],"author":[{"embeddable":true,"href":"http:\/\/portalcatolico.net\/portal\/wp-json\/wp\/v2\/users\/2"}],"replies":[{"embeddable":true,"href":"http:\/\/portalcatolico.net\/portal\/wp-json\/wp\/v2\/comments?post=76446"}],"version-history":[{"count":1,"href":"http:\/\/portalcatolico.net\/portal\/wp-json\/wp\/v2\/posts\/76446\/revisions"}],"predecessor-version":[{"id":76448,"href":"http:\/\/portalcatolico.net\/portal\/wp-json\/wp\/v2\/posts\/76446\/revisions\/76448"}],"wp:featuredmedia":[{"embeddable":true,"href":"http:\/\/portalcatolico.net\/portal\/wp-json\/wp\/v2\/media\/76447"}],"wp:attachment":[{"href":"http:\/\/portalcatolico.net\/portal\/wp-json\/wp\/v2\/media?parent=76446"}],"wp:term":[{"taxonomy":"category","embeddable":true,"href":"http:\/\/portalcatolico.net\/portal\/wp-json\/wp\/v2\/categories?post=76446"},{"taxonomy":"post_tag","embeddable":true,"href":"http:\/\/portalcatolico.net\/portal\/wp-json\/wp\/v2\/tags?post=76446"}],"curies":[{"name":"wp","href":"https:\/\/api.w.org\/{rel}","templated":true}]}}