{"id":76443,"date":"2022-09-15T20:22:51","date_gmt":"2022-09-15T23:22:51","guid":{"rendered":"http:\/\/portalcatolico.net\/portal\/?p=76443"},"modified":"2022-09-15T20:23:20","modified_gmt":"2022-09-15T23:23:20","slug":"bispos-do-regional-sul-1-da-cnbb-se-unirao-ao-papa-em-visita-ad-limina-apostolorum-de-19-de-setembro-a-1o-de-outubro","status":"publish","type":"post","link":"http:\/\/portalcatolico.net\/portal\/bispos-do-regional-sul-1-da-cnbb-se-unirao-ao-papa-em-visita-ad-limina-apostolorum-de-19-de-setembro-a-1o-de-outubro\/","title":{"rendered":"BISPOS DO REGIONAL SUL 1 DA CNBB SE UNIR\u00c3O AO PAPA EM VISITA AD LIMINA APOSTOLORUM DE 19 DE SETEMBRO A 1\u00ba DE OUTUBRO"},"content":{"rendered":"<p>Para a anima\u00e7\u00e3o pastoral da Igreja no Brasil, a Confer\u00eancia Nacional dos Bispos do Brasil (CNBB) dividiu o pa\u00eds em 19 regionais. Dentre eles, o Regional Sul 1 que compreende as arquidioceses, dioceses e as eparquias do Estado de S\u00e3o Paulo. Em sua organiza\u00e7\u00e3o, sete sub-regi\u00f5es comp\u00f5em a estrutura pastoral paulista, a saber, Aparecida, Botucatu, Campinas, Ribeir\u00e3o Preto I, Ribeir\u00e3o Preto II, S\u00e3o Paulo e Sorocaba. Nesta disposi\u00e7\u00e3o, est\u00e3o divididas as seis arquidioceses e as 36 dioceses do Estado.<\/p>\n<p>De 19 de setembro e 1\u00ba de outubro, em dois grupos, o episcopado paulista participar\u00e1 da&nbsp;<em>Visita Ad Limina Apostolorum<\/em>. De tradu\u00e7\u00e3o literal latina,&nbsp;<em>Visita aos T\u00famulos dos Ap\u00f3stolos<\/em>, os bispos do Regional Sul 1, como leg\u00edtimos sucessores dos ap\u00f3stolos, para o bem de suas dioceses e de toda a Igreja (<em>Diret\u00f3rio da Visita Ad Limina, n. 1.1, 1988<\/em>), manifestar\u00e3o a comunh\u00e3o eclesial com o Papa Francisco, sucessor de S\u00e3o Pedro Ap\u00f3stolo.<\/p>\n<p>Como uma verdadeira peregrina\u00e7\u00e3o \u00e0 diocese de Roma, rezando sobre os t\u00famulos dos ap\u00f3stolos Pedro e Paulo que, pela doutrina foram m\u00e1rtires no seguimento a Jesus Cristo, com profundo significado espiritual, os bispos ter\u00e3o a oportunidade de promover e favorecer a comunica\u00e7\u00e3o entre as dioceses do Estado e a Santa S\u00e9 por meio de \u201cum interc\u00e2mbio de informa\u00e7\u00f5es e uma divis\u00e3o de solicitude pastoral sobre problemas, experi\u00eancias, sofrimentos, orienta\u00e7\u00f5es e projetos de trabalho e de vida\u201d (<em>Introdu\u00e7\u00e3o do Diret\u00f3rio da Visita Ad Limina, 1988<\/em>).<\/p>\n<h3>Partilha da a\u00e7\u00e3o evangelizadora<\/h3>\n<p><img loading=\"lazy\" decoding=\"async\" class=\"size-medium wp-image-929934 alignright\" src=\"https:\/\/eadn-wc02-718006.nxedge.io\/cdn\/wp-content\/uploads\/2022\/09\/Visita-Ad-Limina-240x300.jpg\" sizes=\"auto, (max-width: 240px) 100vw, 240px\" srcset=\"https:\/\/eadn-wc02-718006.nxedge.io\/cdn\/wp-content\/uploads\/2022\/09\/Visita-Ad-Limina-240x300.jpg 240w, https:\/\/eadn-wc02-718006.nxedge.io\/cdn\/wp-content\/uploads\/2022\/09\/Visita-Ad-Limina-768x960.jpg 768w, https:\/\/eadn-wc02-718006.nxedge.io\/cdn\/wp-content\/uploads\/2022\/09\/Visita-Ad-Limina-500x625.jpg 500w, https:\/\/eadn-wc02-718006.nxedge.io\/cdn\/wp-content\/uploads\/2022\/09\/Visita-Ad-Limina.jpg 819w\" alt=\"\" width=\"240\" height=\"300\">Na Carta aos G\u00e1latas, S\u00e3o Paulo escreve: \u201ctr\u00eas anos mais tarde, fui a Jerusal\u00e9m, para conhecer C\u00e9fas, e fiquei com ele quinze dias\u201d (1, 18). Assim, ele indica-nos sua convers\u00e3o a nosso Senhor e convic\u00e7\u00e3o de seu chamado. No mesmo livro b\u00edblico, quatorze anos mais tarde, o Ap\u00f3stolo encontra-se novamente com S\u00e3o Pedro para partilhar a a\u00e7\u00e3o evangelizadora junto aos gentios para n\u00e3o acontecer que estivesse corrido em v\u00e3o (cf. 2, 2).<\/p>\n<p>Ambas narra\u00e7\u00f5es j\u00e1 demonstram a comunh\u00e3o com Pedro, aquele a quem Jesus confiou a Igreja, concedendo-lhe as chaves do Reino dos c\u00e9us (cf. Mt 16,19), abrem-nos a fundamenta\u00e7\u00e3o b\u00edblica para compreendermos a visita do episcopado ao Papa Francisco e trazem-nos \u201cum enriquecimento de experi\u00eancias tamb\u00e9m ao minist\u00e9rio petrino e ao seu servi\u00e7o de iluminar os graves problemas da Igreja e do mundo entendidos em conota\u00e7\u00f5es diferentes de acordo com os lugares, os tempos e as culturas\u201d, (<em>Introdu\u00e7\u00e3o do Diret\u00f3rio da Visita Ad Limina, 1988<\/em>).<\/p>\n<p>Deste modo, a visita trata-se de \u201cum instrumento e uma express\u00e3o concreta da catolicidade da Igreja, da unidade do col\u00e9gio dos Bispos incorporada na pessoa do sucessor de S\u00e3o Pedro e marcada pelo lugar do seu mart\u00edrio\u201d (<em>Nota Teol\u00f3gica do Diret\u00f3rio da Visita Ad Limina, 1988<\/em>) na firme certeza de que, sendo Cristo o nosso mediador junto ao Pai, a Igreja \u00e9 a unidade criada pelo Esp\u00edrito Santo! Assim, toda a programa\u00e7\u00e3o de nossos bispos nos pr\u00f3ximas dias manifesta que, na Igreja, \u201ca unidade tem um nome: Pedro, e uma sede: Roma\u201d (<em>Nota Teol\u00f3gica do Diret\u00f3rio da Visita Ad Limina, 1988<\/em>).<\/p>\n<p>Em suas arquidioceses e dioceses, nossos 49 bispos \u201ctransmitem a mesma f\u00e9, perpetuam a mesma miss\u00e3o salv\u00edfica, comunicam os mesmos sacramentos da gra\u00e7a, edificam e mant\u00eam na unidade a mesma comunidade de crentes\u201d (<em>Nota Espiritual-Pastoral do Diret\u00f3rio da Visita Ad Limina, 1988<\/em>) e, por ocasi\u00e3o desta visita, expressam a \u00edntima rela\u00e7\u00e3o entre suas dioceses e a Igreja em todo o mundo. Em nosso episcopado, peregrino em Roma e em uni\u00e3o com o minist\u00e9rio petrino, \u201cas Igrejas particulares se integram na Igreja universal e esta as alimenta\u201d (<em>Nota Espiritual-Pastoral do Diret\u00f3rio da Visita Ad Limina, 1988<\/em>).<\/p>\n<p>Nosso convite aos agentes de pastoral e a todo povo fiel \u00e9 de orar pelos nossos bispos para que, nos pr\u00f3ximos dias, com eles, nossos olhos e cora\u00e7\u00f5es estejam voltados \u00e0 Roma e, desta amada cidade, de onde o Papa Francisco pastoreia toda a Igreja, recebamos \u201cluz, orienta\u00e7\u00e3o, conforto e apoio\u201d (<em>Nota Espiritual-Pastoral do Diret\u00f3rio da Visita Ad Limina, 1988<\/em>) para seguirmos a miss\u00e3o evangelizadora no Regional Sul 1 da CNBB.<\/p>\n<p><em>Com informa\u00e7\u00f5es de padre Tiago Aparecido de Souza Barbosa \u2013 a<\/em><em>ssessor da Pascom<br \/>\nEm<a href=\"https:\/\/cnbbsul1.org.br\/a-unidade-da-igreja-tem-um-nome-pedro-e-uma-sede-roma\/\" target=\"_blank\" rel=\"noopener\">&nbsp;www.cnbbsul1.org.br<\/a><\/em><\/p>\n","protected":false},"excerpt":{"rendered":"<p>Para a anima\u00e7\u00e3o pastoral da Igreja no Brasil, a Confer\u00eancia Nacional dos Bispos do Brasil (CNBB) dividiu o pa\u00eds em 19 regionais. Dentre eles, o Regional Sul 1 que compreende as arquidioceses, dioceses e as eparquias do Estado de S\u00e3o Paulo. Em sua organiza\u00e7\u00e3o, sete sub-regi\u00f5es comp\u00f5em a estrutura pastoral paulista, a saber, Aparecida, Botucatu,&nbsp;<\/p>\n<p><a class=\"btn btn-style\" href=\"http:\/\/portalcatolico.net\/portal\/bispos-do-regional-sul-1-da-cnbb-se-unirao-ao-papa-em-visita-ad-limina-apostolorum-de-19-de-setembro-a-1o-de-outubro\/\">Continue Reading<\/a><\/p>\n","protected":false},"author":2,"featured_media":76444,"comment_status":"open","ping_status":"open","sticky":false,"template":"","format":"standard","meta":{"footnotes":""},"categories":[4],"tags":[],"class_list":["post-76443","post","type-post","status-publish","format-standard","has-post-thumbnail","hentry","category-destaques"],"_links":{"self":[{"href":"http:\/\/portalcatolico.net\/portal\/wp-json\/wp\/v2\/posts\/76443","targetHints":{"allow":["GET"]}}],"collection":[{"href":"http:\/\/portalcatolico.net\/portal\/wp-json\/wp\/v2\/posts"}],"about":[{"href":"http:\/\/portalcatolico.net\/portal\/wp-json\/wp\/v2\/types\/post"}],"author":[{"embeddable":true,"href":"http:\/\/portalcatolico.net\/portal\/wp-json\/wp\/v2\/users\/2"}],"replies":[{"embeddable":true,"href":"http:\/\/portalcatolico.net\/portal\/wp-json\/wp\/v2\/comments?post=76443"}],"version-history":[{"count":1,"href":"http:\/\/portalcatolico.net\/portal\/wp-json\/wp\/v2\/posts\/76443\/revisions"}],"predecessor-version":[{"id":76445,"href":"http:\/\/portalcatolico.net\/portal\/wp-json\/wp\/v2\/posts\/76443\/revisions\/76445"}],"wp:featuredmedia":[{"embeddable":true,"href":"http:\/\/portalcatolico.net\/portal\/wp-json\/wp\/v2\/media\/76444"}],"wp:attachment":[{"href":"http:\/\/portalcatolico.net\/portal\/wp-json\/wp\/v2\/media?parent=76443"}],"wp:term":[{"taxonomy":"category","embeddable":true,"href":"http:\/\/portalcatolico.net\/portal\/wp-json\/wp\/v2\/categories?post=76443"},{"taxonomy":"post_tag","embeddable":true,"href":"http:\/\/portalcatolico.net\/portal\/wp-json\/wp\/v2\/tags?post=76443"}],"curies":[{"name":"wp","href":"https:\/\/api.w.org\/{rel}","templated":true}]}}