{"id":76439,"date":"2022-09-16T00:39:40","date_gmt":"2022-09-16T03:39:40","guid":{"rendered":"http:\/\/portalcatolico.net\/portal\/?p=76439"},"modified":"2022-09-15T19:42:00","modified_gmt":"2022-09-15T22:42:00","slug":"paroquia-em-itabuna-divulga-programacao-do-novenario-e-festa-de-nossa-senhora-aparecida","status":"publish","type":"post","link":"http:\/\/portalcatolico.net\/portal\/paroquia-em-itabuna-divulga-programacao-do-novenario-e-festa-de-nossa-senhora-aparecida\/","title":{"rendered":"Par\u00f3quia em Itabuna divulga programa\u00e7\u00e3o do Noven\u00e1rio e Festa de Nossa Senhora Aparecida!"},"content":{"rendered":"<div class=\"v1elementToProof\">De 03 a 12 de outubro, vai acontecer em Itabuna (BA), uma das festas mais esperadas do ano: a Festa em honra a Nossa Senhora Aparecida.&nbsp; O tema deste ano \u00e9: &#8220;Caminhando juntos com Maria, por uma igreja Sinodal. Comunh\u00e3o, participa\u00e7\u00e3o e miss\u00e3o&#8221;. E o lema: &#8221; Fala com Sabedoria, ensina com amor.&#8221;<\/div>\n<div>&nbsp;<\/div>\n<div class=\"v1elementToProof\">O Noven\u00e1rio ser\u00e1 realizado na par\u00f3quia do bairro Calif\u00f3rnia, que leva o nome da padroeira.<\/div>\n<div>&nbsp;<\/div>\n<div class=\"v1elementToProof\">Toda a programa\u00e7\u00e3o do noven\u00e1rio, que acontecer\u00e1 do dia 3 at\u00e9 o dia 11, come\u00e7ar\u00e1 \u00e0s 19h.&nbsp;<\/div>\n<div class=\"v1elementToProof\">&nbsp;J\u00e1 no grande dia festivo, dia 12 de outubro, a programa\u00e7\u00e3o \u00e9 extensa e come\u00e7a cedo, \u00e0s 6 da manh\u00e3 com o momento mariano.<\/div>\n<div class=\"v1elementToProof\">\u00c0s 7h, ter\u00e1 missa dos devotos (com a ben\u00e7\u00e3o dos objetos de devo\u00e7\u00e3o).<\/div>\n<div class=\"v1elementToProof\">\u00c0s 9h, acontece a missa com as crian\u00e7as.<\/div>\n<div class=\"v1elementToProof\">\u00c0s 12h, acontece a queima de fogos. Os batizados acontecer\u00e3o \u00e0s 15h.<\/div>\n<div class=\"v1elementToProof\">\u00c0s 17h, acontece a missa solene, com a presid\u00eancia do Bispo da Diocese de Itabuna, Dom Carlos Alberto dos Santos.<\/div>\n<div class=\"v1elementToProof\">Em seguida, para finalizar a programa\u00e7\u00e3o, acontece a tradicional prociss\u00e3o festiva.&nbsp;<\/div>\n<div>&nbsp;<\/div>\n<div class=\"v1elementToProof\">Vale ressaltar que no dia 12 de outubro \u00e9 feriado em comemora\u00e7\u00e3o \u00e0 padroeira do Brasil.<\/div>\n<div class=\"v1elementToProof\">A lei que instituiu o feriado nacional foi criada em 30 de julho de 1980 e, desde ent\u00e3o, a data \u00e9 celebrada em todo o pa\u00eds.<\/div>\n<div class=\"v1elementToProof\">Participe das celebra\u00e7\u00f5es!&nbsp;<\/div>\n","protected":false},"excerpt":{"rendered":"<p>De 03 a 12 de outubro, vai acontecer em Itabuna (BA), uma das festas mais esperadas do ano: a Festa em honra a Nossa Senhora Aparecida.&nbsp; O tema deste ano \u00e9: &#8220;Caminhando juntos com Maria, por uma igreja Sinodal. Comunh\u00e3o, participa\u00e7\u00e3o e miss\u00e3o&#8221;. E o lema: &#8221; Fala com Sabedoria, ensina com amor.&#8221; &nbsp; O&nbsp;<\/p>\n<p><a class=\"btn btn-style\" href=\"http:\/\/portalcatolico.net\/portal\/paroquia-em-itabuna-divulga-programacao-do-novenario-e-festa-de-nossa-senhora-aparecida\/\">Continue Reading<\/a><\/p>\n","protected":false},"author":2,"featured_media":59882,"comment_status":"open","ping_status":"open","sticky":false,"template":"","format":"standard","meta":{"footnotes":""},"categories":[4],"tags":[],"class_list":["post-76439","post","type-post","status-publish","format-standard","has-post-thumbnail","hentry","category-destaques"],"_links":{"self":[{"href":"http:\/\/portalcatolico.net\/portal\/wp-json\/wp\/v2\/posts\/76439","targetHints":{"allow":["GET"]}}],"collection":[{"href":"http:\/\/portalcatolico.net\/portal\/wp-json\/wp\/v2\/posts"}],"about":[{"href":"http:\/\/portalcatolico.net\/portal\/wp-json\/wp\/v2\/types\/post"}],"author":[{"embeddable":true,"href":"http:\/\/portalcatolico.net\/portal\/wp-json\/wp\/v2\/users\/2"}],"replies":[{"embeddable":true,"href":"http:\/\/portalcatolico.net\/portal\/wp-json\/wp\/v2\/comments?post=76439"}],"version-history":[{"count":3,"href":"http:\/\/portalcatolico.net\/portal\/wp-json\/wp\/v2\/posts\/76439\/revisions"}],"predecessor-version":[{"id":76442,"href":"http:\/\/portalcatolico.net\/portal\/wp-json\/wp\/v2\/posts\/76439\/revisions\/76442"}],"wp:featuredmedia":[{"embeddable":true,"href":"http:\/\/portalcatolico.net\/portal\/wp-json\/wp\/v2\/media\/59882"}],"wp:attachment":[{"href":"http:\/\/portalcatolico.net\/portal\/wp-json\/wp\/v2\/media?parent=76439"}],"wp:term":[{"taxonomy":"category","embeddable":true,"href":"http:\/\/portalcatolico.net\/portal\/wp-json\/wp\/v2\/categories?post=76439"},{"taxonomy":"post_tag","embeddable":true,"href":"http:\/\/portalcatolico.net\/portal\/wp-json\/wp\/v2\/tags?post=76439"}],"curies":[{"name":"wp","href":"https:\/\/api.w.org\/{rel}","templated":true}]}}