{"id":76390,"date":"2022-09-07T17:55:36","date_gmt":"2022-09-07T20:55:36","guid":{"rendered":"http:\/\/portalcatolico.net\/portal\/?p=76390"},"modified":"2022-09-07T17:55:36","modified_gmt":"2022-09-07T20:55:36","slug":"bispo-preso-pelo-governo-fala-do-que-sao-joao-paulo-ii-sofreu-na-nicaragua","status":"publish","type":"post","link":"http:\/\/portalcatolico.net\/portal\/bispo-preso-pelo-governo-fala-do-que-sao-joao-paulo-ii-sofreu-na-nicaragua\/","title":{"rendered":"Bispo preso pelo governo fala do que s\u00e3o Jo\u00e3o Paulo II sofreu na Nicar\u00e1gua"},"content":{"rendered":"<p>Em 2005 o padre Rolando \u00c1lvarez deu seu testemunho sobre o que o papa s\u00e3o Jo\u00e3o Paulo II viveu em 1983 na Nicar\u00e1gua, pa\u00eds centro-americano que hoje vive a ditadura de Daniel Ortega.<\/p>\n<p>Hoje, Rolando \u00c1lvarez \u00e9 bispo de Matagalpa e est\u00e1 em pris\u00e3o domiciliar por ordem do governo de Daniel Ortega, ex-guerrilheiro de esquerda que soma 29 anos no poder na Nicar\u00e1gua.<\/p>\n<p>Em 4 de mar\u00e7o de 1983, Jo\u00e3o Paulo II enfrentar v\u00e1rias complica\u00e7\u00f5es em sua viagem \u00e0 Nicar\u00e1gua sandinista \u00e0 beira da guerra civil. Daniel Ortega era o coordenador da junta governamental que tomara o poder em 1979.<\/p>\n<p>O momento de maior tens\u00e3o ocorreu na&nbsp;missa&nbsp;no Parque 19 de Julho, em Man\u00e1gua. Militantes sandinistas gritavam com microfones ligados ao sistema de som usado para a missa, frases como: \u201cEntre o cristianismo e a revolu\u00e7\u00e3o n\u00e3o h\u00e1 contradi\u00e7\u00e3o\u201d, \u201cPoder popular\u201d, \u201cO povo unido jamais ser\u00e1 derrotado\u201d, \u201cA&nbsp;Igreja&nbsp;popular\u201d, \u201cQueremos a paz\u201d.<\/p>\n<p>O papa pediu sil\u00eancio mais de uma vez e finalmente disse: \u201cSil\u00eancio. A primeira que quer a paz \u00e9 a Igreja\u201d.<\/p>\n<p>Segundo o jornal espanhol&nbsp;<em>El Pa\u00eds<\/em>, s\u00e3o Jo\u00e3o Paulo II tamb\u00e9m disse de improviso: \u201cCuidado com os falsos profetas. Eles se apresentam em pele de cordeiro, mas por dentro s\u00e3o lobos ferozes&#8221;.<\/p>\n<p>Em 7 de fevereiro de 1996, em sua segunda viagem \u00e0 Nicar\u00e1gua, s\u00e3o Jo\u00e3o Paulo II falou da primeira vez que esteve no pa\u00eds: \u201cLembro-me da celebra\u00e7\u00e3o h\u00e1 treze anos. Aconteceu na escurid\u00e3o, em uma grande noite escura\u201d, disse Jo\u00e3o Paulo II em uma missa.<\/p>\n<p>Rolando \u00c1lvarez contou em 2005 como viveu aquele dia. Ele tinha 17 anos e participou da prociss\u00e3o das oferendas da missa campal.<\/p>\n<p>No programa da TV da Nicar\u00e1gua&nbsp;<em>Vidas e Confiss\u00f5es<\/em>, \u00c1lvarez disse \u00e0 jornalista Mar\u00eda Lilly Delgado na Nicar\u00e1gua, que turbas de sandinistas impediram os jovens das par\u00f3quias de irem \u00e0 missa de 4 de mar\u00e7o.<\/p>\n<p>\u201cFizemos nossa primeira parada no col\u00e9gio Cristo Rey porque o ambiente j\u00e1 estava um pouco tenso. Come\u00e7amos a ouvir gritos, frases daquele momento e isso nos fez parar. Eram as turbas, embora n\u00e3o nos tenham dito \u2018somos os sandinistas\u2019, mas eram eles\u201d.<\/p>\n<p>O padre disse que s\u00f3 conseguiram chegar \u00e0 pra\u00e7a por volta das 10h30, quando a maior parte do local estava ocupada por sandinistas com suas bandeiras vermelhas e pretas.<\/p>\n<p>Naquelas pessoas, disse padre \u00c1lvarez, \u201cn\u00e3o se via nenhuma devo\u00e7\u00e3o. Esse \u00e9 o fato hist\u00f3rico, o dado objetivo\u201d.<\/p>\n<p>O padre lembrou tamb\u00e9m que na missa \u201chavia pessoas que pegavam os microfones, mas n\u00e3o as que estavam \u00e0 vista. Dava para perceber que havia microfones e dispositivos que estavam ligados ao \u00e1udio e que estavam escondidos. H\u00e1 pessoas que estavam gritando frases de ordem com o mesmo \u00e1udio\u201d do papa.<\/p>\n<p><strong>\u201cPelos seus frutos os conhecereis\u201d<\/strong><\/p>\n<p>\u201cO crist\u00e3o tem que perdoar, n\u00e3o se pode viver com falta de perd\u00e3o, mas o perd\u00e3o n\u00e3o apaga a mem\u00f3ria hist\u00f3rica, \u00e9&nbsp;<em>desidentificar-se<\/em>&nbsp;porque, por exemplo, voc\u00ea e eu tamb\u00e9m somos o que fomos, para bem ou para mal\u201d.<\/p>\n<p>\u201cPelos seus frutos os conhecereis\u201d, acrescentou citando o Evangelho.<\/p>\n<p>\u00c1lvarez tamb\u00e9m lembrou alguns aspectos da visita do papa Jo\u00e3o Paulo II em 1996.<\/p>\n<p>&#8220;O povo saiu \u00e0s ruas para chorar, para pedir perd\u00e3o ao papa em nome da Nicar\u00e1gua, embora n\u00e3o tenha sido o povo fiel o que cometeu isso&#8221;, disse o padre, referindo-se aos ataques sandinistas.<\/p>\n<p>\u201cQuando digo povo fiel, estou falando de muitas pessoas que participaram em 1983, cometendo esse tipo de desrespeito \u00e0&nbsp;eucaristia&nbsp;em primeiro lugar, porque o que mais chateou o papa foi o desrespeito a Jesus sacramentado\u201d, disse.<\/p>\n<p>\u00c1lvarez disse finalmente que s\u00e3o Jo\u00e3o Paulo II \u201cnos transmitiu de forma palp\u00e1vel a presen\u00e7a de Deus e isso causa uma emo\u00e7\u00e3o e uma como\u00e7\u00e3o no cora\u00e7\u00e3o, que marcam para a&nbsp;vida&nbsp;toda\u201d.(ACI)<\/p>\n<p>&nbsp;<\/p>\n","protected":false},"excerpt":{"rendered":"<p>Em 2005 o padre Rolando \u00c1lvarez deu seu testemunho sobre o que o papa s\u00e3o Jo\u00e3o Paulo II viveu em 1983 na Nicar\u00e1gua, pa\u00eds centro-americano que hoje vive a ditadura de Daniel Ortega. Hoje, Rolando \u00c1lvarez \u00e9 bispo de Matagalpa e est\u00e1 em pris\u00e3o domiciliar por ordem do governo de Daniel Ortega, ex-guerrilheiro de esquerda&nbsp;<\/p>\n<p><a class=\"btn btn-style\" href=\"http:\/\/portalcatolico.net\/portal\/bispo-preso-pelo-governo-fala-do-que-sao-joao-paulo-ii-sofreu-na-nicaragua\/\">Continue Reading<\/a><\/p>\n","protected":false},"author":2,"featured_media":76391,"comment_status":"open","ping_status":"open","sticky":false,"template":"","format":"standard","meta":{"footnotes":""},"categories":[5],"tags":[],"class_list":["post-76390","post","type-post","status-publish","format-standard","has-post-thumbnail","hentry","category-igreja_no_mundo"],"_links":{"self":[{"href":"http:\/\/portalcatolico.net\/portal\/wp-json\/wp\/v2\/posts\/76390","targetHints":{"allow":["GET"]}}],"collection":[{"href":"http:\/\/portalcatolico.net\/portal\/wp-json\/wp\/v2\/posts"}],"about":[{"href":"http:\/\/portalcatolico.net\/portal\/wp-json\/wp\/v2\/types\/post"}],"author":[{"embeddable":true,"href":"http:\/\/portalcatolico.net\/portal\/wp-json\/wp\/v2\/users\/2"}],"replies":[{"embeddable":true,"href":"http:\/\/portalcatolico.net\/portal\/wp-json\/wp\/v2\/comments?post=76390"}],"version-history":[{"count":1,"href":"http:\/\/portalcatolico.net\/portal\/wp-json\/wp\/v2\/posts\/76390\/revisions"}],"predecessor-version":[{"id":76392,"href":"http:\/\/portalcatolico.net\/portal\/wp-json\/wp\/v2\/posts\/76390\/revisions\/76392"}],"wp:featuredmedia":[{"embeddable":true,"href":"http:\/\/portalcatolico.net\/portal\/wp-json\/wp\/v2\/media\/76391"}],"wp:attachment":[{"href":"http:\/\/portalcatolico.net\/portal\/wp-json\/wp\/v2\/media?parent=76390"}],"wp:term":[{"taxonomy":"category","embeddable":true,"href":"http:\/\/portalcatolico.net\/portal\/wp-json\/wp\/v2\/categories?post=76390"},{"taxonomy":"post_tag","embeddable":true,"href":"http:\/\/portalcatolico.net\/portal\/wp-json\/wp\/v2\/tags?post=76390"}],"curies":[{"name":"wp","href":"https:\/\/api.w.org\/{rel}","templated":true}]}}