{"id":76385,"date":"2022-09-06T20:37:56","date_gmt":"2022-09-06T23:37:56","guid":{"rendered":"http:\/\/portalcatolico.net\/portal\/?p=76385"},"modified":"2022-09-06T20:38:32","modified_gmt":"2022-09-06T23:38:32","slug":"congresso-dos-homens-da-diocese-de-amargosa-reune-mais-de-2-mil-homens-em-castro-alves","status":"publish","type":"post","link":"http:\/\/portalcatolico.net\/portal\/congresso-dos-homens-da-diocese-de-amargosa-reune-mais-de-2-mil-homens-em-castro-alves\/","title":{"rendered":"Congresso dos Homens da Diocese de Amargosa re\u00fane mais de 2 mil homens em Castro Alves"},"content":{"rendered":"<div class=\"post-content\">\n<p>Aconteceu neste \u00faltimo domingo, dia 4, na cidade de Castro Alves (BA), o X Congresso Diocesano Ter\u00e7o dos Homens da Diocese de Amargosa. O movimento na Diocese \u00e9 coordenado pelos leigos Georgeton Ferreira e Ant\u00f4nio Paraiso, e tem como assessor eclesi\u00e1stico o Padre Ed\u00e9zio de Jesus Ribeiro.<\/p>\n<p>O evento teve in\u00edcio com acolhida e caf\u00e9 da manh\u00e3 na quadra do Col\u00e9gio Luiz Eduardo Magalh\u00e3es, pr\u00f3ximo a Igreja Matriz, e depois, o grupo formado por aproximadamente dois mil homens seguiu em caminhada at\u00e9 a Capela e Memorial Santa Dulce dos Pobres, onde aconteceram partilhas da palavra, apresenta\u00e7\u00f5es das atividades das Foranias, Louvor e a Celebra\u00e7\u00e3o Eucar\u00edstica.<\/p>\n<p>O tema da 1\u00ba Partilha \u201cMARIA, A DISC\u00cdPULA QUE NOS ENSINA A SEGUIR O MESTRE JESUS\u201d foi mediado pelo Padre F\u00e1bio Andrade, p\u00e1roco da Par\u00f3quia Santo Ant\u00f4nio do Argoim, em Rafael Jambeiro. J\u00e1 a 2\u00aa Partilha, que teve como tema \u201cIGREJA COMUNIDADE, LUGAR DOS ENCONTRADOS COM CRISTO-PALAVRA E DOS QUE BUSCAM O SUSTENTO NO P\u00c3O\u201d, foi mediada pelo Padre Cristov\u00e3o Reis Brito, p\u00e1roco da Par\u00f3quia S\u00e3o Miguel Arcanjo em S\u00e3o Miguel das Matas.<\/p>\n<p>O coordenador do Ter\u00e7o dos Homens na Diocese de Amargosa, Georgeton Ferreira, destacou a import\u00e2ncia do homem participar do movimento, pois, vivemos no dia a dia uma crise de paternidade. \u201cCaracter\u00edsticas t\u00e3o masculinas como dar inicia\u00e7\u00e3o aos outros, dar est\u00edmulo, ser sol\u00edcito, provedor e protetor est\u00e3o sendo deixadas de lado, pois, o inimigo de Deus quer demonstrar que a masculinidade est\u00e1 na for\u00e7a bruta, nos v\u00edcios, na oportunidade de levar vantagem em tudo e a qualquer custo. Por isso mesmo o homem n\u00e3o \u00e9 feliz, procurando felicidade no que \u00e9 mais f\u00e1cil e que n\u00e3o est\u00e1 em sua ess\u00eancia. Maria mostra a verdadeira alegria e paz que esses filhos tentaram buscar em tantos caminhos errados, mas que s\u00f3 sentiram no Ter\u00e7o dos Homens. A ora\u00e7\u00e3o tem essa for\u00e7a de tranquilizar, alegrar, direcionar e trazer conforto espiritual. Por isso, foi t\u00e3o bom participar do nosso X Congresso Ter\u00e7o dos Homens, em Castro Alves, na Capela e Memorial Santa Dulce dos Pobres. Momento \u00fanico e marcante para o ter\u00e7o dos Homens da Diocese de Amargosa\u201d, concluiu Georgeton.<\/p>\n<p>Para o assessor eclesi\u00e1stico do Ter\u00e7o dos Homens na Diocese de Amargosa, Padre Ed\u00e9zio de Jesus Ribeiro, o X Congresso foi a vez e a voz dos homens do ter\u00e7o, um momento de reflex\u00e3o da caminhada dos homens do ter\u00e7o, de amadurecer suas convic\u00e7\u00f5es e firmar cada vez mais os passos nessa caminhada que \u00e9 pastoral. \u201c\u00c9 uma maneira de pastorear os homens com uma espiritualidade cristoc\u00eantrica, mas buscando em Maria esse motivo de olhar para Jesus Cristo, porque Maria n\u00e3o atrai para si, ela nos aponta para Jesus Cristo, seu filho, de quem \u00e9 servidora e a quem tamb\u00e9m nos ajuda servir\u201d, disse. Padre Ed\u00e9zio tamb\u00e9m agradeceu a todos que rezaram pelo \u00eaxito do Congresso, e aos que colaboraram para que o dia do evento fosse aben\u00e7oado e fecundo, principalmente por ter sido realizado na Capela e Memorial Santa Dulce, onde existe uma rel\u00edquia da Santa.<\/p>\n<p>Mat\u00e9ria:&nbsp;H\u00e9lio Alves\/ <a href=\"https:\/\/tribunadoreconcavo.com\/congresso-dos-homens-da-diocese-de-amargosa-reune-mais-de-2-mil-homens-em-castro-alves\/#more-235837\"><strong>Tribuna do Rec\u00f4ncavo\u00ae<\/strong><\/a><span id=\"more-235837\"><\/span><\/p>\n<div id=\"attachment_235842\" class=\"wp-caption aligncenter\" style=\"width: 814px;\">\n<p><img loading=\"lazy\" decoding=\"async\" class=\"wp-image-235842 \" title=\"noticias, destaque, castro-alves - Congresso dos Homens da Diocese de Amargosa re\u00fane mais de 2 mil homens em Castro Alves\" src=\"https:\/\/tribunadoreconcavo.com\/wp-content\/uploads\/2022\/09\/TERCO-DOS-HOMENS.jpg\" sizes=\"auto, (max-width: 500px) 100vw, 500px\" srcset=\"https:\/\/tribunadoreconcavo.com\/wp-content\/uploads\/2022\/09\/TERCO-DOS-HOMENS.jpg 500w, https:\/\/tribunadoreconcavo.com\/wp-content\/uploads\/2022\/09\/TERCO-DOS-HOMENS-230x300.jpg 230w, https:\/\/tribunadoreconcavo.com\/wp-content\/uploads\/2022\/09\/TERCO-DOS-HOMENS-306x400.jpg 306w\" alt=\"Congresso dos Homens da Diocese de Amargosa re\u00fane mais de 2 mil homens em Castro Alves - noticias, destaque, castro-alves\" width=\"814\" height=\"1063\"><\/p>\n<p class=\"wp-caption-text\">Fotos: Georgeton Ferreira e Pe F\u00e1bio Andrade<\/p>\n<\/div>\n<\/div>\n<div class=\"button share-button\">&nbsp;<\/div>\n<div class=\"post-comments\">&nbsp;<\/div>\n","protected":false},"excerpt":{"rendered":"<p>Aconteceu neste \u00faltimo domingo, dia 4, na cidade de Castro Alves (BA), o X Congresso Diocesano Ter\u00e7o dos Homens da Diocese de Amargosa. O movimento na Diocese \u00e9 coordenado pelos leigos Georgeton Ferreira e Ant\u00f4nio Paraiso, e tem como assessor eclesi\u00e1stico o Padre Ed\u00e9zio de Jesus Ribeiro. O evento teve in\u00edcio com acolhida e caf\u00e9&nbsp;<\/p>\n<p><a class=\"btn btn-style\" href=\"http:\/\/portalcatolico.net\/portal\/congresso-dos-homens-da-diocese-de-amargosa-reune-mais-de-2-mil-homens-em-castro-alves\/\">Continue Reading<\/a><\/p>\n","protected":false},"author":2,"featured_media":76386,"comment_status":"open","ping_status":"open","sticky":false,"template":"","format":"standard","meta":{"footnotes":""},"categories":[4],"tags":[],"class_list":["post-76385","post","type-post","status-publish","format-standard","has-post-thumbnail","hentry","category-destaques"],"_links":{"self":[{"href":"http:\/\/portalcatolico.net\/portal\/wp-json\/wp\/v2\/posts\/76385","targetHints":{"allow":["GET"]}}],"collection":[{"href":"http:\/\/portalcatolico.net\/portal\/wp-json\/wp\/v2\/posts"}],"about":[{"href":"http:\/\/portalcatolico.net\/portal\/wp-json\/wp\/v2\/types\/post"}],"author":[{"embeddable":true,"href":"http:\/\/portalcatolico.net\/portal\/wp-json\/wp\/v2\/users\/2"}],"replies":[{"embeddable":true,"href":"http:\/\/portalcatolico.net\/portal\/wp-json\/wp\/v2\/comments?post=76385"}],"version-history":[{"count":2,"href":"http:\/\/portalcatolico.net\/portal\/wp-json\/wp\/v2\/posts\/76385\/revisions"}],"predecessor-version":[{"id":76388,"href":"http:\/\/portalcatolico.net\/portal\/wp-json\/wp\/v2\/posts\/76385\/revisions\/76388"}],"wp:featuredmedia":[{"embeddable":true,"href":"http:\/\/portalcatolico.net\/portal\/wp-json\/wp\/v2\/media\/76386"}],"wp:attachment":[{"href":"http:\/\/portalcatolico.net\/portal\/wp-json\/wp\/v2\/media?parent=76385"}],"wp:term":[{"taxonomy":"category","embeddable":true,"href":"http:\/\/portalcatolico.net\/portal\/wp-json\/wp\/v2\/categories?post=76385"},{"taxonomy":"post_tag","embeddable":true,"href":"http:\/\/portalcatolico.net\/portal\/wp-json\/wp\/v2\/tags?post=76385"}],"curies":[{"name":"wp","href":"https:\/\/api.w.org\/{rel}","templated":true}]}}