{"id":76374,"date":"2022-09-06T20:03:16","date_gmt":"2022-09-06T23:03:16","guid":{"rendered":"http:\/\/portalcatolico.net\/portal\/?p=76374"},"modified":"2022-09-06T21:31:35","modified_gmt":"2022-09-07T00:31:35","slug":"participe-da-novena-e-festa-em-honra-a-nossa-senhora-da-piedade-em-itabuna","status":"publish","type":"post","link":"http:\/\/portalcatolico.net\/portal\/participe-da-novena-e-festa-em-honra-a-nossa-senhora-da-piedade-em-itabuna\/","title":{"rendered":"Participe da Novena e Festa em honra a Nossa Senhora da Piedade em Itabuna!"},"content":{"rendered":"<div class=\"v1PlainText\" dir=\"auto\">A padroeira do bairro Maria Pinheiro, na cidade e diocese de Itabuna, no sul da Bahia, est\u00e1 sendo celebrada. \u00c9 um&nbsp;momento de renova\u00e7\u00e3o espiritual no qual os fieis ter\u00e3o&nbsp;a oportunidade de celebrar, recordar, rezar, louvar, cantar,&nbsp;ouvir a palavra de Deus, refletir, participar de tradicional quermesse paroquial e estar em comunh\u00e3o com Deus e com os irm\u00e3os.<\/div>\n<div class=\"v1PlainText\" dir=\"auto\">Iluminados pelo Conc\u00edlio Vaticano II, este ano, a reflex\u00e3o ser\u00e1 sobre &#8220;As diversas formas de devo\u00e7\u00e3o para com a M\u00e3e de Deus&#8221; (LG 66), tendo como lema inspirado na imagem de Nossa Senhora da Piedade: &#8220;A dor da M\u00e3e que, consciente de sua miss\u00e3o, oferece seu filho pela salva\u00e7\u00e3o da humanidade&#8221;.&nbsp;<\/div>\n<div dir=\"auto\">&nbsp;<\/div>\n<div class=\"v1PlainText\" dir=\"auto\">\n<p><strong>Confira a programa\u00e7\u00e3o completa:<\/strong><\/p>\n<p>&nbsp;<\/p>\n<p><strong>1\u00aa Noite: 06\/09 \u2013 Ter\u00e7a-feira<\/strong>&nbsp;<\/p>\n<\/div>\n<div class=\"v1PlainText\" dir=\"auto\">Subtema: Maria, Senhora e amparo dos sofredores&nbsp;<\/div>\n<div class=\"v1PlainText\" dir=\"auto\">18h00 \u2013 Ter\u00e7o&nbsp;<\/div>\n<div class=\"v1PlainText\" dir=\"auto\">19h00 \u2013 Santa Missa<br \/>\nConvidados: Toda Comunidade Paroquial, Pastoral Familiar, Comunidade S\u00e3o Cosme e S\u00e3o Dami\u00e3o, comunidade Nossa Senhora Aparecida, Pastoral da Crian\u00e7a, e Par\u00f3quia Nossa Senhora da Concei\u00e7\u00e3o \u2013 Ferradas<\/div>\n<div class=\"v1PlainText\" dir=\"auto\">Liturgia:&nbsp;Comunidade Nossa Senhora Aparecida e Cosme e Dami\u00e3o<\/div>\n<div class=\"v1PlainText\" dir=\"auto\">Celebrante: Pe. Jos\u00e9 Roberto Ara\u00fajo dos Santos (Par\u00f3quia Nossa Senhora da Concei\u00e7\u00e3o do bairro Ferradas)<\/div>\n<div class=\"v1PlainText\" dir=\"auto\">Gesto concreto: leite<\/div>\n<div dir=\"auto\">&nbsp;<\/div>\n<div class=\"v1PlainText\" dir=\"auto\"><strong>2\u00aa Noite: 07\/09 \u2013 Quarta-feira<\/strong><\/div>\n<div class=\"v1PlainText\" dir=\"auto\">Subtema: Maria, Senhora da Esperan\u00e7a e da Vida&nbsp;<\/div>\n<div class=\"v1PlainText\" dir=\"auto\">18h00 \u2013 Ter\u00e7o&nbsp;<\/div>\n<div class=\"v1PlainText\" dir=\"auto\">19h00 \u2013 Santa Missa&nbsp;<\/div>\n<div class=\"v1PlainText\" dir=\"auto\">Convidados: Toda Comunidade Paroquial, Pastoral do Batismo, MESCE, Coroinhas, Par\u00f3quia Santa Maria Goretti<\/div>\n<div class=\"v1PlainText\" dir=\"auto\">Liturgia: MESC&#8217;s e Coroinhas<br \/>\nCelebrante: Pe. Vanildo de Jesus Nascimento, CP,(Par\u00f3quia santa Maria Goretti).<\/div>\n<div class=\"v1PlainText\" dir=\"auto\">Gesto Concreto: \u00d3leo<\/div>\n<div class=\"v1PlainText\" dir=\"auto\">&nbsp;<\/div>\n<div class=\"v1PlainText\" dir=\"auto\"><strong>3\u00aa Noite: 08\/09 \u2013 Quinta-feira&nbsp;<\/strong><\/div>\n<div class=\"v1PlainText\" dir=\"auto\">Subtema: Maria, Senhora dos Pobres e dos<br \/>\nExclu\u00eddos&nbsp;<\/div>\n<div class=\"v1PlainText\" dir=\"auto\">18h00 \u2013 Ter\u00e7o&nbsp;<\/div>\n<div class=\"v1PlainText\" dir=\"auto\">19h00 \u2013 Santa Missa<\/div>\n<div class=\"v1PlainText\" dir=\"auto\">Convidados: Toda Comunidade Paroquial, Pastoral do D\u00edzimo, PASCOM, Setor da caridade; Par\u00f3quia Catedral S\u00e3o Jos\u00e9&nbsp;<\/div>\n<div class=\"v1PlainText\" dir=\"auto\">Liturgia: Pastoral do D\u00edzimo e Setor da caridade&nbsp;<\/div>\n<div class=\"v1PlainText\" dir=\"auto\">Celebrante: Pe. Gilvan de Oliveira Souza (Par\u00f3quia Catedral de S\u00e3o Jos\u00e9)&nbsp;<\/div>\n<div class=\"v1PlainText\" dir=\"auto\">Gesto concreto: Feij\u00e3o<\/div>\n<div dir=\"auto\">&nbsp;<\/div>\n<div class=\"v1PlainText\" dir=\"auto\"><strong>4\u00aa Noite 09\/09 \u2013 Sexta-feira&nbsp;<\/strong><\/div>\n<div class=\"v1PlainText\" dir=\"auto\">Subtema: Maria, Senhora e M\u00e3e da Igreja Peregrina&nbsp;<\/div>\n<div class=\"v1PlainText\" dir=\"auto\">18h00 &#8211;&nbsp;Ter\u00e7o&nbsp;<\/div>\n<div class=\"v1PlainText\" dir=\"auto\">19h00 \u2013 Santa Missa<\/div>\n<div class=\"v1PlainText\" dir=\"auto\">Convidados: Toda Comunidade Paroquial, PM, PC, Bombeiros, SETRAN, GCM, Comunidade Nossa Senhora do Carmo e Comunidade Nossa Senhora das Dores, Par\u00f3quia Nossa Senhora de F\u00e1tima Liturgia: Comunidade Nossa Senhora do Carmo e Comunidade Nossa Senhora das Dores Celebrante: C\u00f4n. Mieczslaw Nicolau Klak.&nbsp;<\/div>\n<div class=\"v1PlainText\" dir=\"auto\">Gesto concretos: Macarr\u00e3o<\/div>\n<div dir=\"auto\">&nbsp;<\/div>\n<div class=\"v1PlainText\" dir=\"auto\"><strong>5\u00aa Noite: 10\/09 \u2013 S\u00e1bado<\/strong>&nbsp;<\/div>\n<div class=\"v1PlainText\" dir=\"auto\">Subtema: Maria, M\u00e3e de Miseric\u00f3rdia&nbsp;<\/div>\n<div class=\"v1PlainText\" dir=\"auto\">17h00 \u2013Ter\u00e7o<br \/>\n18h00 \u2013 Santa Missa&nbsp;<\/div>\n<div class=\"v1PlainText\" dir=\"auto\">Convidados: Toda Comunidade Paroquial, ENS, Congrega\u00e7\u00e3o Mariana, Legi\u00e3o de Maria, Catequese, Comunidade S\u00e3o Sebasti\u00e3o&nbsp;<\/div>\n<div class=\"v1PlainText\" dir=\"auto\">Liturgia: Comunidade S\u00e3o Sebasti\u00e3o e Catequese Celebrante: Pe. Pedro Vin\u00edcius Santos de Oliveira Gesto Concreto: A\u00e7\u00facar<\/div>\n<div dir=\"auto\">&nbsp;<\/div>\n<div class=\"v1PlainText\" dir=\"auto\"><strong>6\u00aa Noite: 11\/09 \u2013 Domingo&nbsp;<\/strong><\/div>\n<div class=\"v1PlainText\" dir=\"auto\">Subtema: Maria, Senhora dos Humildes e Abandonados&nbsp;<\/div>\n<div class=\"v1PlainText\" dir=\"auto\">17h00 \u2013Ter\u00e7o&nbsp;<\/div>\n<div class=\"v1PlainText\" dir=\"auto\">18h00 \u2013 Santa Missa&nbsp;<\/div>\n<div class=\"v1PlainText\" dir=\"auto\">Convidados: Toda Comunidade Paroquial, RCC, Ter\u00e7o dos homens, CEB&#8217;s, CIMI, Pastoral da Terra, Pastoral Carcer\u00e1ria, Pastoral da Crian\u00e7a, Devotos de Nossa Senhora&nbsp;<\/div>\n<div class=\"v1PlainText\" dir=\"auto\">Liturgia: Irmandade Nossa Senhora do Perp\u00e9tuo Socorro<br \/>\nCelebrante: Pe. Frei Rafael Ferreira Fr\u00f3es, OFMCap,(Par\u00f3quia Santa Rita de C\u00e1ssia de Itabuna.<br \/>\n12h00: Caruru (em aberto)&nbsp;<\/div>\n<div class=\"v1PlainText\" dir=\"auto\">Gesto concreto: Arroz<\/div>\n<div dir=\"auto\">&nbsp;<\/div>\n<div class=\"v1PlainText\" dir=\"auto\"><strong>7\u00aa Noite: 12\/09 \u2013 Segunda-feira&nbsp;<\/strong><\/div>\n<div class=\"v1PlainText\" dir=\"auto\">Subtema: Maria, Senhora e M\u00e3e Mission\u00e1ria<br \/>\n18h00 \u2013 Ter\u00e7o&nbsp;<\/div>\n<div class=\"v1PlainText\" dir=\"auto\">19h00 \u2013 Santa Missa&nbsp;<\/div>\n<div class=\"v1PlainText\" dir=\"auto\">Convidados: Toda Comunidade Paroquial, Apostolado de Ora\u00e7\u00e3o Diocesano, MEJ, Setor de Juventude, Poder Executivo, Poder Legislativo, Poder Judici\u00e1rio, Par\u00f3quia Nossa Senhora Aparecida, Caminho Neocatecumenal Liturgia: Ter\u00e7o dos homens<br \/>\nCelebrante: Pe. Ezequias Gon\u00e7alves dos Santos (Par\u00f3quia Nossa Senhora Aparecida do bairro Calif\u00f3rnia em Itabuna)<\/div>\n<div class=\"v1PlainText\" dir=\"auto\">Gesto Concreto: Caf\u00e9<\/div>\n<div class=\"v1PlainText\" dir=\"auto\">&nbsp;<\/div>\n<div class=\"v1PlainText\" dir=\"auto\"><strong>8\u00aa Noite: 13\/09 \u2013 Ter\u00e7a &#8211; Feira&nbsp;<\/strong><\/div>\n<div class=\"v1PlainText\" dir=\"auto\">Subtema: Maria, Senhora e Modelo da<br \/>\nJuventude&nbsp;<\/div>\n<div class=\"v1PlainText\" dir=\"auto\">18h00 \u2013Ter\u00e7o&nbsp;<\/div>\n<div class=\"v1PlainText\" dir=\"auto\">19h00 \u2013 Santa Missa&nbsp;<\/div>\n<div class=\"v1PlainText\" dir=\"auto\">Convidados: Toda Comunidade Paroquial, Comerciantes, Sa\u00fade, Educa\u00e7\u00e3o, Comunidade de vida, Freiras, Liturgia, Setor da Juventude Diocesano, Par\u00f3quia Santa Rita de C\u00e1ssia<br \/>\nLiturgia: RCC \u2013 Grupo de Ora\u00e7\u00e3o Aparecida Celebrante: Pe. Frei Gilton Santos de Oliveira, OFMCap, Par\u00f3quia Santa Rita de C\u00e1ssia<\/div>\n<div class=\"v1PlainText\" dir=\"auto\">Gesto concreto: Material de limpeza e higiene pessoal<\/div>\n<div dir=\"auto\">&nbsp;<\/div>\n<div class=\"v1PlainText\" dir=\"auto\"><strong>9\u00aa Noite: 14\/09 \u2013 Quarta-feira&nbsp;<\/strong><\/div>\n<div class=\"v1PlainText\" dir=\"auto\">Subtema: Maria, Senhora e Aux\u00edlio da<br \/>\nIgreja&nbsp;<\/div>\n<div class=\"v1PlainText\" dir=\"auto\">18h00 \u2013Ter\u00e7o&nbsp;<\/div>\n<div class=\"v1PlainText\" dir=\"auto\">19h00 \u2013 Santa Missa&nbsp;<\/div>\n<div class=\"v1PlainText\" dir=\"auto\">Convidados: Toda Comunidade Paroquial, Semin\u00e1rio S\u00e3o Jos\u00e9, Par\u00f3quia Nossa Senhora da Concei\u00e7\u00e3o<br \/>\n(Centro), CPP, CAE e Lideran\u00e7as das Comunidades, MEFA&nbsp;<\/div>\n<div class=\"v1PlainText\" dir=\"auto\">Liturgia: CPP<br \/>\nCelebrante: Pe. Adriano Oliveira Fernandes (Par\u00f3quia Nossa Senhora da Concei\u00e7\u00e3o do Bairro Concei\u00e7\u00e3o, Gesto concreto: Biscoito<\/div>\n<div dir=\"auto\">&nbsp;<\/div>\n<div class=\"v1PlainText\" dir=\"auto\"><strong>Dia 15\/09 \u2013 Quinta-feira&nbsp;<\/strong><\/div>\n<div class=\"v1PlainText\" dir=\"auto\">Solenidade: 06h00&nbsp;<\/div>\n<div class=\"v1PlainText\" dir=\"auto\">Alvorada festiva: 06h30&nbsp;<br \/>\nOf\u00edcio de Nossa Senhora: 07h00 \u2013 Caf\u00e9 Comunit\u00e1rio Partilhado.<br \/>\n07h30 \u2013 limpeza e ornamenta\u00e7\u00e3o&nbsp;<\/div>\n<div class=\"v1PlainText\" dir=\"auto\">19h00 \u2013 Missa Solene&nbsp;<\/div>\n<div class=\"v1PlainText\" dir=\"auto\">Celebrante: Dom Carlos Alberto dos Santos, bispo diocesano da diocese de&nbsp; Itabuna<br \/>\n20h00 \u2013 Prociss\u00e3o Luminosa com a Imagem de Nossa Senhora da Piedade, pelas ruas do bairro.<\/div>\n<div dir=\"auto\">Foto: Acervo\/Portal Cat\u00f3lico<\/div>\n","protected":false},"excerpt":{"rendered":"<p>A padroeira do bairro Maria Pinheiro, na cidade e diocese de Itabuna, no sul da Bahia, est\u00e1 sendo celebrada. \u00c9 um&nbsp;momento de renova\u00e7\u00e3o espiritual no qual os fieis ter\u00e3o&nbsp;a oportunidade de celebrar, recordar, rezar, louvar, cantar,&nbsp;ouvir a palavra de Deus, refletir, participar de tradicional quermesse paroquial e estar em comunh\u00e3o com Deus e com os&nbsp;<\/p>\n<p><a class=\"btn btn-style\" href=\"http:\/\/portalcatolico.net\/portal\/participe-da-novena-e-festa-em-honra-a-nossa-senhora-da-piedade-em-itabuna\/\">Continue Reading<\/a><\/p>\n","protected":false},"author":2,"featured_media":76377,"comment_status":"open","ping_status":"open","sticky":false,"template":"","format":"standard","meta":{"footnotes":""},"categories":[1],"tags":[],"class_list":["post-76374","post","type-post","status-publish","format-standard","has-post-thumbnail","hentry","category-agenda"],"_links":{"self":[{"href":"http:\/\/portalcatolico.net\/portal\/wp-json\/wp\/v2\/posts\/76374","targetHints":{"allow":["GET"]}}],"collection":[{"href":"http:\/\/portalcatolico.net\/portal\/wp-json\/wp\/v2\/posts"}],"about":[{"href":"http:\/\/portalcatolico.net\/portal\/wp-json\/wp\/v2\/types\/post"}],"author":[{"embeddable":true,"href":"http:\/\/portalcatolico.net\/portal\/wp-json\/wp\/v2\/users\/2"}],"replies":[{"embeddable":true,"href":"http:\/\/portalcatolico.net\/portal\/wp-json\/wp\/v2\/comments?post=76374"}],"version-history":[{"count":4,"href":"http:\/\/portalcatolico.net\/portal\/wp-json\/wp\/v2\/posts\/76374\/revisions"}],"predecessor-version":[{"id":76389,"href":"http:\/\/portalcatolico.net\/portal\/wp-json\/wp\/v2\/posts\/76374\/revisions\/76389"}],"wp:featuredmedia":[{"embeddable":true,"href":"http:\/\/portalcatolico.net\/portal\/wp-json\/wp\/v2\/media\/76377"}],"wp:attachment":[{"href":"http:\/\/portalcatolico.net\/portal\/wp-json\/wp\/v2\/media?parent=76374"}],"wp:term":[{"taxonomy":"category","embeddable":true,"href":"http:\/\/portalcatolico.net\/portal\/wp-json\/wp\/v2\/categories?post=76374"},{"taxonomy":"post_tag","embeddable":true,"href":"http:\/\/portalcatolico.net\/portal\/wp-json\/wp\/v2\/tags?post=76374"}],"curies":[{"name":"wp","href":"https:\/\/api.w.org\/{rel}","templated":true}]}}