{"id":76162,"date":"2022-08-08T22:32:12","date_gmt":"2022-08-09T01:32:12","guid":{"rendered":"http:\/\/portalcatolico.net\/portal\/?p=76162"},"modified":"2022-08-08T22:35:05","modified_gmt":"2022-08-09T01:35:05","slug":"nossa-senhora-das-vitorias-e-celebrada-em-itabuna-5","status":"publish","type":"post","link":"http:\/\/portalcatolico.net\/portal\/nossa-senhora-das-vitorias-e-celebrada-em-itabuna-5\/","title":{"rendered":"Nossa Senhora das Vit\u00f3rias \u00e9 celebrada em Itabuna."},"content":{"rendered":"<div dir=\"auto\">At\u00e9 o dia 15 de agosto, acontecer\u00e1 na Par\u00f3quia Nossa Senhora das Vit\u00f3rias, padroeira do bairro Jardim Vit\u00f3ria em Itabuna (BA), as homenagens \u00e0 padroeira, sempre \u00e0s 19horas na igreja matriz.<br \/>\nA programa\u00e7\u00e3o segue at\u00e9 segunda-feira dia festivo, com missa e prociss\u00e3o com a imagem da santa pelas ruas do bairro com in\u00edcio \u00e0s 19h.<\/div>\n<div dir=\"auto\"><img loading=\"lazy\" decoding=\"async\" class=\"alignnone wp-image-76166\" src=\"http:\/\/portalcatolico.net\/portal\/wp-content\/uploads\/2022\/08\/IMG_3414-300x200.jpg\" alt=\"\" width=\"829\" height=\"552\" srcset=\"http:\/\/portalcatolico.net\/portal\/wp-content\/uploads\/2022\/08\/IMG_3414-300x200.jpg 300w, http:\/\/portalcatolico.net\/portal\/wp-content\/uploads\/2022\/08\/IMG_3414-768x512.jpg 768w, http:\/\/portalcatolico.net\/portal\/wp-content\/uploads\/2022\/08\/IMG_3414.jpg 800w\" sizes=\"auto, (max-width: 829px) 100vw, 829px\" \/><\/div>\n<div dir=\"auto\">Nesta segunda-feira, 08 de agosto, a celebra\u00e7\u00e3o teve in\u00edcio \u00e0s 18h com reza do santo ter\u00e7o com os Homens do ter\u00e7o de v\u00e1rias par\u00f3quias de Itabuna. \u00c0s 19h, teve novena, e \u00e0s 19h30, teve celebra\u00e7\u00e3o da Santa Eucaristia com a presid\u00eancia do bispo da Diocese de Itabuna, Dom Carlos Alberto dos Santos. Na homilia, ele ressaltou: &#8220;Quando se reza o ter\u00e7o tem um encontro especial com Nossa Senhora, M\u00e3e de Jesus. Maria, M\u00e3e educadora que nos conduz pela Palavra de Deus. Ela \u00e9 educadora, ela \u00e9 mestra, ela \u00e9 rainha, ela \u00e9 m\u00e3e. Uma m\u00e3e que nos acolhe, que nos entregou o Seu filho Jesus.&#8221;<\/div>\n<div dir=\"auto\">A concelebra\u00e7\u00e3o foi feita pelos padres: Pe. Vanildo de Jesus Nascimento, p\u00e1roco da Par\u00f3quia Santa Maria Goretti e o Pe Francisco e o Pe. Gabriel Jesus, p\u00e1roco, da par\u00f3quia Nossa Senhora das Vit\u00f3rias.<\/div>\n<div dir=\"auto\">&nbsp;<\/div>\n<div dir=\"auto\"><strong>Segue a programa\u00e7\u00e3o:<\/strong><br \/>\nNa ter\u00e7a, dia 09, Padre Adriano Fernandes (par\u00f3quia Nossa Senhora da Concei\u00e7\u00e3o do bairro Concei\u00e7\u00e3o em Itabuna) \u00e9 quem celebra a santa missa.<br \/>\nNo dia 10, Padre Nerivaldo Azevedo (par\u00f3quia S\u00e3o Jose da cidade de Una) preside a missa.<br \/>\nNo dia 11, Padre Gilvan Oliveira (par\u00f3quia Catedral de S\u00e3o Jos\u00e9 em Itabuna) \u00e9 quem celebra a missa.<br \/>\nNo dia 12, Padre Vin\u00edcius Mascarenhas (par\u00f3quia S\u00e3o Boaventura da cidade de Canavieiras) preside a missa.<br \/>\nNo dia 13, a presid\u00eancia fica por conta do Padre Vanildo de Jesus (par\u00f3quia Santa Maria Goretti de Itabuna) e no dia 14, ser\u00e1 Pe. Frei Gilton Oliveira, p\u00e1roco (par\u00f3quia Santa Rita de C\u00e1ssia) \u00e9 quem preside a santa missa.<\/div>\n<div dir=\"auto\">Ap\u00f3s a santa missa tem festa de largo com m\u00fasica ao vivo al\u00e9m de muitas comidas.<br \/>\nParticipe!<br \/>\nPara mais informa\u00e7\u00f5es, entre em contato pelos telefones: (73) 3212-2920\/ 99814-0023 (WhatsApp).<\/div>\n<div dir=\"auto\">Confira o \u00e1lbuns de fotos:<a href=\"https:\/\/www.facebook.com\/portalcatolicooficial\"><strong>https:\/\/www.facebook.com\/portalcatolicooficial<\/strong><\/a><\/div>\n","protected":false},"excerpt":{"rendered":"<p>At\u00e9 o dia 15 de agosto, acontecer\u00e1 na Par\u00f3quia Nossa Senhora das Vit\u00f3rias, padroeira do bairro Jardim Vit\u00f3ria em Itabuna (BA), as homenagens \u00e0 padroeira, sempre \u00e0s 19horas na igreja matriz. A programa\u00e7\u00e3o segue at\u00e9 segunda-feira dia festivo, com missa e prociss\u00e3o com a imagem da santa pelas ruas do bairro com in\u00edcio \u00e0s 19h.&nbsp;<\/p>\n<p><a class=\"btn btn-style\" href=\"http:\/\/portalcatolico.net\/portal\/nossa-senhora-das-vitorias-e-celebrada-em-itabuna-5\/\">Continue Reading<\/a><\/p>\n","protected":false},"author":2,"featured_media":76163,"comment_status":"open","ping_status":"open","sticky":false,"template":"","format":"standard","meta":{"footnotes":""},"categories":[68],"tags":[],"class_list":["post-76162","post","type-post","status-publish","format-standard","has-post-thumbnail","hentry","category-homilias"],"_links":{"self":[{"href":"http:\/\/portalcatolico.net\/portal\/wp-json\/wp\/v2\/posts\/76162","targetHints":{"allow":["GET"]}}],"collection":[{"href":"http:\/\/portalcatolico.net\/portal\/wp-json\/wp\/v2\/posts"}],"about":[{"href":"http:\/\/portalcatolico.net\/portal\/wp-json\/wp\/v2\/types\/post"}],"author":[{"embeddable":true,"href":"http:\/\/portalcatolico.net\/portal\/wp-json\/wp\/v2\/users\/2"}],"replies":[{"embeddable":true,"href":"http:\/\/portalcatolico.net\/portal\/wp-json\/wp\/v2\/comments?post=76162"}],"version-history":[{"count":4,"href":"http:\/\/portalcatolico.net\/portal\/wp-json\/wp\/v2\/posts\/76162\/revisions"}],"predecessor-version":[{"id":76168,"href":"http:\/\/portalcatolico.net\/portal\/wp-json\/wp\/v2\/posts\/76162\/revisions\/76168"}],"wp:featuredmedia":[{"embeddable":true,"href":"http:\/\/portalcatolico.net\/portal\/wp-json\/wp\/v2\/media\/76163"}],"wp:attachment":[{"href":"http:\/\/portalcatolico.net\/portal\/wp-json\/wp\/v2\/media?parent=76162"}],"wp:term":[{"taxonomy":"category","embeddable":true,"href":"http:\/\/portalcatolico.net\/portal\/wp-json\/wp\/v2\/categories?post=76162"},{"taxonomy":"post_tag","embeddable":true,"href":"http:\/\/portalcatolico.net\/portal\/wp-json\/wp\/v2\/tags?post=76162"}],"curies":[{"name":"wp","href":"https:\/\/api.w.org\/{rel}","templated":true}]}}