{"id":76061,"date":"2022-07-27T20:26:55","date_gmt":"2022-07-27T23:26:55","guid":{"rendered":"http:\/\/portalcatolico.net\/portal\/?p=76061"},"modified":"2022-07-27T20:26:55","modified_gmt":"2022-07-27T23:26:55","slug":"o-papa-promover-os-direitos-dos-povos-indigenas-e-favorecer-a-cura-e-reconciliacao","status":"publish","type":"post","link":"http:\/\/portalcatolico.net\/portal\/o-papa-promover-os-direitos-dos-povos-indigenas-e-favorecer-a-cura-e-reconciliacao\/","title":{"rendered":"O Papa: promover os direitos dos povos ind\u00edgenas e favorecer a cura e reconcilia\u00e7\u00e3o"},"content":{"rendered":"<div class=\"article__subTitle\">\u00c9 necess\u00e1rio &#8220;promover os direitos leg\u00edtimos das popula\u00e7\u00f5es nativas e favorecer processos de cura e reconcilia\u00e7\u00e3o entre elas e os n\u00e3o ind\u00edgenas do pa\u00eds. Isto reflete-se no vosso empenho por responder adequadamente aos apelos da Comiss\u00e3o em prol da Verdade e da Reconcilia\u00e7\u00e3o, bem como na solicitude em reconhecer os direitos dos povos ind\u00edgenas\u201d: disse o Papa na Citadelle do Qu\u00e9bec, no Canad\u00e1, no encontro com as autoridades civis, os representantes das popula\u00e7\u00f5es ind\u00edgenas e o corpo diplom\u00e1tico<\/div>\n<div>&nbsp;<\/div>\n<div class=\"title__separator\">\n<p>\u201cJuntamente com os Bispos deste pa\u00eds, renovo o meu pedido de perd\u00e3o pelo mal cometido por tantos crist\u00e3os contra as popula\u00e7\u00f5es ind\u00edgenas. \u00c9 tr\u00e1gico quando crentes, como sucedeu naquele per\u00edodo hist\u00f3rico, se adequam mais \u00e0s conveni\u00eancias do mundo do que ao Evangelho\u201d: disse com veem\u00eancia o Papa Francisco na Citadelle do Qu\u00e9bec, resid\u00eancia oficial do Governador Geral do Canad\u00e1, no encontro com as autoridades civis, os representantes das popula\u00e7\u00f5es ind\u00edgenas e o corpo diplom\u00e1tico.<\/p>\n<p>Esta quarta-feira, 27 de julho, o Santo Padre deixou Edmonton, onde se encontrava desde domingo, transferindo-se para a cidade de Qu\u00e9bec, capital do Qu\u00e9bec, segunda etapa em terras canadenses desta sua 37\u00aa Viagem Apost\u00f3lica Internacional.<\/p>\n<p>Francisco iniciou seu discurso evidenciando o fato de o Canad\u00e1 ser um grande pa\u00eds, que de \u201cmar a mar\u201d oferece um patrim\u00f4nio natural extraordin\u00e1rio, em particular, as espetaculares florestas de acer\u00e1ceas, cuja folha, s\u00edmbolo por excel\u00eancia destas terras, se tornou o emblema que sobressai na bandeira do pa\u00eds.<\/p>\n<p><strong>Express\u00e3o de vergonha e pesar do Santo Padre<\/strong><\/p>\n<p>\u201cAs grandes folhas de acer\u00e1cea, que absorvem ar polu\u00eddo e restituem oxig\u00eanio, convidam a maravilhar-nos com a beleza da cria\u00e7\u00e3o e deixar-nos atrair pelos saud\u00e1veis valores presentes nas culturas ind\u00edgenas: estes servem de inspira\u00e7\u00e3o para todos n\u00f3s e podem contribuir para sanar o h\u00e1bito nocivo de explorar. Explorar, al\u00e9m da cria\u00e7\u00e3o, tamb\u00e9m as rela\u00e7\u00f5es e o tempo, e regular a atividade humana apenas com base na utilidade e no lucro\u201d, disse o Pont\u00edfice.<\/p>\n<p>\u201cTodavia estes ensinamentos vitais foram violentamente combatidos no passado. Penso sobretudo nas pol\u00edticas de assimila\u00e7\u00e3o e alforria, incluindo tamb\u00e9m o sistema escolar residencial, que prejudicou muitas fam\u00edlias ind\u00edgenas, minando a sua l\u00edngua, cultura e vis\u00e3o de mundo. Naquele deplor\u00e1vel sistema promovido pelas autoridades governamentais da \u00e9poca, que separou tantas crian\u00e7as das suas fam\u00edlias, estiveram envolvidas v\u00e1rias institui\u00e7\u00f5es cat\u00f3licas locais; exprimo vergonha e pesar por isso\u201d, reiterou.<\/p>\n<p><strong>Encontro em Roma, trabalhar pela cura e reconcilia\u00e7\u00e3o<\/strong><\/p>\n<p>\u201cSe a f\u00e9 crist\u00e3 desempenhou um papel essencial na modela\u00e7\u00e3o dos ideais mais elevados do Canad\u00e1, que se caraterizam pelo desejo de construir um pa\u00eds melhor para todo o seu povo, \u00e9 necess\u00e1rio \u2013 admitindo as pr\u00f3prias culpas \u2013 empenhar-se juntos na realiza\u00e7\u00e3o daquilo que sei que todos v\u00f3s compartilhais: promover os direitos leg\u00edtimos das popula\u00e7\u00f5es nativas e favorecer processos de cura e reconcilia\u00e7\u00e3o entre elas e os n\u00e3o ind\u00edgenas do pa\u00eds. Isto reflete-se no vosso empenho por responder adequadamente aos apelos da&nbsp;<i>Comiss\u00e3o em prol da Verdade e da Reconcilia\u00e7\u00e3o<\/i>, bem como na solicitude em reconhecer os direitos dos povos ind\u00edgenas\u201d, continuou o Papa.<\/p>\n<p>Referindo-se ao processo de cura e reconcilia\u00e7\u00e3o sobre o qual tem insistido, em conson\u00e2ncia com o lema desta sua viagem apost\u00f3lica ao Canad\u00e1 \u201cCaminhar juntos\u201d, Francisco disse estar \u201cverdadeiramente grato por ter encontrado e ouvido v\u00e1rios representantes das popula\u00e7\u00f5es ind\u00edgenas nos meses passados em Roma, e poder refor\u00e7ar aqui, no Canad\u00e1 &#8211; enfatizou -, as boas rela\u00e7\u00f5es estabelecidas com eles. Os momentos que vivemos juntos deixaram marcas em mim, nomeadamente o firme desejo de dar seguimento \u00e0 indigna\u00e7\u00e3o e \u00e0 vergonha pelos sofrimentos suportados pelos ind\u00edgenas, levando por diante um caminho fraterno e paciente com todos os canadianos segundo a verdade e a justi\u00e7a, trabalhando pela cura e a reconcilia\u00e7\u00e3o, sempre animados pela esperan\u00e7a\u201d.<\/p>\n<p><strong>O valor da fam\u00edlia e as amea\u00e7as que recaem sobre ela<\/strong><\/p>\n<p>Tomando a imagem da ramagem frondosa e multicolorida das acer\u00e1ceas, o Santo Padre destacou que ela nos lembra \u201ca import\u00e2ncia do conjunto, de construir comunidades humanas n\u00e3o uniformizadas, mas realmente abertas e inclusivas\u201d, para em seguida evocar o valor da fam\u00edlia e as amea\u00e7as que recaem sobre ela.<\/p>\n<p>\u201cComo cada folha \u00e9 fundamental para enriquecer a ramagem, assim tamb\u00e9m cada fam\u00edlia, c\u00e9lula essencial da sociedade, h\u00e1 de ser valorizada, porque \u2018o futuro da humanidade passa pela fam\u00edlia\u2019. \u00c9 a primeira realidade social concreta, mas est\u00e1 amea\u00e7ada por muitos fatores: viol\u00eancia dom\u00e9stica, frenesia do trabalho, mentalidade individualista, carreirismo desenfreado, desemprego, solid\u00e3o dos jovens, abandono dos idosos e dos enfermos&#8230; As popula\u00e7\u00f5es ind\u00edgenas t\u00eam tanto para nos ensinar sobre a guarda e a tutela da fam\u00edlia, onde se aprende, j\u00e1 desde crian\u00e7a, a reconhecer o que est\u00e1 certo e o que \u00e9 errado, dizer a verdade, partilhar, corrigir os erros, recome\u00e7ar, animar-se, reconciliar-se. Que o mal sofrido pelos povos ind\u00edgenas nos sirva hoje de alerta, para que o cuidado e os direitos da fam\u00edlia n\u00e3o sejam postos de lado em nome de eventuais exig\u00eancias produtivas e interesses individuais\u201d, advertiu.<\/p>\n<p>Francisco insistiu sobre as folhas de acer\u00e1cea para ressaltar que nos tempos de guerra, os soldados usavam-nas como ligaduras e medicamentos para as feridas.<\/p>\n<p><strong>A loucura insensta da guerra, curar as feridas do \u00f3dio<\/strong><\/p>\n<p>\u201cHoje, face \u00e0 loucura insensata da guerra, precisamos novamente de lenir os extremismos da contraposi\u00e7\u00e3o e curar as feridas do \u00f3dio\u201d, disse Francisco, acrescentando que \u201cn\u00e3o precisamos de dividir o mundo em amigos e inimigos, manter as dist\u00e2ncias e voltar a armar-nos at\u00e9 aos dentes: n\u00e3o ser\u00e3o as corridas aos armamentos e as estrat\u00e9gias de dissuas\u00e3o que trar\u00e3o paz e seguran\u00e7a. N\u00e3o h\u00e1 necessidade de perguntar-se como continuar as guerras, mas como par\u00e1-las. H\u00e1 necessidade de impedir que os povos voltem a ser ref\u00e9ns da tritura\u00e7\u00e3o de espaventosas guerras frias alargadas. H\u00e1 necessidade de pol\u00edticas criativas e clarividentes, que saibam sair dos esquemas de parte para dar resposta aos desafios globais\u201d.<\/p>\n<p>O Santo Padre lembrou que \u201cos grandes desafios de hoje, como a paz, as altera\u00e7\u00f5es clim\u00e1ticas, os efeitos da pandemia e as migra\u00e7\u00f5es internacionais t\u00eam em comum uma constante: s\u00e3o globais, afetam a todos\u201d. Antes de concluir, destacou que \u00e9 preciso valorizar os desejos de fraternidade, justi\u00e7a e paz das jovens gera\u00e7\u00f5es, que \u00e9 preciso tamb\u00e9m trabalhar para superar a ret\u00f3rica do medo a respeito dos imigrantes e dar-lhes a possibilidade concreta de se envolverem responsavelmente na sociedade. E \u201cpara se conseguir isto &#8211; enfatizou \u2013, s\u00e3o indispens\u00e1veis os direitos e a democracia\u201d. Trabalhando juntos, de comum acordo, \u00e9 que se enfrentam os prementes desafios de hoje, finalizou o Papa.<\/p>\n<\/div>\n<div class=\"article__text \">\n<p><b>Raimundo de Lima &#8211; Vatican News<\/b><\/p>\n<\/div>\n","protected":false},"excerpt":{"rendered":"<p>\u00c9 necess\u00e1rio &#8220;promover os direitos leg\u00edtimos das popula\u00e7\u00f5es nativas e favorecer processos de cura e reconcilia\u00e7\u00e3o entre elas e os n\u00e3o ind\u00edgenas do pa\u00eds. Isto reflete-se no vosso empenho por responder adequadamente aos apelos da Comiss\u00e3o em prol da Verdade e da Reconcilia\u00e7\u00e3o, bem como na solicitude em reconhecer os direitos dos povos ind\u00edgenas\u201d: disse&nbsp;<\/p>\n<p><a class=\"btn btn-style\" href=\"http:\/\/portalcatolico.net\/portal\/o-papa-promover-os-direitos-dos-povos-indigenas-e-favorecer-a-cura-e-reconciliacao\/\">Continue Reading<\/a><\/p>\n","protected":false},"author":2,"featured_media":76062,"comment_status":"open","ping_status":"open","sticky":false,"template":"","format":"standard","meta":{"footnotes":""},"categories":[5],"tags":[],"class_list":["post-76061","post","type-post","status-publish","format-standard","has-post-thumbnail","hentry","category-igreja_no_mundo"],"_links":{"self":[{"href":"http:\/\/portalcatolico.net\/portal\/wp-json\/wp\/v2\/posts\/76061","targetHints":{"allow":["GET"]}}],"collection":[{"href":"http:\/\/portalcatolico.net\/portal\/wp-json\/wp\/v2\/posts"}],"about":[{"href":"http:\/\/portalcatolico.net\/portal\/wp-json\/wp\/v2\/types\/post"}],"author":[{"embeddable":true,"href":"http:\/\/portalcatolico.net\/portal\/wp-json\/wp\/v2\/users\/2"}],"replies":[{"embeddable":true,"href":"http:\/\/portalcatolico.net\/portal\/wp-json\/wp\/v2\/comments?post=76061"}],"version-history":[{"count":1,"href":"http:\/\/portalcatolico.net\/portal\/wp-json\/wp\/v2\/posts\/76061\/revisions"}],"predecessor-version":[{"id":76063,"href":"http:\/\/portalcatolico.net\/portal\/wp-json\/wp\/v2\/posts\/76061\/revisions\/76063"}],"wp:featuredmedia":[{"embeddable":true,"href":"http:\/\/portalcatolico.net\/portal\/wp-json\/wp\/v2\/media\/76062"}],"wp:attachment":[{"href":"http:\/\/portalcatolico.net\/portal\/wp-json\/wp\/v2\/media?parent=76061"}],"wp:term":[{"taxonomy":"category","embeddable":true,"href":"http:\/\/portalcatolico.net\/portal\/wp-json\/wp\/v2\/categories?post=76061"},{"taxonomy":"post_tag","embeddable":true,"href":"http:\/\/portalcatolico.net\/portal\/wp-json\/wp\/v2\/tags?post=76061"}],"curies":[{"name":"wp","href":"https:\/\/api.w.org\/{rel}","templated":true}]}}