{"id":75986,"date":"2022-07-18T18:55:07","date_gmt":"2022-07-18T21:55:07","guid":{"rendered":"http:\/\/portalcatolico.net\/portal\/?p=75986"},"modified":"2022-07-18T20:34:47","modified_gmt":"2022-07-18T23:34:47","slug":"evento-catolico-reune-cerca-de-mil-homens-em-ilheus-neste-domingo","status":"publish","type":"post","link":"http:\/\/portalcatolico.net\/portal\/evento-catolico-reune-cerca-de-mil-homens-em-ilheus-neste-domingo\/","title":{"rendered":"Evento cat\u00f3lico re\u00fane cerca de mil homens em Ilh\u00e9us neste domingo"},"content":{"rendered":"<div class=\"v1OutlineElement v1Ltr v1SCXW221074022 v1BCX0\">\n<p class=\"v1Paragraph v1SCXW221074022 v1BCX0\" lang=\"PT-BR\"><span class=\"v1TextRun v1SCXW221074022 v1BCX0\" lang=\"PT-BR\"><span class=\"v1NormalTextRun v1SCXW221074022 v1BCX0\"><img loading=\"lazy\" decoding=\"async\" class=\" wp-image-75995 alignleft\" src=\"http:\/\/portalcatolico.net\/portal\/wp-content\/uploads\/2022\/07\/ios1-300x166.png\" alt=\"\" width=\"822\" height=\"455\" srcset=\"http:\/\/portalcatolico.net\/portal\/wp-content\/uploads\/2022\/07\/ios1-300x166.png 300w, http:\/\/portalcatolico.net\/portal\/wp-content\/uploads\/2022\/07\/ios1-768x426.png 768w, http:\/\/portalcatolico.net\/portal\/wp-content\/uploads\/2022\/07\/ios1.png 795w\" sizes=\"auto, (max-width: 822px) 100vw, 822px\" \/>A Missa de encerramento do 2\u00b0 Encontro Diocesano do Ter\u00e7o dos Homens da&nbsp;Diocese de Ilh\u00e9us, no litoral sul da Bahia, aconteceu \u00e0s 15h, na Catedral de S\u00e3o Sebasti\u00e3o, no centro da cidade, com a igreja completamente lotada. Participaram da celebra\u00e7\u00e3o, os Homens do Ter\u00e7o, dos mais de 25 munic\u00edpios que comp\u00f5em a Diocese de Ilh\u00e9us, al\u00e9m dos Homens do Ter\u00e7o da diocese de Itabuna, e convidados especiais.&nbsp;&nbsp;<\/span><\/span><span class=\"v1EOP v1SCXW221074022 v1BCX0\">&nbsp;<\/span><\/p>\n<\/div>\n<div class=\"v1OutlineElement v1Ltr v1SCXW221074022 v1BCX0\">\n<p class=\"v1Paragraph v1SCXW221074022 v1BCX0\" lang=\"PT-BR\"><span class=\"v1TextRun v1SCXW221074022 v1BCX0\" lang=\"PT-BR\"><span class=\"v1NormalTextRun v1SCXW221074022 v1BCX0\">A miss\u00e3o do Ter\u00e7o dos Homens \u00e9 resgatar, para o seio da Igreja de&nbsp;Cristo, homens de todas as idades, pois a presen\u00e7a masculina na Igreja \u00e9&nbsp;imprescind\u00edvel para a forma\u00e7\u00e3o da fam\u00edlia e da sociedade crist\u00e3.&nbsp;<\/span><\/span><span class=\"v1EOP v1SCXW221074022 v1BCX0\">&nbsp;<\/span><\/p>\n<\/div>\n<div class=\"v1OutlineElement v1Ltr v1SCXW221074022 v1BCX0\">\n<p class=\"v1Paragraph v1SCXW221074022 v1BCX0\" lang=\"PT-BR\"><span class=\"v1TextRun v1SCXW221074022 v1BCX0\" lang=\"PT-BR\"><span class=\"v1NormalTextRun v1SCXW221074022 v1BCX0\">O Ter\u00e7o dos Homens \u00e9 um exemplo de f\u00e9 e devo\u00e7\u00e3o. A ora\u00e7\u00e3o do ter\u00e7o, al\u00e9m&nbsp;de conduzir para a ora\u00e7\u00e3o, leva a pessoa a meditar sobre os principais&nbsp;mist\u00e9rios da reden\u00e7\u00e3o que Cristo oferece.&nbsp;<\/span><\/span><span class=\"v1EOP v1SCXW221074022 v1BCX0\">&nbsp;<\/span><\/p>\n<\/div>\n<div class=\"v1OutlineElement v1Ltr v1SCXW221074022 v1BCX0\">\n<p class=\"v1Paragraph v1SCXW221074022 v1BCX0\" lang=\"PT-BR\"><span class=\"v1TextRun v1SCXW221074022 v1BCX0\" lang=\"PT-BR\"><span class=\"v1NormalTextRun v1SCXW221074022 v1BCX0\">Com a medita\u00e7\u00e3o do mist\u00e9rio redentor, tamb\u00e9m \u00e9 poss\u00edvel lembrar de Maria de Nazar\u00e9,&nbsp;que assumiu a maternidade divina fazendo a vontade de Deus, ao p\u00f4r no mundo, o Salvador.&nbsp;<\/span><\/span><span class=\"v1EOP v1SCXW221074022 v1BCX0\">&nbsp;<\/span><\/p>\n<\/div>\n<div class=\"v1OutlineElement v1Ltr v1SCXW221074022 v1BCX0\">\n<p class=\"v1Paragraph v1SCXW221074022 v1BCX0\" lang=\"PT-BR\"><span class=\"v1TextRun v1SCXW221074022 v1BCX0\" lang=\"PT-BR\"><span class=\"v1NormalTextRun v1SCXW221074022 v1BCX0\">A missa de encerramento teve como tema central: &#8220;Com Maria, caminhamos juntos, fortalecidos pela Eucaristia, para viver e crescer em comunidade&#8221;.&nbsp;<\/span><\/span><span class=\"v1LineBreakBlob v1BlobObject v1DragDrop v1SCXW221074022 v1BCX0\"><span class=\"v1SCXW221074022 v1BCX0\">&nbsp;<\/span><br class=\"v1SCXW221074022 v1BCX0\"><\/span><span class=\"v1TextRun v1SCXW221074022 v1BCX0\" lang=\"PT-BR\"><span class=\"v1NormalTextRun v1SCXW221074022 v1BCX0\">O Encontro foi promovido pela Diocese de Ilh\u00e9us e organizado pela Regional Nordeste-3 e pela Sub-Regional Pastoral-6. O evento&nbsp;\u00e9 realizado anualmente e tem o objetivo de promover a forma\u00e7\u00e3o espiritual e a confraterniza\u00e7\u00e3o entre os membros do movimento.&nbsp;<\/span><\/span><span class=\"v1LineBreakBlob v1BlobObject v1DragDrop v1SCXW221074022 v1BCX0\"><span class=\"v1SCXW221074022 v1BCX0\">&nbsp;<\/span><br class=\"v1SCXW221074022 v1BCX0\"><\/span><span class=\"v1TextRun v1SCXW221074022 v1BCX0\" lang=\"PT-BR\"><span class=\"v1NormalTextRun v1SCXW221074022 v1BCX0\">O Encontro aconteceu&nbsp;pela manh\u00e3 no Centro de Conven\u00e7\u00f5es, na Avenida Soares Lopes, no&nbsp;centro da cidade, e foi finalizado \u00e0s 15h, com a santa missa na Catedral de S\u00e3o Sebasti\u00e3o.&nbsp;<\/span><\/span><span class=\"v1EOP v1SCXW221074022 v1BCX0\">&nbsp;<img loading=\"lazy\" decoding=\"async\" class=\"alignnone  wp-image-75998\" src=\"http:\/\/portalcatolico.net\/portal\/wp-content\/uploads\/2022\/07\/3fc147c2-c848-4352-aee2-5abe6008bbaf-300x169.jpg\" alt=\"\" width=\"817\" height=\"460\" srcset=\"http:\/\/portalcatolico.net\/portal\/wp-content\/uploads\/2022\/07\/3fc147c2-c848-4352-aee2-5abe6008bbaf-300x169.jpg 300w, http:\/\/portalcatolico.net\/portal\/wp-content\/uploads\/2022\/07\/3fc147c2-c848-4352-aee2-5abe6008bbaf-768x432.jpg 768w, http:\/\/portalcatolico.net\/portal\/wp-content\/uploads\/2022\/07\/3fc147c2-c848-4352-aee2-5abe6008bbaf-1024x576.jpg 1024w, http:\/\/portalcatolico.net\/portal\/wp-content\/uploads\/2022\/07\/3fc147c2-c848-4352-aee2-5abe6008bbaf.jpg 1280w\" sizes=\"auto, (max-width: 817px) 100vw, 817px\" \/><\/span><\/p>\n<\/div>\n<div class=\"v1OutlineElement v1Ltr v1SCXW221074022 v1BCX0\">\n<p class=\"v1Paragraph v1SCXW221074022 v1BCX0\" lang=\"PT-BR\"><span class=\"v1TextRun v1SCXW221074022 v1BCX0\" lang=\"PT-BR\"><span class=\"v1NormalTextRun v1SCXW221074022 v1BCX0\">Depois da acolhida, seguida de caf\u00e9 e adora\u00e7\u00e3o do Sant\u00edssimo Sacramento, \u00e0s&nbsp;9h, teve a primeira palestra com Paulo Henrique, da Par\u00f3quia S\u00e3o Paulo&nbsp;<\/span><\/span><span class=\"v1EOP v1SCXW221074022 v1BCX0\">&nbsp;<\/span><span class=\"v1TextRun v1SCXW221074022 v1BCX0\" lang=\"PT-BR\"><span class=\"v1NormalTextRun v1SCXW221074022 v1BCX0\">Ap\u00f3stolo de Ilh\u00e9us, sobre o tema central do encontro. A programa\u00e7\u00e3o do evento foi extensa, durante todo o domingo, teve testemunhos; sorteios de brindes; anima\u00e7\u00e3o musical da Banda Luz Maior; dramatiza\u00e7\u00e3o apresentada pelos Homens do Ter\u00e7o da Par\u00f3quia S\u00e3o Jos\u00e9 Oper\u00e1rio, de&nbsp;<\/span><span class=\"v1NormalTextRun v1ContextualSpellingAndGrammarErrorV2Themed v1SCXW221074022 v1BCX0\">Ipia\u00fa; &nbsp;ora\u00e7\u00e3o<\/span><span class=\"v1NormalTextRun v1SCXW221074022 v1BCX0\">&nbsp;do Ter\u00e7o de Nossa Senhora e almo\u00e7o.&nbsp;<\/span><\/span><span class=\"v1EOP v1SCXW221074022 v1BCX0\">&nbsp;<\/span><\/p>\n<\/div>\n<div class=\"v1OutlineElement v1Ltr v1SCXW221074022 v1BCX0\">\n<p class=\"v1Paragraph v1SCXW221074022 v1BCX0\" lang=\"PT-BR\"><span class=\"v1TextRun v1SCXW221074022 v1BCX0\" lang=\"PT-BR\"><span class=\"v1NormalTextRun v1SCXW221074022 v1BCX0\">A segunda palestra foi proferida pelo padre Evandro Almeida, da Par\u00f3quia S\u00e3o Francisco de Assis, do bairro Nelson Costa, em Ilh\u00e9us.&nbsp;<\/span><\/span><span class=\"v1LineBreakBlob v1BlobObject v1DragDrop v1SCXW221074022 v1BCX0\"><span class=\"v1SCXW221074022 v1BCX0\">&nbsp;<\/span><br class=\"v1SCXW221074022 v1BCX0\"><\/span><span class=\"v1EOP v1SCXW221074022 v1BCX0\">&nbsp;<\/span><\/p>\n<\/div>\n<div class=\"v1OutlineElement v1Ltr v1SCXW221074022 v1BCX0\">\n<p class=\"v1Paragraph v1SCXW221074022 v1BCX0\" lang=\"PT-BR\"><span class=\"v1TextRun v1SCXW221074022 v1BCX0\" lang=\"PT-BR\"><span class=\"v1NormalTextRun v1SCXW221074022 v1BCX0\">\u00c0 tarde, foram discutidos os preparativos para a participa\u00e7\u00e3o da XV Romaria Nacional do Ter\u00e7o dos Homens, prevista para o per\u00edodo de 10 a 12 de fevereiro de 2023, em Aparecida, interior de S\u00e3o Paulo (SP). &nbsp;Tamb\u00e9m teve a Caminhada de F\u00e9, animada pelo Minist\u00e9rio \u00c1gape de Ipia\u00fa, at\u00e9 a Catedral onde foi realizada a Missa em A\u00e7\u00e3o de Gra\u00e7as presidida por Dom Giovanni&nbsp;<\/span><span class=\"v1NormalTextRun v1SpellingErrorV2Themed v1SCXW221074022 v1BCX0\">Crippa<\/span><span class=\"v1NormalTextRun v1SCXW221074022 v1BCX0\">, e contou com as presen\u00e7as de diversos padres da Diocese. <\/span><\/span><\/p>\n<p class=\"v1Paragraph v1SCXW221074022 v1BCX0\" lang=\"PT-BR\"><span class=\"v1TextRun v1SCXW221074022 v1BCX0\" lang=\"PT-BR\"><span class=\"v1NormalTextRun v1SCXW221074022 v1BCX0\">Para encerrar com chave de ouro, o diretor espiritual e&nbsp;padre Clayton Souza Oliveira, da Par\u00f3quia Nossa Senhora das Gra\u00e7as, de Wenceslau Guimar\u00e3es, agradeceu a todos que contribu\u00edram para a realiza\u00e7\u00e3o do Encontro e disse: &#8220;<\/span><\/span><span class=\"v1TextRun v1SCXW221074022 v1BCX0\" lang=\"PT-BR\"><span class=\"v1NormalTextRun v1SCXW221074022 v1BCX0\">Que sejamos o canal da gra\u00e7a de Deus nas nossas par\u00f3quias, nas nossas comunidades.&#8221; E em seguida, todos cantaram o hino do Movimento Ter\u00e7o dos Homens.&nbsp;&nbsp;O Coordenador Diocesano M\u00e1rcio Barbosa, anunciou que o pr\u00f3ximo Encontro ser\u00e1 na&nbsp;<\/span><span class=\"v1NormalTextRun v1SpellingErrorV2Themed v1SCXW221074022 v1BCX0\">Forania<\/span><span class=\"v1NormalTextRun v1SCXW221074022 v1BCX0\">&nbsp;Litor\u00e2nea, com local e data a definir.&nbsp;<\/span><\/span><span class=\"v1EOP v1SCXW221074022 v1BCX0\">&nbsp;<\/span><\/p>\n<p style=\"font-weight: 400;\">O objetivo do \u201cTer\u00e7o dos Homens\u201d \u00e9 resgatar homens, porque a Igreja Cat\u00f3lica considera imprescind\u00edvel a presen\u00e7a masculina em nosso meio para a forma\u00e7\u00e3o da fam\u00edlia e de uma sociedade crist\u00e3. Outra miss\u00e3o do movimento \u00e9 despertar o comprometimento com a ora\u00e7\u00e3o, a f\u00e9, a evangeliza\u00e7\u00e3o, a mudan\u00e7a de vida e o amor aos necessitados. O movimento est\u00e1 presente em todo o Brasil e atualmente conta com mais de dois milh\u00f5es de integrantes no Mundo.<\/p>\n<p style=\"font-weight: 400;\">No sul da Bahia, s\u00e3o cerca de dois mil homens que participam de um projeto de evangeliza\u00e7\u00e3o nas \u00e1reas de abrang\u00eancia das dioceses de Itabuna e de Ilh\u00e9us. Em trinta munic\u00edpios da regi\u00e3o, os membros do \u201cTer\u00e7o dos Homens\u201d participam de a\u00e7\u00f5es sociais, contribuindo, por exemplo, em campanhas de agasalho durante o inverno, ajudando os mais carentes.<\/p>\n<\/div>\n","protected":false},"excerpt":{"rendered":"<p>A Missa de encerramento do 2\u00b0 Encontro Diocesano do Ter\u00e7o dos Homens da&nbsp;Diocese de Ilh\u00e9us, no litoral sul da Bahia, aconteceu \u00e0s 15h, na Catedral de S\u00e3o Sebasti\u00e3o, no centro da cidade, com a igreja completamente lotada. Participaram da celebra\u00e7\u00e3o, os Homens do Ter\u00e7o, dos mais de 25 munic\u00edpios que comp\u00f5em a Diocese de Ilh\u00e9us,&nbsp;<\/p>\n<p><a class=\"btn btn-style\" href=\"http:\/\/portalcatolico.net\/portal\/evento-catolico-reune-cerca-de-mil-homens-em-ilheus-neste-domingo\/\">Continue Reading<\/a><\/p>\n","protected":false},"author":2,"featured_media":75991,"comment_status":"open","ping_status":"open","sticky":false,"template":"","format":"standard","meta":{"footnotes":""},"categories":[4],"tags":[],"class_list":["post-75986","post","type-post","status-publish","format-standard","has-post-thumbnail","hentry","category-destaques"],"_links":{"self":[{"href":"http:\/\/portalcatolico.net\/portal\/wp-json\/wp\/v2\/posts\/75986","targetHints":{"allow":["GET"]}}],"collection":[{"href":"http:\/\/portalcatolico.net\/portal\/wp-json\/wp\/v2\/posts"}],"about":[{"href":"http:\/\/portalcatolico.net\/portal\/wp-json\/wp\/v2\/types\/post"}],"author":[{"embeddable":true,"href":"http:\/\/portalcatolico.net\/portal\/wp-json\/wp\/v2\/users\/2"}],"replies":[{"embeddable":true,"href":"http:\/\/portalcatolico.net\/portal\/wp-json\/wp\/v2\/comments?post=75986"}],"version-history":[{"count":9,"href":"http:\/\/portalcatolico.net\/portal\/wp-json\/wp\/v2\/posts\/75986\/revisions"}],"predecessor-version":[{"id":75999,"href":"http:\/\/portalcatolico.net\/portal\/wp-json\/wp\/v2\/posts\/75986\/revisions\/75999"}],"wp:featuredmedia":[{"embeddable":true,"href":"http:\/\/portalcatolico.net\/portal\/wp-json\/wp\/v2\/media\/75991"}],"wp:attachment":[{"href":"http:\/\/portalcatolico.net\/portal\/wp-json\/wp\/v2\/media?parent=75986"}],"wp:term":[{"taxonomy":"category","embeddable":true,"href":"http:\/\/portalcatolico.net\/portal\/wp-json\/wp\/v2\/categories?post=75986"},{"taxonomy":"post_tag","embeddable":true,"href":"http:\/\/portalcatolico.net\/portal\/wp-json\/wp\/v2\/tags?post=75986"}],"curies":[{"name":"wp","href":"https:\/\/api.w.org\/{rel}","templated":true}]}}