{"id":75825,"date":"2022-06-14T20:28:29","date_gmt":"2022-06-14T23:28:29","guid":{"rendered":"http:\/\/portalcatolico.net\/portal\/?p=75825"},"modified":"2022-06-14T20:31:07","modified_gmt":"2022-06-14T23:31:07","slug":"solenidade-de-corpus-christi-reunira-fieis-na-catedral-basilica-do-santissimo-salvador","status":"publish","type":"post","link":"http:\/\/portalcatolico.net\/portal\/solenidade-de-corpus-christi-reunira-fieis-na-catedral-basilica-do-santissimo-salvador\/","title":{"rendered":"Solenidade de Corpus Christi reunir\u00e1 fi\u00e9is na Catedral Bas\u00edlica do Sant\u00edssimo Salvador"},"content":{"rendered":"<p><em>Ap\u00f3s a Missa presidida pelo Cardeal Dom Sergio da Rocha, haver\u00e1 a prociss\u00e3o com o Sant\u00edssimo Sacramento pelas ruas do Centro Hist\u00f3rico da capital baiana<\/em><\/p>\n<p>No dia 16 de junho, a Igreja celebrar\u00e1 a Solenidade do Sant\u00edssimo Sacramento do Corpo e Sangue de Cristo (Corpus Christi). Na S\u00e9 Primacial da Igreja, o Arcebispo de Salvador e Primaz do Brasil, Cardeal Dom Sergio da Rocha, presidir\u00e1 a Missa Solene na Catedral Bas\u00edlica do Sant\u00edssimo Salvador (Pra\u00e7a Quinze de Novembro, s\/n, Centro Hist\u00f3rico), \u00e0s 9h. Logo ap\u00f3s a Celebra\u00e7\u00e3o Eucar\u00edstica, os fi\u00e9is sair\u00e3o em prociss\u00e3o, passando pela Pra\u00e7a da S\u00e9, Rua da Ajuda, Rua Chile, Pra\u00e7a Thom\u00e9 de Souza, Rua da Miseric\u00f3rdia, retornando pela Pra\u00e7a da S\u00e9 e contornando o Terreiro de Jesus, at\u00e9 o adro da Catedral, onde os fi\u00e9is receber\u00e3o a b\u00ean\u00e7\u00e3o do Sant\u00edssimo Sacramento.<\/p>\n<p>Em carta ao clero da Arquidiocese de Salvador, Dom Sergio orientou que &#8220;considerando o contexto da pandemia, que infelizmente perdura, est\u00e3o sendo convidados para a celebra\u00e7\u00e3o na Catedral somente as par\u00f3quias da Forania 1, al\u00e9m dos membros das Irmandades. Os fi\u00e9is est\u00e3o sendo incentivados a participarem da missa em suas respectivas par\u00f3quias. Nas par\u00f3quias, a prociss\u00e3o com o Sant\u00edssimo Sacramento poder\u00e1 ser realizada ap\u00f3s a missa que tiver a maior participa\u00e7\u00e3o dos fi\u00e9is, evitando-se trajeto longo e aglomera\u00e7\u00e3o de pessoas. \u00c9 aconselh\u00e1vel o uso de m\u00e1scaras, considerando-se o novo crescimento dos casos de COVID-19 no Brasil. Onde n\u00e3o for poss\u00edvel realizar a prociss\u00e3o, seja dada a b\u00ean\u00e7\u00e3o do Sant\u00edssimo Sacramento, no final da principal celebra\u00e7\u00e3o eucar\u00edstica, ap\u00f3s &#8216;tempo conveniente&#8217; de ora\u00e7\u00e3o, que pode incluir &#8216;c\u00e2nticos, preces e a ora\u00e7\u00e3o silenciosa&#8217;, conforme as normas lit\u00fargicas em vigor&#8221;, escreveu o Cardeal.<\/p>\n<p><strong>&nbsp;<\/strong><strong>Corpus Christi<\/strong><\/p>\n<p>A Solenidade do Sant\u00edssimo Sacramento do Corpo e Sangue de Cristo teve in\u00edcio em Li\u00e9ge, na B\u00e9lgica, no s\u00e9culo XII. Na \u00e9poca, Juliana de Monte Cornillon, superiora da Abadia de Cornillon, teve uma vis\u00e3o da Igreja sob a apar\u00eancia de lua cheia com uma mancha negra, que significava a aus\u00eancia desta solenidade.<\/p>\n<p>Diante disso, a abadessa comunicou as apari\u00e7\u00f5es ao ent\u00e3o bispo de Li\u00e9ge e ao Papa Urbano IV. Na \u00e9poca, o pont\u00edfice, que morava em Orvieto, na It\u00e1lia, tamb\u00e9m foi comunicado sobre um milagre eucar\u00edstico que aconteceu em uma cidade pr\u00f3xima, chamada Bolsena. Foi neste local que o padre Pedro de Praga celebrou a Missa na cripta de Santa Cristina e, ao ter d\u00favidas sobre o sacramento da Eucaristia, presenciou que, ap\u00f3s a consagra\u00e7\u00e3o, da h\u00f3stia consagrada pingaram gotas de sangue sobre o corporal.<\/p>\n<p>Ao saber sobre o que tinha acontecido, o Papa Urbano IV ordenou ao bispo, Dom Giacomo, que levasse as rel\u00edquias de Bolsena a Orvieto, o que aconteceu em prociss\u00e3o. Quando o Santo Padre encontrou os fi\u00e9is caminhando na entrada da cidade, diante da rel\u00edquia eucar\u00edstica, pronunciou as palavras \u201cCorpus Christi\u201d (Corpo de Cristo).<\/p>\n<p>Movido pelo milagre, o Papa Urbano IV instituiu, em 1264, por meio da bula&nbsp;<em>Transiturus de hoc mundo<\/em>, a Solenidade de Corpus Christi. Pouco tempo mais tarde, com a morte do Papa Urbano IV, a difus\u00e3o da festa ficou um pouco prejudicada. Por\u00e9m, o seguinte Papa, Clemente V, no Conc\u00edlio Geral de Viena (1311), ordenou que a festa fosse realizada, e em 1317 o Papa Jo\u00e3o XXIII promulgou o decreto, estendendo a Solenidade para toda a Igreja.<\/p>\n<p>A prociss\u00e3o que acontece ap\u00f3s a Missa de Corpus Christi foi adotada pelos Papas Martinho V e Eug\u00eanio IV, passando a serem realizadas a partir do s\u00e9culo XIV. J\u00e1 no ano de 1500, o Conc\u00edlio de Trento declarou que \u201cSeja celebrado este excelso e vener\u00e1vel sacramento com singular venera\u00e7\u00e3o e solenidade; e reverente e honradamente seja levado em prociss\u00e3o pelas ruas e lugares p\u00fablicos\u201d.<\/p>\n<p>No Brasil, a primeira manifesta\u00e7\u00e3o p\u00fablica de louvores \u00e0 Eucaristia aconteceu na cidade de Salvador, na Bahia, no ano de 1549. De acordo com o calend\u00e1rio lit\u00fargico, a Solenidade de Corpus Christi acontece sempre na quinta-feira seguinte \u00e0 Solenidade da Sant\u00edssima Trindade. Contudo, \u00e9 importante lembrar que o dia de comemora\u00e7\u00e3o do Sacramento da Eucaristia \u00e9 a Quinta-feira Santa, dia em que foi institu\u00edda, enquanto que a festa de Corpus Christi se constitui como a confirma\u00e7\u00e3o da presen\u00e7a amorosa de Jesus. Foto: Divulga\u00e7\u00e3o<\/p>\n<p>Texto: Sara Gomes<\/p>\n","protected":false},"excerpt":{"rendered":"<p>Ap\u00f3s a Missa presidida pelo Cardeal Dom Sergio da Rocha, haver\u00e1 a prociss\u00e3o com o Sant\u00edssimo Sacramento pelas ruas do Centro Hist\u00f3rico da capital baiana No dia 16 de junho, a Igreja celebrar\u00e1 a Solenidade do Sant\u00edssimo Sacramento do Corpo e Sangue de Cristo (Corpus Christi). Na S\u00e9 Primacial da Igreja, o Arcebispo de Salvador&nbsp;<\/p>\n<p><a class=\"btn btn-style\" href=\"http:\/\/portalcatolico.net\/portal\/solenidade-de-corpus-christi-reunira-fieis-na-catedral-basilica-do-santissimo-salvador\/\">Continue Reading<\/a><\/p>\n","protected":false},"author":2,"featured_media":0,"comment_status":"open","ping_status":"open","sticky":false,"template":"","format":"standard","meta":{"footnotes":""},"categories":[4],"tags":[],"class_list":["post-75825","post","type-post","status-publish","format-standard","hentry","category-destaques"],"_links":{"self":[{"href":"http:\/\/portalcatolico.net\/portal\/wp-json\/wp\/v2\/posts\/75825","targetHints":{"allow":["GET"]}}],"collection":[{"href":"http:\/\/portalcatolico.net\/portal\/wp-json\/wp\/v2\/posts"}],"about":[{"href":"http:\/\/portalcatolico.net\/portal\/wp-json\/wp\/v2\/types\/post"}],"author":[{"embeddable":true,"href":"http:\/\/portalcatolico.net\/portal\/wp-json\/wp\/v2\/users\/2"}],"replies":[{"embeddable":true,"href":"http:\/\/portalcatolico.net\/portal\/wp-json\/wp\/v2\/comments?post=75825"}],"version-history":[{"count":1,"href":"http:\/\/portalcatolico.net\/portal\/wp-json\/wp\/v2\/posts\/75825\/revisions"}],"predecessor-version":[{"id":75826,"href":"http:\/\/portalcatolico.net\/portal\/wp-json\/wp\/v2\/posts\/75825\/revisions\/75826"}],"wp:attachment":[{"href":"http:\/\/portalcatolico.net\/portal\/wp-json\/wp\/v2\/media?parent=75825"}],"wp:term":[{"taxonomy":"category","embeddable":true,"href":"http:\/\/portalcatolico.net\/portal\/wp-json\/wp\/v2\/categories?post=75825"},{"taxonomy":"post_tag","embeddable":true,"href":"http:\/\/portalcatolico.net\/portal\/wp-json\/wp\/v2\/tags?post=75825"}],"curies":[{"name":"wp","href":"https:\/\/api.w.org\/{rel}","templated":true}]}}