{"id":75604,"date":"2022-05-21T21:57:49","date_gmt":"2022-05-22T00:57:49","guid":{"rendered":"http:\/\/portalcatolico.net\/portal\/?p=75604"},"modified":"2022-05-21T21:58:05","modified_gmt":"2022-05-22T00:58:05","slug":"vocacionistas-fieis-ao-carisma-inicial-servem-ao-povo-de-deus-nos-cinco-continentes","status":"publish","type":"post","link":"http:\/\/portalcatolico.net\/portal\/vocacionistas-fieis-ao-carisma-inicial-servem-ao-povo-de-deus-nos-cinco-continentes\/","title":{"rendered":"Vocacionistas: fi\u00e9is ao carisma inicial, servem ao povo de Deus nos cinco continentes"},"content":{"rendered":"<div class=\"article__subTitle\">S\u00e3o Justino Maria Russolillo, elevado \u00e0 honra dos altares com a sua canoniza\u00e7\u00e3o no domingo, 15 de maio, \u00e9 o fundador da Sociedade das Divinas Voca\u00e7\u00f5es. Para nos falar sobre esta Congrega\u00e7\u00e3o religiosa, a R\u00e1dio Vaticano \u2013 Vatican News ouviu o superior geral dos Vocacionistas, padre Ant\u00f4nio Rafael do Nascimento, que nos destaca, entre outros, que o Brasil foi a \u00fanica na\u00e7\u00e3o \u00e0 qual \u2013 ainda em vida \u2013 o padre fundador viu chegar a sua Congrega\u00e7\u00e3o, com o envio, em 1950, dos tr\u00eas primeiros mission\u00e1rios<\/div>\n<div>&nbsp;<\/div>\n<div class=\"title__separator\">No domingo, 15 de maio, dez beatos foram elevados \u00e0 honra dos altares com a solene canoniza\u00e7\u00e3o presidida pelo Papa Francisco na Pra\u00e7a S\u00e3o Pedro. Entre os novos Santos encontra-se o fundador da Sociedade das Divinas Voca\u00e7\u00f5es &#8211; mais conhecidos como Vocacionistas -, padre Justino Maria Russolillo, o \u201cAp\u00f3stolo das voca\u00e7\u00f5es\u201d. Ele fundou ainda mais dois Institutos, tendo a Fam\u00edlia Vocacionista tamb\u00e9m um ramo feminino.<\/div>\n<div>&nbsp;<\/div>\n<div>\n<p>Nascido em 18 de janeiro de 1891 em Pianura de N\u00e1poles, sul da It\u00e1lia, foi ordenado sacerdote em 20 de setembro de 1913. Homem de Deus profundamente marcado por uma espiritualidade trinit\u00e1ria, o servo das voca\u00e7\u00f5es alimentava um grande amor por Jesus Eucaristia. Morreu serenamente em Pianura de N\u00e1poles em 2 de agosto de 1955. Suas ex\u00e9quias foram uma verdadeira apoteose, uma festa para o p\u00e1roco \u201csanto\u201d. Atualmente, os consagrados e as consagradas dos tr\u00eas Institutos fundador por ele, fi\u00e9is ao carisma inicial, servem ao povo de Deus nos cinco continentes, em dezenove na\u00e7\u00f5es.<\/p>\n<p>Para nos falar sobre a Sociedade das Divinas Voca\u00e7\u00f5es, a R\u00e1dio Vaticano \u2013 Vatican News, ouviu o superior geral dos Vocacionistas, padre Ant\u00f4nio Rafael do Nascimento, brasileiro do Rio Grande do Norte, que nos destaca, entre outros, que o Brasil foi a \u00fanica na\u00e7\u00e3o \u00e0 qual \u2013 ainda em vida \u2013 o padre fundador viu chegar a sua Congrega\u00e7\u00e3o, com o envio, em 1950, dos tr\u00eas primeiros mission\u00e1rios. Padre Ant\u00f4nio Rafael nos apresenta a Congrega\u00e7\u00e3o fundada pelo novo Santo (ou\u00e7a na \u00edntegra clicando acima).<\/p>\n<\/div>\n<div class=\"article__text \">\n<p><b>Por: Raimundo de Lima &#8211; Vatican News<\/b><\/p>\n<\/div>\n","protected":false},"excerpt":{"rendered":"<p>S\u00e3o Justino Maria Russolillo, elevado \u00e0 honra dos altares com a sua canoniza\u00e7\u00e3o no domingo, 15 de maio, \u00e9 o fundador da Sociedade das Divinas Voca\u00e7\u00f5es. Para nos falar sobre esta Congrega\u00e7\u00e3o religiosa, a R\u00e1dio Vaticano \u2013 Vatican News ouviu o superior geral dos Vocacionistas, padre Ant\u00f4nio Rafael do Nascimento, que nos destaca, entre outros,&nbsp;<\/p>\n<p><a class=\"btn btn-style\" href=\"http:\/\/portalcatolico.net\/portal\/vocacionistas-fieis-ao-carisma-inicial-servem-ao-povo-de-deus-nos-cinco-continentes\/\">Continue Reading<\/a><\/p>\n","protected":false},"author":2,"featured_media":75605,"comment_status":"open","ping_status":"open","sticky":false,"template":"","format":"standard","meta":{"footnotes":""},"categories":[5],"tags":[],"class_list":["post-75604","post","type-post","status-publish","format-standard","has-post-thumbnail","hentry","category-igreja_no_mundo"],"_links":{"self":[{"href":"http:\/\/portalcatolico.net\/portal\/wp-json\/wp\/v2\/posts\/75604","targetHints":{"allow":["GET"]}}],"collection":[{"href":"http:\/\/portalcatolico.net\/portal\/wp-json\/wp\/v2\/posts"}],"about":[{"href":"http:\/\/portalcatolico.net\/portal\/wp-json\/wp\/v2\/types\/post"}],"author":[{"embeddable":true,"href":"http:\/\/portalcatolico.net\/portal\/wp-json\/wp\/v2\/users\/2"}],"replies":[{"embeddable":true,"href":"http:\/\/portalcatolico.net\/portal\/wp-json\/wp\/v2\/comments?post=75604"}],"version-history":[{"count":1,"href":"http:\/\/portalcatolico.net\/portal\/wp-json\/wp\/v2\/posts\/75604\/revisions"}],"predecessor-version":[{"id":75606,"href":"http:\/\/portalcatolico.net\/portal\/wp-json\/wp\/v2\/posts\/75604\/revisions\/75606"}],"wp:featuredmedia":[{"embeddable":true,"href":"http:\/\/portalcatolico.net\/portal\/wp-json\/wp\/v2\/media\/75605"}],"wp:attachment":[{"href":"http:\/\/portalcatolico.net\/portal\/wp-json\/wp\/v2\/media?parent=75604"}],"wp:term":[{"taxonomy":"category","embeddable":true,"href":"http:\/\/portalcatolico.net\/portal\/wp-json\/wp\/v2\/categories?post=75604"},{"taxonomy":"post_tag","embeddable":true,"href":"http:\/\/portalcatolico.net\/portal\/wp-json\/wp\/v2\/tags?post=75604"}],"curies":[{"name":"wp","href":"https:\/\/api.w.org\/{rel}","templated":true}]}}