{"id":75600,"date":"2022-05-21T10:16:00","date_gmt":"2022-05-21T13:16:00","guid":{"rendered":"http:\/\/portalcatolico.net\/portal\/?p=75600"},"modified":"2022-05-21T13:16:19","modified_gmt":"2022-05-21T16:16:19","slug":"a-celebracao-de-santa-rita-de-cassia-oracoes-pela-paz","status":"publish","type":"post","link":"http:\/\/portalcatolico.net\/portal\/a-celebracao-de-santa-rita-de-cassia-oracoes-pela-paz\/","title":{"rendered":"A Celebra\u00e7\u00e3o de Santa Rita de C\u00e1ssia: ora\u00e7\u00f5es pela paz"},"content":{"rendered":"<div class=\"article__subTitle\">Neste s\u00e1bado (21\/5), na cidade de C\u00e1ssia, na regi\u00e3o italiana da \u00dambria, iniciam as celebra\u00e7\u00f5es pelo dia de Santa Rita, monja agostiniana que viveu entre os s\u00e9culos XIV e XV. Na manh\u00e3 de domingo, o Cardeal Secret\u00e1rio de Estado, Pietro Parolin, presidir\u00e1 \u00e0 solene Santa Missa em mem\u00f3ria desta santa, venerada no mundo inteiro<\/div>\n<div>&nbsp;<\/div>\n<div class=\"title__separator\">\n<p>Por ocasi\u00e3o das celebra\u00e7\u00f5es da festa de Santa Rita de C\u00e1ssia, a santa das \u201ccausas imposs\u00edveis\u201d, Madre Maria Rosa Bernardinis, abadessa do Mosteiro de Santa Rita, em C\u00e1ssia, declarou: &#8220;Dedicaremos nossas ora\u00e7\u00f5es, no pr\u00f3ximo dia 22 de maio, de modo particular, ao povo ucraniano e a todos os que sofrem nas guerras, para que haja paz, direito e dever para cada um de n\u00f3s&#8221;.<\/p>\n<p>Com efeito, neste fim de semana, na cidadezinha da regi\u00e3o italiana da \u00dambria, est\u00e3o previstas v\u00e1rias iniciativas: neste s\u00e1bado (21\/5), as celebra\u00e7\u00f5es de Santa Rita come\u00e7ar\u00e3o, oficialmente, com o retorno da Tocha da Paz e do Perd\u00e3o, acesa no \u00faltimo dia em 22 de mar\u00e7o, em visita a Crac\u00f3via, Pol\u00f4nia, que este ano \u00e9 geminada com C\u00e1ssia. Domingo de manh\u00e3, o Cardeal Secret\u00e1rio de Estado, Pietro Parolin, presidir\u00e1 \u00e0 solene celebra\u00e7\u00e3o Eucar\u00edstica. A seguir, haver\u00e1 a ora\u00e7\u00e3o da s\u00faplica e a b\u00ean\u00e7\u00e3o das rosas, s\u00edmbolos da taumaturga.<\/p>\n<p>Durante as celebra\u00e7\u00f5es, Madre Maria Rosa faz seus sentidos votos: \u201cQue o amor de Santa Rita possa tocar, em todos os lugares, o cora\u00e7\u00e3o de quem precisa de carinho, conforto e coragem, e tornar poss\u00edvel um di\u00e1logo livre com Deus e o pr\u00f3ximo e com Deus, a quem \u00e9 prisioneiro do \u00f3dio. Neste per\u00edodo de conflitos, divis\u00f5es e dificuldades, espero que a festa de Santa Rita seja uma nova aurora de esperan\u00e7a, f\u00e9 e fraternidade para a It\u00e1lia, a Europa e o mundo inteiro\u201d.<\/p>\n<p><b>Transmiss\u00e3o dos eventos<\/b><\/p>\n<p>A maratona das transmiss\u00f5es ao vivo dos eventos volta de novo, neste fim de semana, com v\u00eddeos in\u00e9ditos, em que as monjas narram suas hist\u00f3rias e abrem as portas dos locais do mosteiro n\u00e3o abertos ao p\u00fablico: galinheiro, horta, laborat\u00f3rio de artesanato; falam tamb\u00e9m de outras atividades, da apicultura \u00e0 ora\u00e7\u00e3o, da escuta \u00e0 confec\u00e7\u00e3o de deliciosas bolachas. Com estas iniciativas, as monjas Agostinianas querem demonstrar sua proximidade com os devotos de Santa Rita, que colaboram com as obras de caridade do mosteiro, entre os quais a Casa de Santa Rita. Trata-se de um projeto que prev\u00ea a constru\u00e7\u00e3o de um lugar de acolhida para as fam\u00edlias dos enfermos do hospital de C\u00e1ssia, que v\u00eam de todas as partes da It\u00e1lia. Atrav\u00e9s do site do mosteiro, os fi\u00e9is poder\u00e3o participar da festa de Santa Rita, compartilhando suas inten\u00e7\u00f5es e pedidos de ora\u00e7\u00e3o, baixando rosas virtuais. Enfim, poder\u00e3o ser embaixadores do amor da santa das \u201ccausas imposs\u00edveis\u201d, junto aos mais fr\u00e1geis, fazendo suas doa\u00e7\u00f5es para a constru\u00e7\u00e3o da Casa de Santa Rita. Para apoiar este novo projeto, a Funda\u00e7\u00e3o Santa Rita da C\u00e1ssia, sem fins lucrativos, arrecadar\u00e1 ofertas durante as transmiss\u00f5es. A maratona de v\u00eddeos apresentar\u00e1 tamb\u00e9m testemunhos, da It\u00e1lia e do mundo, entrevistas e curtas-metragens sobre os epis\u00f3dios mais significativos da vida de Santa Rita.<\/p>\n<p><b>Programa das celebra\u00e7\u00f5es<\/b><\/p>\n<p>Segundo o programa das celebra\u00e7\u00f5es, na tarde deste s\u00e1bado, haver\u00e1 uma liturgia Eucar\u00edstica, na Bas\u00edlica de Santa Rita, presidida pelo Padre Alejandro Moral Ant\u00f2n, prior geral da Ordem de Santo Agostinho. A seguir, haver\u00e1 a entrega do \u201cPr\u00eamio Internacional Santa Rita 2022\u201d e a comemora\u00e7\u00e3o da morte de Santa Rita. \u00c0 noite, no centro de C\u00e1ssia, haver\u00e1 o desfile das bandeiras dos munic\u00edpios de Valnerina e a prociss\u00e3o das autoridades civis, religiosas e militares e de uma delega\u00e7\u00e3o de Crac\u00f3via, que se concluir\u00e1 na Bas\u00edlica de Santa Rita. Ali haver\u00e1 a troca de presentes, entre os munic\u00edpios geminados de C\u00e1ssia com a cidade polonesa, e a acolhida da Tocha da Paz e do Perd\u00e3o. Enfim, domingo, 22 de maio, dia da morte de Santa Rita, antes da celebra\u00e7\u00e3o Eucar\u00edstica, presidida pelo Cardeal Secret\u00e1rio de Estado, Pietro Parolin, haver\u00e1 a hist\u00f3rica prociss\u00e3o de personagens da vida de Santa Rita, proveniente de Roccaporena, cidade natal da Santa. Na noite de domingo, o reitor da Bas\u00edlica, Padre Luciano De Michieli, presidir\u00e1 a uma solene Santa Missa na inten\u00e7\u00e3o dos benfeitores do Santu\u00e1rio.<\/p>\n<\/div>\n<div class=\"article__text \">\n<p><b>Por: Tiziana Campisi &#8211; Vatican News<\/b><\/p>\n<\/div>\n","protected":false},"excerpt":{"rendered":"<p>Neste s\u00e1bado (21\/5), na cidade de C\u00e1ssia, na regi\u00e3o italiana da \u00dambria, iniciam as celebra\u00e7\u00f5es pelo dia de Santa Rita, monja agostiniana que viveu entre os s\u00e9culos XIV e XV. Na manh\u00e3 de domingo, o Cardeal Secret\u00e1rio de Estado, Pietro Parolin, presidir\u00e1 \u00e0 solene Santa Missa em mem\u00f3ria desta santa, venerada no mundo inteiro &nbsp;&nbsp;<\/p>\n<p><a class=\"btn btn-style\" href=\"http:\/\/portalcatolico.net\/portal\/a-celebracao-de-santa-rita-de-cassia-oracoes-pela-paz\/\">Continue Reading<\/a><\/p>\n","protected":false},"author":2,"featured_media":75601,"comment_status":"open","ping_status":"open","sticky":false,"template":"","format":"standard","meta":{"footnotes":""},"categories":[5],"tags":[],"class_list":["post-75600","post","type-post","status-publish","format-standard","has-post-thumbnail","hentry","category-igreja_no_mundo"],"_links":{"self":[{"href":"http:\/\/portalcatolico.net\/portal\/wp-json\/wp\/v2\/posts\/75600","targetHints":{"allow":["GET"]}}],"collection":[{"href":"http:\/\/portalcatolico.net\/portal\/wp-json\/wp\/v2\/posts"}],"about":[{"href":"http:\/\/portalcatolico.net\/portal\/wp-json\/wp\/v2\/types\/post"}],"author":[{"embeddable":true,"href":"http:\/\/portalcatolico.net\/portal\/wp-json\/wp\/v2\/users\/2"}],"replies":[{"embeddable":true,"href":"http:\/\/portalcatolico.net\/portal\/wp-json\/wp\/v2\/comments?post=75600"}],"version-history":[{"count":1,"href":"http:\/\/portalcatolico.net\/portal\/wp-json\/wp\/v2\/posts\/75600\/revisions"}],"predecessor-version":[{"id":75602,"href":"http:\/\/portalcatolico.net\/portal\/wp-json\/wp\/v2\/posts\/75600\/revisions\/75602"}],"wp:featuredmedia":[{"embeddable":true,"href":"http:\/\/portalcatolico.net\/portal\/wp-json\/wp\/v2\/media\/75601"}],"wp:attachment":[{"href":"http:\/\/portalcatolico.net\/portal\/wp-json\/wp\/v2\/media?parent=75600"}],"wp:term":[{"taxonomy":"category","embeddable":true,"href":"http:\/\/portalcatolico.net\/portal\/wp-json\/wp\/v2\/categories?post=75600"},{"taxonomy":"post_tag","embeddable":true,"href":"http:\/\/portalcatolico.net\/portal\/wp-json\/wp\/v2\/tags?post=75600"}],"curies":[{"name":"wp","href":"https:\/\/api.w.org\/{rel}","templated":true}]}}