{"id":75594,"date":"2022-05-21T13:04:51","date_gmt":"2022-05-21T16:04:51","guid":{"rendered":"http:\/\/portalcatolico.net\/portal\/?p=75594"},"modified":"2022-05-21T13:04:51","modified_gmt":"2022-05-21T16:04:51","slug":"bispo-da-diocese-de-itabuna-celebra-39-anos-de-vida-sacerdotal","status":"publish","type":"post","link":"http:\/\/portalcatolico.net\/portal\/bispo-da-diocese-de-itabuna-celebra-39-anos-de-vida-sacerdotal\/","title":{"rendered":"Bispo da Diocese de Itabuna celebra 39 anos de vida sacerdotal"},"content":{"rendered":"<div class=\"v1OutlineElement v1Ltr v1SCXW243501997 v1BCX0\">\n<p class=\"v1Paragraph v1SCXW243501997 v1BCX0\" lang=\"PT-BR\"><span class=\"v1TextRun v1SCXW243501997 v1BCX0\" lang=\"PT-BR\"><span class=\"v1NormalTextRun v1SCXW243501997 v1BCX0\">Dom&nbsp;Carlos&nbsp;<\/span><span class=\"v1NormalTextRun v1SCXW243501997 v1BCX0\">Alberto dos Santos, o&nbsp;<\/span><span class=\"v1NormalTextRun v1ContextualSpellingAndGrammarErrorV2Themed v1SCXW243501997 v1BCX0\">bispo&nbsp; da<\/span><span class=\"v1NormalTextRun v1SCXW243501997 v1BCX0\">&nbsp;Diocese de Itabuna, est\u00e1&nbsp;completando hoje, 21 de maio, mais um anivers\u00e1rio de Ordena\u00e7\u00e3o Sacerdotal.<\/span><\/span><span class=\"v1EOP v1SCXW243501997 v1BCX0\">&nbsp;<\/span><\/p>\n<\/div>\n<div class=\"v1OutlineElement v1Ltr v1SCXW243501997 v1BCX0\">\n<p class=\"v1Paragraph v1SCXW243501997 v1BCX0\" lang=\"PT-BR\"><span class=\"v1TextRun v1SCXW243501997 v1BCX0\" lang=\"PT-BR\"><span class=\"v1NormalTextRun v1SCXW243501997 v1BCX0\">S\u00e3o 39 anos de evangeliza\u00e7\u00e3o e pastoreio aos milhares de&nbsp;<\/span><span class=\"v1NormalTextRun v1ContextualSpellingAndGrammarErrorV2Themed v1SCXW243501997 v1BCX0\">fieis<\/span><span class=\"v1NormalTextRun v1SCXW243501997 v1BCX0\">&nbsp;no sul da&nbsp;Bahia.<\/span><\/span><span class=\"v1EOP v1SCXW243501997 v1BCX0\">&nbsp;<\/span><\/p>\n<\/div>\n<div class=\"v1OutlineElement v1Ltr v1SCXW243501997 v1BCX0\">\n<p class=\"v1Paragraph v1SCXW243501997 v1BCX0\" lang=\"PT-BR\"><span class=\"v1TextRun v1SCXW243501997 v1BCX0\" lang=\"PT-BR\"><span class=\"v1NormalTextRun v1SCXW243501997 v1BCX0\">Dom&nbsp;Carlos&nbsp;<\/span><span class=\"v1NormalTextRun v1SCXW243501997 v1BCX0\">Alberto dos&nbsp;<\/span><span class=\"v1NormalTextRun v1ContextualSpellingAndGrammarErrorV2Themed v1SCXW243501997 v1BCX0\">Santos&nbsp; teve<\/span><span class=\"v1NormalTextRun v1SCXW243501997 v1BCX0\">&nbsp;<\/span><span class=\"v1NormalTextRun v1ContextualSpellingAndGrammarErrorV2Themed v1SCXW243501997 v1BCX0\">sua&nbsp; Ordena\u00e7\u00e3o<\/span><span class=\"v1NormalTextRun v1SCXW243501997 v1BCX0\">&nbsp;Presbiteral&nbsp;<\/span><span class=\"v1NormalTextRun v1ContextualSpellingAndGrammarErrorV2Themed v1SCXW243501997 v1BCX0\">em&nbsp;&nbsp;21<\/span><span class=\"v1NormalTextRun v1SCXW243501997 v1BCX0\">&nbsp;de&nbsp;<\/span><span class=\"v1NormalTextRun v1ContextualSpellingAndGrammarErrorV2Themed v1SCXW243501997 v1BCX0\">maio&nbsp; em<\/span><span class=\"v1NormalTextRun v1SCXW243501997 v1BCX0\">&nbsp;1983, em Tobias Barreto (SE). No dia 15 de junho de 2005&nbsp;<\/span><span class=\"v1NormalTextRun v1ContextualSpellingAndGrammarErrorV2Themed v1SCXW243501997 v1BCX0\">foi&nbsp; nomeado<\/span><span class=\"v1NormalTextRun v1SCXW243501997 v1BCX0\">&nbsp;bispo e no dia 26 de julho foi ordenado bispo, em Aracaju (SE).&nbsp;Seu lema episcopal \u00e9 &#8220;Per&nbsp;<\/span><span class=\"v1NormalTextRun v1SpellingErrorV2Themed v1SCXW243501997 v1BCX0\">Mariam<\/span><span class=\"v1NormalTextRun v1SCXW243501997 v1BCX0\">&nbsp;ad&nbsp;<\/span><span class=\"v1NormalTextRun v1SpellingErrorV2Themed v1SCXW243501997 v1BCX0\">eucharistiam<\/span><span class=\"v1NormalTextRun v1SCXW243501997 v1BCX0\">&#8221; (Por Maria \u00e0 Eucaristia).<\/span><\/span><span class=\"v1EOP v1SCXW243501997 v1BCX0\">&nbsp;<\/span><\/p>\n<\/div>\n<div class=\"v1OutlineElement v1Ltr v1SCXW243501997 v1BCX0\">\n<p class=\"v1Paragraph v1SCXW243501997 v1BCX0\" lang=\"PT-BR\"><span class=\"v1TextRun v1SCXW243501997 v1BCX0\" lang=\"PT-BR\"><span class=\"v1NormalTextRun v1SCXW243501997 v1BCX0\">Oriundo da cidade Tobias Barreto, ele estudou Filosofia e Teologia junto&nbsp;aos Salesianos, foi ordenado sacerdote em 21 de maio de 1983 e incardinado na arquidiocese de Aracaju.<\/span><\/span><span class=\"v1EOP v1SCXW243501997 v1BCX0\">&nbsp;<\/span><\/p>\n<\/div>\n<div class=\"v1OutlineElement v1Ltr v1SCXW243501997 v1BCX0\">\n<p class=\"v1Paragraph v1SCXW243501997 v1BCX0\" lang=\"PT-BR\"><span class=\"v1TextRun v1SCXW243501997 v1BCX0\" lang=\"PT-BR\"><span class=\"v1NormalTextRun v1SCXW243501997 v1BCX0\">&nbsp;Dom&nbsp;Carlos&nbsp;<\/span><span class=\"v1NormalTextRun v1SCXW243501997 v1BCX0\">Alberto foi&nbsp;<\/span><span class=\"v1NormalTextRun v1ContextualSpellingAndGrammarErrorV2Themed v1SCXW243501997 v1BCX0\">nomeado&nbsp;&nbsp;bispo<\/span><span class=\"v1NormalTextRun v1SCXW243501997 v1BCX0\">&nbsp;para&nbsp;<\/span><span class=\"v1NormalTextRun v1ContextualSpellingAndGrammarErrorV2Themed v1SCXW243501997 v1BCX0\">a&nbsp; Diocese<\/span><span class=\"v1NormalTextRun v1SCXW243501997 v1BCX0\">&nbsp;de Teixeira&nbsp;de Freitas\/ Caravelas, no extremo sul da Bahia, pelo Papa Bento XVI, atualmente Papa Em\u00e9rito.&nbsp;E por l\u00e1, ele atuou durante 12 anos.<\/span><\/span><span class=\"v1EOP v1SCXW243501997 v1BCX0\">&nbsp;<\/span><\/p>\n<\/div>\n<div class=\"v1OutlineElement v1Ltr v1SCXW243501997 v1BCX0\">\n<p class=\"v1Paragraph v1SCXW243501997 v1BCX0\" lang=\"PT-BR\"><span class=\"v1TextRun v1SCXW243501997 v1BCX0\" lang=\"PT-BR\"><span class=\"v1NormalTextRun v1SCXW243501997 v1BCX0\">No dia 1\u00b0 de fevereiro de 2017, o Papa Francisco aceitou a ren\u00fancia de&nbsp;Dom&nbsp;Czeslaw&nbsp;<\/span><span class=\"v1NormalTextRun v1SpellingErrorV2Themed v1SCXW243501997 v1BCX0\">Stanula<\/span><span class=\"v1NormalTextRun v1SCXW243501997 v1BCX0\">, e nomeou&nbsp;Dom&nbsp;Carlos&nbsp;<\/span><span class=\"v1NormalTextRun v1SCXW243501997 v1BCX0\">Alberto dos Santos para conduzir&nbsp;<\/span><span class=\"v1NormalTextRun v1ContextualSpellingAndGrammarErrorV2Themed v1SCXW243501997 v1BCX0\">a&nbsp; Diocese<\/span><span class=\"v1NormalTextRun v1SCXW243501997 v1BCX0\">&nbsp;de Itabuna, no sul da Bahia.<\/span><\/span><span class=\"v1EOP v1SCXW243501997 v1BCX0\">&nbsp;&nbsp;<\/span><span class=\"v1TextRun v1SCXW243501997 v1BCX0\" lang=\"PT-BR\"><span class=\"v1NormalTextRun v1SCXW243501997 v1BCX0\">O novo bispo tomou posse no&nbsp;<\/span><span class=\"v1NormalTextRun v1ContextualSpellingAndGrammarErrorV2Themed v1SCXW243501997 v1BCX0\">dia&nbsp; 07<\/span><span class=\"v1NormalTextRun v1SCXW243501997 v1BCX0\">&nbsp;de abril de 2017. A celebra\u00e7\u00e3o&nbsp;aconteceu na Catedral de S\u00e3o Jos\u00e9, no centro da cidade.<\/span><\/span><span class=\"v1EOP v1SCXW243501997 v1BCX0\">&nbsp;<\/span><\/p>\n<\/div>\n<div class=\"v1OutlineElement v1Ltr v1SCXW243501997 v1BCX0\">\n<p class=\"v1Paragraph v1SCXW243501997 v1BCX0\" lang=\"PT-BR\"><span class=\"v1TextRun v1SCXW243501997 v1BCX0\" lang=\"PT-BR\"><span class=\"v1NormalTextRun v1SCXW243501997 v1BCX0\">A equipe do&nbsp;Portal&nbsp;Cat\u00f3lico de Not\u00edcias parabeniza&nbsp;Dom&nbsp;Carlos&nbsp;Alberto e&nbsp;deseja que Deus e a Virgem Maria aben\u00e7oem cada dia mais o seu&nbsp;minist\u00e9rio.<\/span><\/span><span class=\"v1LineBreakBlob v1BlobObject v1DragDrop v1SCXW243501997 v1BCX0\"><span class=\"v1SCXW243501997 v1BCX0\">&nbsp;<\/span><\/span><\/p>\n<\/div>\n","protected":false},"excerpt":{"rendered":"<p>Dom&nbsp;Carlos&nbsp;Alberto dos Santos, o&nbsp;bispo&nbsp; da&nbsp;Diocese de Itabuna, est\u00e1&nbsp;completando hoje, 21 de maio, mais um anivers\u00e1rio de Ordena\u00e7\u00e3o Sacerdotal.&nbsp; S\u00e3o 39 anos de evangeliza\u00e7\u00e3o e pastoreio aos milhares de&nbsp;fieis&nbsp;no sul da&nbsp;Bahia.&nbsp; Dom&nbsp;Carlos&nbsp;Alberto dos&nbsp;Santos&nbsp; teve&nbsp;sua&nbsp; Ordena\u00e7\u00e3o&nbsp;Presbiteral&nbsp;em&nbsp;&nbsp;21&nbsp;de&nbsp;maio&nbsp; em&nbsp;1983, em Tobias Barreto (SE). No dia 15 de junho de 2005&nbsp;foi&nbsp; nomeado&nbsp;bispo e no dia 26 de julho foi ordenado&nbsp;<\/p>\n<p><a class=\"btn btn-style\" href=\"http:\/\/portalcatolico.net\/portal\/bispo-da-diocese-de-itabuna-celebra-39-anos-de-vida-sacerdotal\/\">Continue Reading<\/a><\/p>\n","protected":false},"author":2,"featured_media":75236,"comment_status":"open","ping_status":"open","sticky":false,"template":"","format":"standard","meta":{"footnotes":""},"categories":[4],"tags":[],"class_list":["post-75594","post","type-post","status-publish","format-standard","has-post-thumbnail","hentry","category-destaques"],"_links":{"self":[{"href":"http:\/\/portalcatolico.net\/portal\/wp-json\/wp\/v2\/posts\/75594","targetHints":{"allow":["GET"]}}],"collection":[{"href":"http:\/\/portalcatolico.net\/portal\/wp-json\/wp\/v2\/posts"}],"about":[{"href":"http:\/\/portalcatolico.net\/portal\/wp-json\/wp\/v2\/types\/post"}],"author":[{"embeddable":true,"href":"http:\/\/portalcatolico.net\/portal\/wp-json\/wp\/v2\/users\/2"}],"replies":[{"embeddable":true,"href":"http:\/\/portalcatolico.net\/portal\/wp-json\/wp\/v2\/comments?post=75594"}],"version-history":[{"count":1,"href":"http:\/\/portalcatolico.net\/portal\/wp-json\/wp\/v2\/posts\/75594\/revisions"}],"predecessor-version":[{"id":75595,"href":"http:\/\/portalcatolico.net\/portal\/wp-json\/wp\/v2\/posts\/75594\/revisions\/75595"}],"wp:featuredmedia":[{"embeddable":true,"href":"http:\/\/portalcatolico.net\/portal\/wp-json\/wp\/v2\/media\/75236"}],"wp:attachment":[{"href":"http:\/\/portalcatolico.net\/portal\/wp-json\/wp\/v2\/media?parent=75594"}],"wp:term":[{"taxonomy":"category","embeddable":true,"href":"http:\/\/portalcatolico.net\/portal\/wp-json\/wp\/v2\/categories?post=75594"},{"taxonomy":"post_tag","embeddable":true,"href":"http:\/\/portalcatolico.net\/portal\/wp-json\/wp\/v2\/tags?post=75594"}],"curies":[{"name":"wp","href":"https:\/\/api.w.org\/{rel}","templated":true}]}}