{"id":74701,"date":"2022-01-22T20:17:21","date_gmt":"2022-01-22T23:17:21","guid":{"rendered":"http:\/\/portalcatolico.net\/portal\/?p=74701"},"modified":"2022-01-23T20:17:34","modified_gmt":"2022-01-23T23:17:34","slug":"dom-josafa-visita-acao-social-da-associacao-nossa-senhora-das-dores-em-itapetinga","status":"publish","type":"post","link":"http:\/\/portalcatolico.net\/portal\/dom-josafa-visita-acao-social-da-associacao-nossa-senhora-das-dores-em-itapetinga\/","title":{"rendered":"Dom Josaf\u00e1 visita a\u00e7\u00e3o social da Associa\u00e7\u00e3o Nossa Senhora das Dores, em Itapetinga"},"content":{"rendered":"<p>Na tarde de do dia 20 de janeiro, Dom Josaf\u00e1 Menezes da Silva, foi \u00e0 Itapetinga para visitar o andamento das a\u00e7\u00f5es sociais aos que sofrem com as consequ\u00eancias das fortes chuvas que atingiram o Estado da Bahia no m\u00eas de dezembro.<\/p>\n<p>Na ocasi\u00e3o, o Metropolita esteve na Associa\u00e7\u00e3o Nossa Senhoras das Dores, onde, com Bruno, Coordenador da Associa\u00e7\u00e3o, foi ao encontro das pessoas que estavam nos locais afetados e discutiu alternativas para amenizar a situa\u00e7\u00e3o.<\/p>\n<p>Tamb\u00e9m participou da entrega de 150 camas box para fam\u00edlias cadastradas e acompanhadas pela Associa\u00e7\u00e3o que foram doa\u00e7\u00e3o da Associa\u00e7\u00e3o de gerentes da Caixa Econ\u00f4mica Federal (AGCEF).<\/p>\n<p>A Arquidiocese de Vit\u00f3ria da Conquista reitera o seu pedido de apoio e solidariedade aos que necessitam de ajuda.<\/p>\n<p>Clique <strong><a href=\"https:\/\/arquiconquista.org.br\/2022\/01\/20\/dom-josafa-visita-acao-social-da-associacao-nossa-senhora-das-dores-em-itapetinga\/\">AQU<\/a>I<\/strong> e confere o \u00e1lbuns de fotos<\/p>\n","protected":false},"excerpt":{"rendered":"<p>Na tarde de do dia 20 de janeiro, Dom Josaf\u00e1 Menezes da Silva, foi \u00e0 Itapetinga para visitar o andamento das a\u00e7\u00f5es sociais aos que sofrem com as consequ\u00eancias das fortes chuvas que atingiram o Estado da Bahia no m\u00eas de dezembro. Na ocasi\u00e3o, o Metropolita esteve na Associa\u00e7\u00e3o Nossa Senhoras das Dores, onde, com&nbsp;<\/p>\n<p><a class=\"btn btn-style\" href=\"http:\/\/portalcatolico.net\/portal\/dom-josafa-visita-acao-social-da-associacao-nossa-senhora-das-dores-em-itapetinga\/\">Continue Reading<\/a><\/p>\n","protected":false},"author":2,"featured_media":74702,"comment_status":"open","ping_status":"open","sticky":false,"template":"","format":"standard","meta":{"footnotes":""},"categories":[4],"tags":[],"class_list":["post-74701","post","type-post","status-publish","format-standard","has-post-thumbnail","hentry","category-destaques"],"_links":{"self":[{"href":"http:\/\/portalcatolico.net\/portal\/wp-json\/wp\/v2\/posts\/74701","targetHints":{"allow":["GET"]}}],"collection":[{"href":"http:\/\/portalcatolico.net\/portal\/wp-json\/wp\/v2\/posts"}],"about":[{"href":"http:\/\/portalcatolico.net\/portal\/wp-json\/wp\/v2\/types\/post"}],"author":[{"embeddable":true,"href":"http:\/\/portalcatolico.net\/portal\/wp-json\/wp\/v2\/users\/2"}],"replies":[{"embeddable":true,"href":"http:\/\/portalcatolico.net\/portal\/wp-json\/wp\/v2\/comments?post=74701"}],"version-history":[{"count":1,"href":"http:\/\/portalcatolico.net\/portal\/wp-json\/wp\/v2\/posts\/74701\/revisions"}],"predecessor-version":[{"id":74703,"href":"http:\/\/portalcatolico.net\/portal\/wp-json\/wp\/v2\/posts\/74701\/revisions\/74703"}],"wp:featuredmedia":[{"embeddable":true,"href":"http:\/\/portalcatolico.net\/portal\/wp-json\/wp\/v2\/media\/74702"}],"wp:attachment":[{"href":"http:\/\/portalcatolico.net\/portal\/wp-json\/wp\/v2\/media?parent=74701"}],"wp:term":[{"taxonomy":"category","embeddable":true,"href":"http:\/\/portalcatolico.net\/portal\/wp-json\/wp\/v2\/categories?post=74701"},{"taxonomy":"post_tag","embeddable":true,"href":"http:\/\/portalcatolico.net\/portal\/wp-json\/wp\/v2\/tags?post=74701"}],"curies":[{"name":"wp","href":"https:\/\/api.w.org\/{rel}","templated":true}]}}