{"id":74645,"date":"2022-01-17T21:26:51","date_gmt":"2022-01-18T00:26:51","guid":{"rendered":"http:\/\/portalcatolico.net\/portal\/?p=74645"},"modified":"2022-01-17T21:29:39","modified_gmt":"2022-01-18T00:29:39","slug":"vem-ai-o-novenario-e-festa-do-senhor-deus-menino-em-ibicarai-2","status":"publish","type":"post","link":"http:\/\/portalcatolico.net\/portal\/vem-ai-o-novenario-e-festa-do-senhor-deus-menino-em-ibicarai-2\/","title":{"rendered":"Vem a\u00ed o Noven\u00e1rio e Festa do Senhor Deus Menino em Ibicara\u00ed"},"content":{"rendered":"<div dir=\"auto\">De 24 de janeiro a 2 de fevereiro, vai acontecer na Par\u00f3quia de Ibicara\u00ed, em Ibicara\u00ed (BA), o Noven\u00e1rio em honra ao Senhor Deus Menino. O tema central da celebra\u00e7\u00e3o \u00e9: &#8220;Igreja: comunh\u00e3o, participa\u00e7\u00e3o e miss\u00e3o&#8221;. J\u00e1 o lema \u00e9: &#8220;Somos todos irm\u00e3os!&#8221;.<\/div>\n<div dir=\"auto\">A par\u00f3quia est\u00e1 se preparando para viver em 2023, o S\u00ednodo dos Bispos. Participe!<\/div>\n","protected":false},"excerpt":{"rendered":"<p>De 24 de janeiro a 2 de fevereiro, vai acontecer na Par\u00f3quia de Ibicara\u00ed, em Ibicara\u00ed (BA), o Noven\u00e1rio em honra ao Senhor Deus Menino. O tema central da celebra\u00e7\u00e3o \u00e9: &#8220;Igreja: comunh\u00e3o, participa\u00e7\u00e3o e miss\u00e3o&#8221;. J\u00e1 o lema \u00e9: &#8220;Somos todos irm\u00e3os!&#8221;. A par\u00f3quia est\u00e1 se preparando para viver em 2023, o S\u00ednodo dos&nbsp;<\/p>\n<p><a class=\"btn btn-style\" href=\"http:\/\/portalcatolico.net\/portal\/vem-ai-o-novenario-e-festa-do-senhor-deus-menino-em-ibicarai-2\/\">Continue Reading<\/a><\/p>\n","protected":false},"author":2,"featured_media":74646,"comment_status":"open","ping_status":"open","sticky":false,"template":"","format":"standard","meta":{"footnotes":""},"categories":[4],"tags":[],"class_list":["post-74645","post","type-post","status-publish","format-standard","has-post-thumbnail","hentry","category-destaques"],"_links":{"self":[{"href":"http:\/\/portalcatolico.net\/portal\/wp-json\/wp\/v2\/posts\/74645","targetHints":{"allow":["GET"]}}],"collection":[{"href":"http:\/\/portalcatolico.net\/portal\/wp-json\/wp\/v2\/posts"}],"about":[{"href":"http:\/\/portalcatolico.net\/portal\/wp-json\/wp\/v2\/types\/post"}],"author":[{"embeddable":true,"href":"http:\/\/portalcatolico.net\/portal\/wp-json\/wp\/v2\/users\/2"}],"replies":[{"embeddable":true,"href":"http:\/\/portalcatolico.net\/portal\/wp-json\/wp\/v2\/comments?post=74645"}],"version-history":[{"count":4,"href":"http:\/\/portalcatolico.net\/portal\/wp-json\/wp\/v2\/posts\/74645\/revisions"}],"predecessor-version":[{"id":74651,"href":"http:\/\/portalcatolico.net\/portal\/wp-json\/wp\/v2\/posts\/74645\/revisions\/74651"}],"wp:featuredmedia":[{"embeddable":true,"href":"http:\/\/portalcatolico.net\/portal\/wp-json\/wp\/v2\/media\/74646"}],"wp:attachment":[{"href":"http:\/\/portalcatolico.net\/portal\/wp-json\/wp\/v2\/media?parent=74645"}],"wp:term":[{"taxonomy":"category","embeddable":true,"href":"http:\/\/portalcatolico.net\/portal\/wp-json\/wp\/v2\/categories?post=74645"},{"taxonomy":"post_tag","embeddable":true,"href":"http:\/\/portalcatolico.net\/portal\/wp-json\/wp\/v2\/tags?post=74645"}],"curies":[{"name":"wp","href":"https:\/\/api.w.org\/{rel}","templated":true}]}}