{"id":74642,"date":"2022-01-17T20:32:50","date_gmt":"2022-01-17T23:32:50","guid":{"rendered":"http:\/\/portalcatolico.net\/portal\/?p=74642"},"modified":"2022-01-17T20:32:50","modified_gmt":"2022-01-17T23:32:50","slug":"ano-jubilar-celebra-375-anos-da-imagem-de-bom-jesus-no-litoral-de-sao-paulo","status":"publish","type":"post","link":"http:\/\/portalcatolico.net\/portal\/ano-jubilar-celebra-375-anos-da-imagem-de-bom-jesus-no-litoral-de-sao-paulo\/","title":{"rendered":"Ano Jubilar celebra 375 anos da imagem de Bom Jesus no litoral de S\u00e3o Paulo"},"content":{"rendered":"<p>A Bas\u00edlica do Senhor Bom Jesus de Iguape, no litoral sul de S\u00e3o Paulo, dar\u00e1 in\u00edcio no dia 5 de fevereiro ao Ano Jubilar Extraordin\u00e1rio em comemora\u00e7\u00e3o pelos 375 anos do encontro da imagem do Senhor Bom Jesus. A celebra\u00e7\u00e3o ser\u00e1 presidida pelo bispo de Registro (SP), dom Manoel Ferreira dos Santos J\u00fanior, que far\u00e1 a abertura da Porta Santa. Durante o Ano Jubilar, os fi\u00e9is poder\u00e3o lucrar a indulg\u00eancia plen\u00e1ria.<\/p>\n<p>Segundo a tradi\u00e7\u00e3o, a imagem do Senhor Bom Jesus embarcou em Portugal rumo ao Brasil no final de 1646. Ao se aproximar da costa nordestina brasileira, o navio foi atacado por holandeses que ocupavam Pernambuco. Com medo de que seus objetos religiosos fossem profanados, os portugueses lan\u00e7aram a imagem ao mar, em uma caixa de madeira e com azeite.<\/p>\n<p>Nove meses depois, \u00edndios seguiam para a vila de Itanha\u00e9m, no litoral de S\u00e3o Paulo. Ao passarem pela Praia do Una, avistaram um vulto do mar e, ao pegar a caixa e lev\u00e1-la para a areia, se depararam com a imagem de Bom Jesus. Colocaram-na de p\u00e9, voltada para o nascer-do-sol e seguiram viagem. Ao retornar, perceberam que a imagem estava voltada para o p\u00f4r-do-sol, sem qualquer vest\u00edgio de que algu\u00e9m a tivesse movido.<\/p>\n<p>Foram, ent\u00e3o, para Iguape e contaram o que tinham visto e a not\u00edcia logo de espalhou. Um grupo de pessoas foi ao local onde a imagem estava. Decidiram lev\u00e1-la para a Vila de Itanha\u00e9m, tendo em vista seu desenvolvimento. Mas, ao tentar mov\u00ea-la, a imagem ficava pesada e era praticamente imposs\u00edvel tir\u00e1-la do lugar. Quando tentavam mov\u00ea-la em dire\u00e7\u00e3o a Iguape, a imagem ficava leve. Assim, entenderam que o Senhor Bom Jesus desejava ficar em Iguape.<\/p>\n<p>Em 2 de novembro de 1647, a imagem do Senhor Bom Jesus foi entronizada na antiga matriz de Nossa Senhora das Neves. Desde ent\u00e3o, passou a atrair um grande n\u00famero de fi\u00e9is em peregrina\u00e7\u00e3o.<\/p>\n<p>Em 1787, foi iniciada a constru\u00e7\u00e3o da nova&nbsp;igreja&nbsp;matriz de Nossa Senhora das Neves e,em 29 de novembro de 1962, ao comemorar 315 anos do encontro da imagem, o papa s\u00e3o Jo\u00e3o XXIII concedeu \u00e0 igreja o t\u00edtulo de Bas\u00edlica Menor do Senhor Bom Jesus de Iguape.<\/p>\n<p><strong>Ano jubilar pelos 375 anos do encontro da imagem<\/strong><\/p>\n<p>O Ano Jubilar na Bas\u00edlica do Senhor Bom Jesus que ser\u00e1 aberto no pr\u00f3ximo dia 5 de fevereiro seguir\u00e1 at\u00e9 o dia 6 de janeiro de 2023. Ao solicitar \u00e0 Santa S\u00e9 os privil\u00e9gios de um ano jubilar extraordin\u00e1rio, o bispo de Registro manifestou o desejo de \u201cpromover a renova\u00e7\u00e3o espiritual dos fi\u00e9is e incrementar sua&nbsp;vida&nbsp;na gra\u00e7a\u201d.<\/p>\n<p>Decreto de 10 de janeiro de 2022, assinado pelo cardeal Mauro Piacenza, penitenci\u00e1rio-mor da Santa S\u00e9, estabelece que os fi\u00e9is poder\u00e3o lucrar a indulg\u00eancia plen\u00e1ria ao ir \u00e0 bas\u00edlica e cumprir as condi\u00e7\u00f5es habituais, isto \u00e9, confiss\u00e3o sacramental, comunh\u00e3o eucar\u00edstica e ora\u00e7\u00e3o pelas inten\u00e7\u00f5es do papa. Determina ainda que as pessoas doentes e impossibilitadas de participar fisicamente poder\u00e3o lucrar a indulg\u00eancia ao acompanhar as celebra\u00e7\u00f5es lit\u00fargicas atrav\u00e9s dos meios de comunica\u00e7\u00e3o social, oferecendo seus sofrimentos ao Senhor ou realizando obras de miseric\u00f3rdia corporais e espirituais.<\/p>\n<p>Durante todo o Ano Jubilar est\u00e3o previstas atividades para acolhida de peregrina\u00e7\u00f5es. Entre os dias 28 de julho e 6 de agosto, haver\u00e1 a novena e festa do Senhor Bom Jesus, com a participa\u00e7\u00e3o de&nbsp;bispos&nbsp;de diversas dioceses do Brasil.<\/p>\n<p>Segundo o santu\u00e1rio, para peregrina\u00e7\u00f5es de \u00f4nibus ou vans, \u00e9 necess\u00e1rio o cadastramento pr\u00e9vio no site da prefeitura municipal de Iguape.(ACI)<\/p>\n","protected":false},"excerpt":{"rendered":"<p>A Bas\u00edlica do Senhor Bom Jesus de Iguape, no litoral sul de S\u00e3o Paulo, dar\u00e1 in\u00edcio no dia 5 de fevereiro ao Ano Jubilar Extraordin\u00e1rio em comemora\u00e7\u00e3o pelos 375 anos do encontro da imagem do Senhor Bom Jesus. A celebra\u00e7\u00e3o ser\u00e1 presidida pelo bispo de Registro (SP), dom Manoel Ferreira dos Santos J\u00fanior, que far\u00e1&nbsp;<\/p>\n<p><a class=\"btn btn-style\" href=\"http:\/\/portalcatolico.net\/portal\/ano-jubilar-celebra-375-anos-da-imagem-de-bom-jesus-no-litoral-de-sao-paulo\/\">Continue Reading<\/a><\/p>\n","protected":false},"author":2,"featured_media":74643,"comment_status":"open","ping_status":"open","sticky":false,"template":"","format":"standard","meta":{"footnotes":""},"categories":[4],"tags":[],"class_list":["post-74642","post","type-post","status-publish","format-standard","has-post-thumbnail","hentry","category-destaques"],"_links":{"self":[{"href":"http:\/\/portalcatolico.net\/portal\/wp-json\/wp\/v2\/posts\/74642","targetHints":{"allow":["GET"]}}],"collection":[{"href":"http:\/\/portalcatolico.net\/portal\/wp-json\/wp\/v2\/posts"}],"about":[{"href":"http:\/\/portalcatolico.net\/portal\/wp-json\/wp\/v2\/types\/post"}],"author":[{"embeddable":true,"href":"http:\/\/portalcatolico.net\/portal\/wp-json\/wp\/v2\/users\/2"}],"replies":[{"embeddable":true,"href":"http:\/\/portalcatolico.net\/portal\/wp-json\/wp\/v2\/comments?post=74642"}],"version-history":[{"count":1,"href":"http:\/\/portalcatolico.net\/portal\/wp-json\/wp\/v2\/posts\/74642\/revisions"}],"predecessor-version":[{"id":74644,"href":"http:\/\/portalcatolico.net\/portal\/wp-json\/wp\/v2\/posts\/74642\/revisions\/74644"}],"wp:featuredmedia":[{"embeddable":true,"href":"http:\/\/portalcatolico.net\/portal\/wp-json\/wp\/v2\/media\/74643"}],"wp:attachment":[{"href":"http:\/\/portalcatolico.net\/portal\/wp-json\/wp\/v2\/media?parent=74642"}],"wp:term":[{"taxonomy":"category","embeddable":true,"href":"http:\/\/portalcatolico.net\/portal\/wp-json\/wp\/v2\/categories?post=74642"},{"taxonomy":"post_tag","embeddable":true,"href":"http:\/\/portalcatolico.net\/portal\/wp-json\/wp\/v2\/tags?post=74642"}],"curies":[{"name":"wp","href":"https:\/\/api.w.org\/{rel}","templated":true}]}}