{"id":74639,"date":"2022-01-17T20:28:35","date_gmt":"2022-01-17T23:28:35","guid":{"rendered":"http:\/\/portalcatolico.net\/portal\/?p=74639"},"modified":"2022-01-17T20:28:35","modified_gmt":"2022-01-17T23:28:35","slug":"papa-a-comunicacao-deve-ajudar-a-construir-fraternidade","status":"publish","type":"post","link":"http:\/\/portalcatolico.net\/portal\/papa-a-comunicacao-deve-ajudar-a-construir-fraternidade\/","title":{"rendered":"Papa: a comunica\u00e7\u00e3o deve ajudar a construir fraternidade"},"content":{"rendered":"<div class=\"article__subTitle\">&#8220;A atra\u00e7\u00e3o de Jesus dependia da verdade da sua prega\u00e7\u00e3o, mas a efic\u00e1cia das suas palavras era insepar\u00e1vel do seu olhar, das suas atitudes e at\u00e9 mesmo dos seus sil\u00eancios&#8221;. Palavras do Papa Francisco no encontro com os comunicadores da Cust\u00f3dia da Terra Santa, realizado nesta manh\u00e3 (17) no Vaticano<\/div>\n<div>\n<p>Os comunicadores da Cust\u00f3dia da Terra Santa foram recebidos em audi\u00eancia pelo Papa Francisco nesta segunda-feira (17\/01). O encontro foi realizado por ocasi\u00e3o do centen\u00e1rio da funda\u00e7\u00e3o da revista Terra Santa. Francisco iniciou seu discurso saudando o padre frei Francesco Patton o Cust\u00f3dio da Terra Santa e recordando a import\u00e2ncia da comunica\u00e7\u00e3o na Terra Santa: \u201cFazer com que a Terra Santa seja conhecida significa transmitir o \u2018Quinto Evangelho\u2019, ou seja, o ambiente hist\u00f3rico e geogr\u00e1fico no qual a Palavra de Deus foi revelada e depois feita carne em Jesus de Nazar\u00e9, para n\u00f3s e para nossa salva\u00e7\u00e3o\u201d. \u201cSignifica tamb\u00e9m &#8211; continuou &#8211; conhecer as pessoas que ali vivem hoje, a vida dos crist\u00e3os das diversas Igrejas e denomina\u00e7\u00f5es, mas tamb\u00e9m a dos judeus e mu\u00e7ulmanos, para tentar construir, num contexto complexo e dif\u00edcil como o do Oriente M\u00e9dio, uma sociedade fraterna\u201d. E encorajou os presentes afirmando:<\/p>\n<div>\n<div class=\"article__embed article__embed--border embed_style\">\n<blockquote><p>\u201cA comunica\u00e7\u00e3o, em uma \u00e9poca de redes sociais, deve ajudar a construir comunidade, melhor ainda, fraternidade. Eu os encorajo a contar sobre a fraternidade que \u00e9 poss\u00edvel\u201d<\/p><\/blockquote>\n<\/div>\n<\/div>\n<p><b>A presen\u00e7a na comunica\u00e7\u00e3o<\/b><\/p>\n<p>Valorizando o trabalho dos comunicadores continuou: \u201cAgrade\u00e7o-lhes porque, para contar o que se passa na Terra Santa, voc\u00eas fazem um esfor\u00e7o para encontrar pessoas onde e como elas est\u00e3o\u201d. De fato, \u201cvoc\u00eas n\u00e3o se limitam aos territ\u00f3rios mais tranquilos, mas visitam tamb\u00e9m as realidades mais dif\u00edceis e sofredoras, como S\u00edria, L\u00edbano, Palestina e Gaza\u201d, recordando em seguida a import\u00e2ncia do local de onde enviam not\u00edcias:&nbsp;\u201cVoc\u00eas vivem e trabalham no mesmo lugar onde a Palavra de Deus, sua mensagem de salva\u00e7\u00e3o, se fez carne e se tornou \u2018encontr\u00e1vel\u2019 em Jesus Cristo, n\u00e3o s\u00f3 em suas palavras, mas nos seus olhos, na sua voz, nos seus gestos\u201d.&nbsp;\u201cA atra\u00e7\u00e3o de Jesus\u201d, continuou o Pont\u00edfice, &#8220;dependia da verdade da sua prega\u00e7\u00e3o, mas a efic\u00e1cia do que ele dizia era insepar\u00e1vel de seu olhar, de suas atitudes e at\u00e9 mesmo de seus sil\u00eancios&#8221;.<\/p>\n<div>\n<div class=\"article__embed article__embed--border embed_style\">\n<blockquote><p>\u201cA palavra s\u00f3 \u00e9 eficaz se for &#8216;vista&#8217;, s\u00f3 se envolver voc\u00ea em uma experi\u00eancia, em um di\u00e1logo\u201d<\/p><\/blockquote>\n<\/div>\n<\/div>\n<p><b>Quinto Evangelho<br \/>\n<\/b><\/p>\n<p>\u201cQueridos comunicadores da Cust\u00f3dia da Terra Santa \u2013 disse ainda o Papa &#8211; voc\u00eas s\u00e3o chamados a dar a conhecer o que o S\u00ednodo sobre a Palavra de Deus (2008) e depois o Papa Bento XVI chamaram de &#8220;o Quinto Evangelho&#8221;, ou seja, aquela Terra onde a hist\u00f3ria e a geografia da salva\u00e7\u00e3o se encontram e permitem uma nova leitura do texto b\u00edblico, especialmente dos textos evang\u00e9licos\u201d.<\/p>\n<p>E explicou aos presentes que \u201co Mist\u00e9rio Pascal ilumina e d\u00e1 sentido tamb\u00e9m \u00e0 hist\u00f3ria de hoje, ao caminho dos povos que hoje vivem naquela Terra, caminho infelizmente marcado por feridas e conflitos, mas que a gra\u00e7a de Deus sempre abre \u00e0 esperan\u00e7a, esperan\u00e7a de fraternidade e paz\u201d. Concluindo que neste sentido, ao recontar a Terra Santa, \u201cvoc\u00eas recontam o \u2018Quinto Evangelho\u2019, aquele que Deus continua a escrever na hist\u00f3ria\u201d.<\/p>\n<\/div>\n<div class=\"title__separator\"><b>Por:Jane Nogara<\/b><\/div>\n<div class=\"article__text \">\n<p><b>Fonte e foto:Vatican News<\/b><\/p>\n<\/div>\n","protected":false},"excerpt":{"rendered":"<p>&#8220;A atra\u00e7\u00e3o de Jesus dependia da verdade da sua prega\u00e7\u00e3o, mas a efic\u00e1cia das suas palavras era insepar\u00e1vel do seu olhar, das suas atitudes e at\u00e9 mesmo dos seus sil\u00eancios&#8221;. Palavras do Papa Francisco no encontro com os comunicadores da Cust\u00f3dia da Terra Santa, realizado nesta manh\u00e3 (17) no Vaticano Os comunicadores da Cust\u00f3dia da&nbsp;<\/p>\n<p><a class=\"btn btn-style\" href=\"http:\/\/portalcatolico.net\/portal\/papa-a-comunicacao-deve-ajudar-a-construir-fraternidade\/\">Continue Reading<\/a><\/p>\n","protected":false},"author":2,"featured_media":74640,"comment_status":"open","ping_status":"open","sticky":false,"template":"","format":"standard","meta":{"footnotes":""},"categories":[5],"tags":[],"class_list":["post-74639","post","type-post","status-publish","format-standard","has-post-thumbnail","hentry","category-igreja_no_mundo"],"_links":{"self":[{"href":"http:\/\/portalcatolico.net\/portal\/wp-json\/wp\/v2\/posts\/74639","targetHints":{"allow":["GET"]}}],"collection":[{"href":"http:\/\/portalcatolico.net\/portal\/wp-json\/wp\/v2\/posts"}],"about":[{"href":"http:\/\/portalcatolico.net\/portal\/wp-json\/wp\/v2\/types\/post"}],"author":[{"embeddable":true,"href":"http:\/\/portalcatolico.net\/portal\/wp-json\/wp\/v2\/users\/2"}],"replies":[{"embeddable":true,"href":"http:\/\/portalcatolico.net\/portal\/wp-json\/wp\/v2\/comments?post=74639"}],"version-history":[{"count":1,"href":"http:\/\/portalcatolico.net\/portal\/wp-json\/wp\/v2\/posts\/74639\/revisions"}],"predecessor-version":[{"id":74641,"href":"http:\/\/portalcatolico.net\/portal\/wp-json\/wp\/v2\/posts\/74639\/revisions\/74641"}],"wp:featuredmedia":[{"embeddable":true,"href":"http:\/\/portalcatolico.net\/portal\/wp-json\/wp\/v2\/media\/74640"}],"wp:attachment":[{"href":"http:\/\/portalcatolico.net\/portal\/wp-json\/wp\/v2\/media?parent=74639"}],"wp:term":[{"taxonomy":"category","embeddable":true,"href":"http:\/\/portalcatolico.net\/portal\/wp-json\/wp\/v2\/categories?post=74639"},{"taxonomy":"post_tag","embeddable":true,"href":"http:\/\/portalcatolico.net\/portal\/wp-json\/wp\/v2\/tags?post=74639"}],"curies":[{"name":"wp","href":"https:\/\/api.w.org\/{rel}","templated":true}]}}