{"id":74586,"date":"2022-01-10T20:27:14","date_gmt":"2022-01-10T23:27:14","guid":{"rendered":"http:\/\/portalcatolico.net\/portal\/?p=74586"},"modified":"2022-01-10T20:27:14","modified_gmt":"2022-01-10T23:27:14","slug":"romaria-do-terco-dos-homens-volta-a-aparecida-em-2022","status":"publish","type":"post","link":"http:\/\/portalcatolico.net\/portal\/romaria-do-terco-dos-homens-volta-a-aparecida-em-2022\/","title":{"rendered":"Romaria do Ter\u00e7o dos Homens volta a Aparecida em 2022"},"content":{"rendered":"<p>A Romaria Nacional do Ter\u00e7o dos Homens voltar\u00e1 a acontecer de 18 a 20 de fevereiro, no Santu\u00e1rio de Aparecida, em Aparecida (SP). Segundo os organizadores, trata-se da maior romaria que o santu\u00e1rio acolhe todos os anos. Em 2020, contou com a participa\u00e7\u00e3o de cerca de 90 mil homens. Em 2021, por causa das medidas sanit\u00e1rias impostas contra a pandemia de covid-19, s\u00f3 foi feito um evento virtual.<\/p>\n<p>\u201cAgora \u00e9 momento de retomada, com muitas caravanas que v\u00e3o sair de todas as partes do Brasil e estar\u00e3o em Aparecida. A nossa expectativa \u00e9 que, se n\u00e3o tivermos aquele grupo de fi\u00e9is que estiveram em 2020, tenhamos algo pr\u00f3ximo a isso\u201d, disse Glayson Lozer, coordenador do Ter\u00e7o dos Homens no Regional Leste 3 da Confer\u00eancia Nacional dos&nbsp;Bispos&nbsp;do Brasil (CNBB) e membro da organiza\u00e7\u00e3o da romaria.<\/p>\n<p>Lozer afirmou que o Santu\u00e1rio estar\u00e1 aberto para acolher a todos, mas ser\u00e1 necess\u00e1rio adotar as medidas de preven\u00e7\u00e3o ao cont\u00e1gio por covid-19, como o uso de m\u00e1scara e \u00e1lcool em gel. \u201cEm novembro de 2021, fizemos uma reuni\u00e3o de prepara\u00e7\u00e3o e, como o contexto da pandemia vai mudando, vamos fazendo tudo de forma respons\u00e1vel. O Santu\u00e1rio estar\u00e1 aberto para acolher os homens do Brasil inteiro, com todas as medidas sanit\u00e1rias adotadas por causa da pandemia. Mas, vamos fazer a romaria, acima de tudo com a f\u00e9, que nos alimenta e nos sustenta. Ser\u00e1 um encontro da gigante fam\u00edlia mariana do Ter\u00e7o dos Homens\u201d, disse o coordenador do movimento no Leste 3.<\/p>\n<p>Para o arcebispo de Juiz de Fora (MG) e bispo referencial da CNBB para o Ter\u00e7o dos Homens, dom Gil Ant\u00f4nio Moreira, o ter\u00e7o dos homens \u00e9 um \u201cgrande movimento mariano que nos leva a Jesus\u201d. Por isso, convidou todos os \u201chomens do ter\u00e7o do Brasil inteiro\u201d a \u201crezar juntos no Santu\u00e1rio de Aparecida\u201d, pois \u201cl\u00e1 elevaremos a Deus os nossos pedidos, atrav\u00e9s das m\u00e3os de Nossa Senhora\u201d.<\/p>\n<div class=\"ad_inline\">&nbsp;<\/div>\n<p>Esta ser\u00e1 a 14\u00aa edi\u00e7\u00e3o da Romaria do Ter\u00e7o dos Homens ao Santu\u00e1rio de Aparecida. Lozer recordou que tudo come\u00e7ou quando, em 2009, um grupo de homens de Campestre, no sul de Minas Gerais, procurou o santu\u00e1rio para propor uma romaria. \u201cO Santu\u00e1rio n\u00e3o conhecia o Ter\u00e7o dos Homens, mas decidiu fazer. Aquela romaria reuniu 600 homens. Com o passar do tempo, a romaria veio crescendo. Um ano que marcou bastante foi 2018, quando chegamos a quase 60 mil homens. Ali caiu a ficha e percebemos que o ter\u00e7o dos homens \u00e9 uma realidade da&nbsp;Igreja&nbsp;no Brasil, que vamos passar com Cristo pela cruz e fazer o resgate de muitos atrav\u00e9s da ora\u00e7\u00e3o do ter\u00e7o\u201d, afirmou.<\/p>\n<p>Atualmente, contou Lozer, a Romaria do Ter\u00e7o dos Homens \u201c\u00e9 a maior romaria do Santu\u00e1rio de Aparecida e movimenta toda uma estrutura, pois mexe desde a rede hoteleira at\u00e9 o ambiente funcional do Santu\u00e1rio\u201d. \u201cDizemos que Aparecida \u00e9 uma cidade que recebe outra cidade na Romaria do Ter\u00e7o dos Homens\u201d, afirmou. Por isso, a organiza\u00e7\u00e3o realiza todo um trabalho de informa\u00e7\u00e3o e articula\u00e7\u00e3o para receber os romeiros. \u201cEm Aparecida tudo gira muito entorno do Santu\u00e1rio e quem vive esta realidade, desde os vendedores de picol\u00e9 com seus carrinhos at\u00e9 os colaboradores do Santu\u00e1rio, em conversas informais dizem que esta romaria \u00e9 diferente e eles fazem de tudo para acolher bem\u201d.<\/p>\n<p>Neste ano, a Romaria tem como tema \u201cTer\u00e7o dos Homens: &#8216;Caminhar com Maria, para viver e crescer em comunidade&#8217;\u201d e lema \u201cNa Casa da M\u00e3e, renovamos o compromisso mission\u00e1rio\u201d. Para Lozer, \u201cse a Igreja perde sua ess\u00eancia mission\u00e1ria, perde a sua ess\u00eancia de existir\u201d, pois h\u00e1 \u201caquele mandamento que Jesus deu aos seus ap\u00f3stolos: ide ao mundo inteiro e pregai o evangelho a toda criatura\u201d.<\/p>\n<p>\u201cPensamos muito no lado espiritual do homem que vai rezar em Aparecida, mas que volta para sua casa com o cora\u00e7\u00e3o renovado. N\u00e3o \u00e9 somente aquela massa de 90 mil homens, mas o que eles v\u00e3o encontrar junto ao manto de&nbsp;Nossa Senhora Aparecida, homens que t\u00eam naquele lugar um s\u00edmbolo da nossa f\u00e9 e voltam para suas casas para ser homens melhores para suas fam\u00edlias e para a sociedade\u201d, disse.<\/p>\n<p>A programa\u00e7\u00e3o come\u00e7ar\u00e1 \u00e0s 19h do dia 18 de fevereiro, na bas\u00edlica hist\u00f3rica de Aparecida (conhecida como Bas\u00edlica Velha), com a acolhida aos romeiros. Em seguida, uma prociss\u00e3o luminosa que percorrer\u00e1 a passarela da f\u00e9. \u00c0s 20h30 ser\u00e1 celebrada a&nbsp;missa&nbsp;de abertura no altar central do Santu\u00e1rio Nacional, seguida pela adora\u00e7\u00e3o ao Sant\u00edssimo Sacramento na capela do Sant\u00edssimo, \u00e0s 23, e vig\u00edlia que seguir\u00e1 at\u00e9 \u00e0s 6h do dia 19 de fevereiro.<\/p>\n<p>Uma missa solene campal ser\u00e1 celebrada no dia 19, \u00e0s 7h, na tribuna dom Alo\u00edsio Lorscheider e, \u00e0s 13h15 haver\u00e1 uma reflex\u00e3o sobre o tema da romaria no altar central do santu\u00e1rio. Em seguida, \u00e0s 14h, ser\u00e1 rezado o ter\u00e7o e a consagra\u00e7\u00e3o a Nossa Senhora. A programa\u00e7\u00e3o seguir\u00e1 \u00e0 noite, com uma prociss\u00e3o \u00e0s 19h15 do santu\u00e1rio at\u00e9 a tribuna dom Alo\u00edsio Lorscheider, onde haver\u00e1 um show \u00e0s 20. A romaria ser\u00e1 encerrada no dia 20 com a missa de envio \u00e0s 8h.(ACI)<\/p>\n<p>Para mais informa\u00e7\u00f5es e inscri\u00e7\u00e3o na Romaria Nacional do ter\u00e7o dos Homens, pode acessar&nbsp;<a href=\"https:\/\/www.a12.com\/santuario\/eventos\/terco-dos-homens\/terco-dos-homens-2022-pre\">AQUI<\/a>.<\/p>\n","protected":false},"excerpt":{"rendered":"<p>A Romaria Nacional do Ter\u00e7o dos Homens voltar\u00e1 a acontecer de 18 a 20 de fevereiro, no Santu\u00e1rio de Aparecida, em Aparecida (SP). Segundo os organizadores, trata-se da maior romaria que o santu\u00e1rio acolhe todos os anos. Em 2020, contou com a participa\u00e7\u00e3o de cerca de 90 mil homens. Em 2021, por causa das medidas&nbsp;<\/p>\n<p><a class=\"btn btn-style\" href=\"http:\/\/portalcatolico.net\/portal\/romaria-do-terco-dos-homens-volta-a-aparecida-em-2022\/\">Continue Reading<\/a><\/p>\n","protected":false},"author":2,"featured_media":74587,"comment_status":"open","ping_status":"open","sticky":false,"template":"","format":"standard","meta":{"footnotes":""},"categories":[4],"tags":[],"class_list":["post-74586","post","type-post","status-publish","format-standard","has-post-thumbnail","hentry","category-destaques"],"_links":{"self":[{"href":"http:\/\/portalcatolico.net\/portal\/wp-json\/wp\/v2\/posts\/74586","targetHints":{"allow":["GET"]}}],"collection":[{"href":"http:\/\/portalcatolico.net\/portal\/wp-json\/wp\/v2\/posts"}],"about":[{"href":"http:\/\/portalcatolico.net\/portal\/wp-json\/wp\/v2\/types\/post"}],"author":[{"embeddable":true,"href":"http:\/\/portalcatolico.net\/portal\/wp-json\/wp\/v2\/users\/2"}],"replies":[{"embeddable":true,"href":"http:\/\/portalcatolico.net\/portal\/wp-json\/wp\/v2\/comments?post=74586"}],"version-history":[{"count":1,"href":"http:\/\/portalcatolico.net\/portal\/wp-json\/wp\/v2\/posts\/74586\/revisions"}],"predecessor-version":[{"id":74588,"href":"http:\/\/portalcatolico.net\/portal\/wp-json\/wp\/v2\/posts\/74586\/revisions\/74588"}],"wp:featuredmedia":[{"embeddable":true,"href":"http:\/\/portalcatolico.net\/portal\/wp-json\/wp\/v2\/media\/74587"}],"wp:attachment":[{"href":"http:\/\/portalcatolico.net\/portal\/wp-json\/wp\/v2\/media?parent=74586"}],"wp:term":[{"taxonomy":"category","embeddable":true,"href":"http:\/\/portalcatolico.net\/portal\/wp-json\/wp\/v2\/categories?post=74586"},{"taxonomy":"post_tag","embeddable":true,"href":"http:\/\/portalcatolico.net\/portal\/wp-json\/wp\/v2\/tags?post=74586"}],"curies":[{"name":"wp","href":"https:\/\/api.w.org\/{rel}","templated":true}]}}