{"id":74583,"date":"2022-01-09T20:52:27","date_gmt":"2022-01-09T23:52:27","guid":{"rendered":"http:\/\/portalcatolico.net\/portal\/?p=74583"},"modified":"2022-01-09T20:52:27","modified_gmt":"2022-01-09T23:52:27","slug":"papa-batiza-16-criancas-com-a-alma-descalca-para-receber-a-forca-de-jesus","status":"publish","type":"post","link":"http:\/\/portalcatolico.net\/portal\/papa-batiza-16-criancas-com-a-alma-descalca-para-receber-a-forca-de-jesus\/","title":{"rendered":"Papa batiza 16 crian\u00e7as: com a alma &#8220;descal\u00e7a&#8221; para receber a for\u00e7a de Jesus"},"content":{"rendered":"<div class=\"article__subTitle\">A Capela Sistina voltou a abrigar uma das celebra\u00e7\u00f5es mais sugestivas do ano, que n\u00e3o foi realizada no ano passado devido \u00e0 pandemia. O Papa Francisco batizou 16 rec\u00e9m-nascidos, que recebem assim &#8220;a for\u00e7a de Jesus&#8221; para ir avante na vida.<\/div>\n<div>\n<p>Choros, fraldas e chupetas em meio \u00e0 obra-prima dos afrescos da Capela Sistina: assim foi a missa presidida pelo Papa Francisco na festa do Batismo do Senhor.<\/p>\n<p>Os protagonistas da cerim\u00f4nia, como disse o Pont\u00edfice na homilia, foram os dezesseis rec\u00e9m-nascidos, filhos de funcion\u00e1rios do Vaticano, que receberam o Sacramento da inicia\u00e7\u00e3o crist\u00e3.<\/p>\n<p>Nesta ocasi\u00e3o, Francisco faz sua reflex\u00e3o sem um texto pr\u00e9-escrito e neste domingo se inspirou num hino lit\u00fargico que fala que o povo de Israel ia ao Jord\u00e3o com os p\u00e9s e a alma \u201cdescal\u00e7os\u201d, isto \u00e9, uma alma que desejava ser banhada por Deus, que n\u00e3o tinha nenhuma riqueza, que necessitava de Deus.<\/p>\n<\/div>\n<div class=\"title__separator\">\n<div>\n<div class=\"article__embed article__embed--border embed_style\">\n<blockquote><p>\u201cEssas crian\u00e7as hoje v\u00eam aqui tamb\u00e9m com a alma descal\u00e7a para receber a justifica\u00e7\u00e3o de Deus, a for\u00e7a de Jesus, a for\u00e7a de ir avante na vida, receber a identidade crist\u00e3. \u00c9 isto, simplesmente.\u201d<\/p><\/blockquote>\n<\/div>\n<\/div>\n<p>Cabe aos pais e padrinhos proteger esta identidade, prosseguiu Francisco, esta \u00e9 a tarefa de toda a vida e de todos os dias: \u201cFaz\u00ea-los crescer com a luz que hoje receber\u00e3o\u201d.<\/p>\n<div>\n<div class=\"article__embed article__embed--border embed_style\">\n<blockquote><p>\u201cEsta \u00e9 a mensagem de hoje: custodiar a identidade crist\u00e3.\u201d<\/p><\/blockquote>\n<\/div>\n<\/div>\n<p><strong>&#8220;Esp\u00edrito de grupo&#8221;<\/strong><\/p>\n<p>Depois, como sempre faz nesta cerim\u00f4nia, o Santo Padre deixou os pais \u00e0 vontade para acudir os beb\u00eas. \u201cSe tiverem fome, amamentem tranquilamente aqui, diante do Senhor\u201d, disse \u00e0s m\u00e3es. \u201cN\u00e3o h\u00e1 problema.\u201d<\/p>\n<p>E se chorarem, \u201cdeixem gritar\u201d, porque as crian\u00e7as t\u00eam um esp\u00edrito de comunidade, podemos dizer um \u201cesp\u00edrito de grupo\u201d, brincou o Papa. Basta que um comece a chorar para que a orquestra dos demais acompanhe.<\/p>\n<div>\n<div class=\"article__embed article__embed--border embed_style\">\n<blockquote><p>\u201cE assim, com esta paz, vamos em frente nesta cerim\u00f4nia e n\u00e3o esque\u00e7am: receber\u00e3o a identidade crist\u00e3 e sua tarefa ser\u00e1 custodiar esta identidade crist\u00e3.\u201d<\/p><\/blockquote>\n<\/div>\n<\/div>\n<\/div>\n<div class=\"article__text \"><b>Por: Bianca Fraccalvieri \/Vatican News<\/b><\/div>\n","protected":false},"excerpt":{"rendered":"<p>A Capela Sistina voltou a abrigar uma das celebra\u00e7\u00f5es mais sugestivas do ano, que n\u00e3o foi realizada no ano passado devido \u00e0 pandemia. O Papa Francisco batizou 16 rec\u00e9m-nascidos, que recebem assim &#8220;a for\u00e7a de Jesus&#8221; para ir avante na vida. Choros, fraldas e chupetas em meio \u00e0 obra-prima dos afrescos da Capela Sistina: assim&nbsp;<\/p>\n<p><a class=\"btn btn-style\" href=\"http:\/\/portalcatolico.net\/portal\/papa-batiza-16-criancas-com-a-alma-descalca-para-receber-a-forca-de-jesus\/\">Continue Reading<\/a><\/p>\n","protected":false},"author":2,"featured_media":74584,"comment_status":"open","ping_status":"open","sticky":false,"template":"","format":"standard","meta":{"footnotes":""},"categories":[5],"tags":[],"class_list":["post-74583","post","type-post","status-publish","format-standard","has-post-thumbnail","hentry","category-igreja_no_mundo"],"_links":{"self":[{"href":"http:\/\/portalcatolico.net\/portal\/wp-json\/wp\/v2\/posts\/74583","targetHints":{"allow":["GET"]}}],"collection":[{"href":"http:\/\/portalcatolico.net\/portal\/wp-json\/wp\/v2\/posts"}],"about":[{"href":"http:\/\/portalcatolico.net\/portal\/wp-json\/wp\/v2\/types\/post"}],"author":[{"embeddable":true,"href":"http:\/\/portalcatolico.net\/portal\/wp-json\/wp\/v2\/users\/2"}],"replies":[{"embeddable":true,"href":"http:\/\/portalcatolico.net\/portal\/wp-json\/wp\/v2\/comments?post=74583"}],"version-history":[{"count":1,"href":"http:\/\/portalcatolico.net\/portal\/wp-json\/wp\/v2\/posts\/74583\/revisions"}],"predecessor-version":[{"id":74585,"href":"http:\/\/portalcatolico.net\/portal\/wp-json\/wp\/v2\/posts\/74583\/revisions\/74585"}],"wp:featuredmedia":[{"embeddable":true,"href":"http:\/\/portalcatolico.net\/portal\/wp-json\/wp\/v2\/media\/74584"}],"wp:attachment":[{"href":"http:\/\/portalcatolico.net\/portal\/wp-json\/wp\/v2\/media?parent=74583"}],"wp:term":[{"taxonomy":"category","embeddable":true,"href":"http:\/\/portalcatolico.net\/portal\/wp-json\/wp\/v2\/categories?post=74583"},{"taxonomy":"post_tag","embeddable":true,"href":"http:\/\/portalcatolico.net\/portal\/wp-json\/wp\/v2\/tags?post=74583"}],"curies":[{"name":"wp","href":"https:\/\/api.w.org\/{rel}","templated":true}]}}