{"id":74347,"date":"2021-12-18T21:53:26","date_gmt":"2021-12-19T00:53:26","guid":{"rendered":"http:\/\/portalcatolico.net\/portal\/?p=74347"},"modified":"2021-12-18T21:56:30","modified_gmt":"2021-12-19T00:56:30","slug":"seminarista-sera-ordenado-diacono-neste-sabado-em-itabuna","status":"publish","type":"post","link":"http:\/\/portalcatolico.net\/portal\/seminarista-sera-ordenado-diacono-neste-sabado-em-itabuna\/","title":{"rendered":"Seminarista ser\u00e1 ordenado Di\u00e1cono neste s\u00e1bado em Itabuna"},"content":{"rendered":"<p>O Seminarista Pedro Vinicius Santos de Oliveira ser\u00e1 ordenado Di\u00e1cono transit\u00f3rio na diocese de Itabuna, no sul da Bahia.&nbsp;<\/p>\n<div dir=\"auto\">A Ordena\u00e7\u00e3o ser\u00e1 neste s\u00e1bado, 18\/12, \u00e0s 18h, na&nbsp;Catedral de S\u00e3o Jos\u00e9, em Itabuna.<\/div>\n<div dir=\"auto\">\n<div dir=\"auto\">\n<div dir=\"auto\">Voc\u00ea pode acompanhar a celebra\u00e7\u00e3o neste link:&nbsp;<a href=\"https:\/\/youtu.be\/LkV1e4W8EMQ\" target=\"_blank\" rel=\"noopener noreferrer\">https:\/\/youtu.be\/LkV1e4W8EMQ<\/a>.&nbsp;<\/div>\n<div dir=\"auto\">&nbsp;<\/div>\n<div dir=\"auto\">O Senhor Deus escolheu e consagrou o jovem Vinicius ao seu servi\u00e7o, onde prontamente respondeu SIM. Deste dia em diante sua vida. Ele iniciou sua caminhada no Grupo Minist\u00e9rio Jovem da Renova\u00e7\u00e3o Carism\u00e1tica, da Par\u00f3quia Santa Rita de C\u00e1ssia, em Itabuna, vivenciando assim o chamado divino.<\/div>\n<div dir=\"auto\">&nbsp;<\/div>\n<div dir=\"auto\">\n<div dir=\"auto\">&nbsp;Participante ativo da par\u00f3quia, ele sentiu o chamado tamb\u00e9m para ser Catequista, onde com sua experi\u00eancia do grupo de jovens, assumiu em 2010, pela primeira vez, a Coordena\u00e7\u00e3o da Pastoral da Catequese. Foram 6 anos \u00e0 frente da coordena\u00e7\u00e3o, levando os catequistas a vivenciarem momentos de forma\u00e7\u00e3o, preparando-os para serem ainda mais porta-vozes de Deus para as crian\u00e7as, adolescentes e jovens.<\/div>\n<div dir=\"auto\">&nbsp;<\/div>\n<div dir=\"auto\">&nbsp;Como coordenador da Pastoral da Catequese, Pedro Vinicius foi exemplo de doa\u00e7\u00e3o ao chamado de Deus em servir como Catequista. Com toda dedica\u00e7\u00e3o, ele participou ainda da implanta\u00e7\u00e3o de atividades catequ\u00e9ticas, que servem como modelo para toda a diocese.<\/div>\n<div dir=\"auto\">&nbsp;<\/div>\n<div dir=\"auto\">&nbsp;Em suas atividades al\u00e9m da Pastoral, sempre atuante e evangelizando, participou de encena\u00e7\u00f5es teatrais como o Auto de Natal e Paix\u00e3o de Cristo com o grupo de Teatro Reviv&#8217;art, apresentando n\u00e3o s\u00f3 em Itabuna, mas em cidades vizinhas como Buerarema e Itamaraju.<\/div>\n<div dir=\"auto\">&nbsp;<\/div>\n<div dir=\"auto\">&nbsp;Na igreja, com sua incans\u00e1vel alegria e comprometimento, participou do Grupo Nova Juventude formado pelo ent\u00e3o, p\u00e1roco Frei Jos\u00e9 Raimundo. Foi tamb\u00e9m, membro da equipe Lit\u00fargica da Igreja, sendo respons\u00e1vel junto com os demais membros, em orientar e organizar as celebra\u00e7\u00f5es eucar\u00edsticas festivas.<\/div>\n<div dir=\"auto\">&nbsp;<\/div>\n<div dir=\"auto\">&nbsp;Para o chamado de Deus, Vinicius n\u00e3o dizia n\u00e3o e por isso, em dezembro de 2012, ap\u00f3s participar do EJC \u2013 Encontro de Jovens com Cristo \u2013 na Par\u00f3quia do Senhor do Bomfim,&nbsp; implantou o EJC na Par\u00f3quia Santa Rita de C\u00e1ssia. Para isso, contou tamb\u00e9m, com a participa\u00e7\u00e3o de outros jovens que tamb\u00e9m tinham feito o EJC: Paulinha Andrade, Lorena Amorim, Tales Bispo e o EJC do Jardim Primavera. &nbsp;<\/div>\n<div dir=\"auto\">&nbsp;<\/div>\n<div dir=\"auto\">&nbsp;Vinicius tamb\u00e9m fez parte da coordena\u00e7\u00e3o do EJC S\u00e3o Caetano 2 vezes, sendo condutor de muitos outros jovens a se encontrarem com Deus e a vivenciarem sua f\u00e9. At\u00e9 que tomou a decis\u00e3o de ir al\u00e9m, pois ardia em seu cora\u00e7\u00e3o o fogo do Esp\u00edrito Santo que o convidava a ser ainda mais servo de Deus. Em 2017, decidiu ir para o Semin\u00e1rio Diocesano de Itabuna, fazer sua prepara\u00e7\u00e3o para ser Sacerdote.<\/div>\n<p>&nbsp;Sua vida de dedica\u00e7\u00e3o e amor a Deus \u00e9 exemplo para toda a comunidade!<\/p>\n<p>Confira a transit\u00f3rio de Vinicius na integra {<a href=\"http:\/\/portalcatolico.net\/portal\/wp-content\/uploads\/2021\/12\/PEDRO-VINICIUS-OLIVEIRA-UMA-VIDA-DE-AMOR-E-DOA\u00c7\u00c3O-AO-SENHOR-NOSSO-DEUS.pdf\">PEDRO VINICIUS OLIVEIRA UMA VIDA DE AMOR E DOA\u00c7\u00c3O AO SENHOR NOSSO DEUS<\/a>}<\/p>\n<\/div>\n<\/div>\n<\/div>\n","protected":false},"excerpt":{"rendered":"<p>O Seminarista Pedro Vinicius Santos de Oliveira ser\u00e1 ordenado Di\u00e1cono transit\u00f3rio na diocese de Itabuna, no sul da Bahia.&nbsp; A Ordena\u00e7\u00e3o ser\u00e1 neste s\u00e1bado, 18\/12, \u00e0s 18h, na&nbsp;Catedral de S\u00e3o Jos\u00e9, em Itabuna. Voc\u00ea pode acompanhar a celebra\u00e7\u00e3o neste link:&nbsp;https:\/\/youtu.be\/LkV1e4W8EMQ.&nbsp; &nbsp; O Senhor Deus escolheu e consagrou o jovem Vinicius ao seu servi\u00e7o, onde prontamente&nbsp;<\/p>\n<p><a class=\"btn btn-style\" href=\"http:\/\/portalcatolico.net\/portal\/seminarista-sera-ordenado-diacono-neste-sabado-em-itabuna\/\">Continue Reading<\/a><\/p>\n","protected":false},"author":2,"featured_media":74302,"comment_status":"open","ping_status":"open","sticky":false,"template":"","format":"standard","meta":{"footnotes":""},"categories":[70],"tags":[],"class_list":["post-74347","post","type-post","status-publish","format-standard","has-post-thumbnail","hentry","category-testemunhos"],"_links":{"self":[{"href":"http:\/\/portalcatolico.net\/portal\/wp-json\/wp\/v2\/posts\/74347","targetHints":{"allow":["GET"]}}],"collection":[{"href":"http:\/\/portalcatolico.net\/portal\/wp-json\/wp\/v2\/posts"}],"about":[{"href":"http:\/\/portalcatolico.net\/portal\/wp-json\/wp\/v2\/types\/post"}],"author":[{"embeddable":true,"href":"http:\/\/portalcatolico.net\/portal\/wp-json\/wp\/v2\/users\/2"}],"replies":[{"embeddable":true,"href":"http:\/\/portalcatolico.net\/portal\/wp-json\/wp\/v2\/comments?post=74347"}],"version-history":[{"count":3,"href":"http:\/\/portalcatolico.net\/portal\/wp-json\/wp\/v2\/posts\/74347\/revisions"}],"predecessor-version":[{"id":74351,"href":"http:\/\/portalcatolico.net\/portal\/wp-json\/wp\/v2\/posts\/74347\/revisions\/74351"}],"wp:featuredmedia":[{"embeddable":true,"href":"http:\/\/portalcatolico.net\/portal\/wp-json\/wp\/v2\/media\/74302"}],"wp:attachment":[{"href":"http:\/\/portalcatolico.net\/portal\/wp-json\/wp\/v2\/media?parent=74347"}],"wp:term":[{"taxonomy":"category","embeddable":true,"href":"http:\/\/portalcatolico.net\/portal\/wp-json\/wp\/v2\/categories?post=74347"},{"taxonomy":"post_tag","embeddable":true,"href":"http:\/\/portalcatolico.net\/portal\/wp-json\/wp\/v2\/tags?post=74347"}],"curies":[{"name":"wp","href":"https:\/\/api.w.org\/{rel}","templated":true}]}}