{"id":74344,"date":"2021-12-17T20:15:43","date_gmt":"2021-12-17T23:15:43","guid":{"rendered":"http:\/\/portalcatolico.net\/portal\/?p=74344"},"modified":"2021-12-17T20:15:43","modified_gmt":"2021-12-17T23:15:43","slug":"papa-completa-85-anos-parabens-santo-padre","status":"publish","type":"post","link":"http:\/\/portalcatolico.net\/portal\/papa-completa-85-anos-parabens-santo-padre\/","title":{"rendered":"Papa completa 85 anos. Parab\u00e9ns, Santo Padre!"},"content":{"rendered":"<p>Felicita\u00e7\u00f5es de fi\u00e9is todas as partes do mundo chegam ao Vaticano pelos 85 anos do Papa Francisco. Tamb\u00e9m autoridades e l\u00edderes mundiais se expressaram.<\/p>\n<p>Em poucos dias, o Papa Francisco viveu duas datas importantes: os 52 anos de sacerd\u00f3cio no dia 13 de dezembro e agora, dia 17, seus 85 anos de vida. \u00c9 o nono anivers\u00e1rio como Papa.<\/p>\n<p>Milhares de fi\u00e9is enviaram as felicita\u00e7\u00f5es para esta ocasi\u00e3o; muitas preferiram usar as redes sociais para falar o seu afeto por Francisco.<\/p>\n<p>Tamb\u00e9m autoridades e l\u00edderes mundiais se expressaram. Entre os presentes mais apreciados, sem d\u00favida, a resposta mundial aos seus constantes pedidos de ora\u00e7\u00e3o por seu magist\u00e9rio: \u201cSanto Padre eu rezo pelo senhor\u201d.<\/p>\n<p>O Papa vive este dia como um dia &#8220;normal&#8221; de trabalho. O dia come\u00e7ou com um encontro com moradores de rua que lhe deram de presente 85 girass\u00f3is e depois a terceira reflex\u00e3o do cardeal Cantalamessa neste tempo de Advento, na Sala Paulo VI.<\/p>\n<p>Fonte e foto: Vatican News<\/p>\n","protected":false},"excerpt":{"rendered":"<p>Felicita\u00e7\u00f5es de fi\u00e9is todas as partes do mundo chegam ao Vaticano pelos 85 anos do Papa Francisco. Tamb\u00e9m autoridades e l\u00edderes mundiais se expressaram. Em poucos dias, o Papa Francisco viveu duas datas importantes: os 52 anos de sacerd\u00f3cio no dia 13 de dezembro e agora, dia 17, seus 85 anos de vida. \u00c9 o&nbsp;<\/p>\n<p><a class=\"btn btn-style\" href=\"http:\/\/portalcatolico.net\/portal\/papa-completa-85-anos-parabens-santo-padre\/\">Continue Reading<\/a><\/p>\n","protected":false},"author":2,"featured_media":74345,"comment_status":"open","ping_status":"open","sticky":false,"template":"","format":"standard","meta":{"footnotes":""},"categories":[5],"tags":[],"class_list":["post-74344","post","type-post","status-publish","format-standard","has-post-thumbnail","hentry","category-igreja_no_mundo"],"_links":{"self":[{"href":"http:\/\/portalcatolico.net\/portal\/wp-json\/wp\/v2\/posts\/74344","targetHints":{"allow":["GET"]}}],"collection":[{"href":"http:\/\/portalcatolico.net\/portal\/wp-json\/wp\/v2\/posts"}],"about":[{"href":"http:\/\/portalcatolico.net\/portal\/wp-json\/wp\/v2\/types\/post"}],"author":[{"embeddable":true,"href":"http:\/\/portalcatolico.net\/portal\/wp-json\/wp\/v2\/users\/2"}],"replies":[{"embeddable":true,"href":"http:\/\/portalcatolico.net\/portal\/wp-json\/wp\/v2\/comments?post=74344"}],"version-history":[{"count":1,"href":"http:\/\/portalcatolico.net\/portal\/wp-json\/wp\/v2\/posts\/74344\/revisions"}],"predecessor-version":[{"id":74346,"href":"http:\/\/portalcatolico.net\/portal\/wp-json\/wp\/v2\/posts\/74344\/revisions\/74346"}],"wp:featuredmedia":[{"embeddable":true,"href":"http:\/\/portalcatolico.net\/portal\/wp-json\/wp\/v2\/media\/74345"}],"wp:attachment":[{"href":"http:\/\/portalcatolico.net\/portal\/wp-json\/wp\/v2\/media?parent=74344"}],"wp:term":[{"taxonomy":"category","embeddable":true,"href":"http:\/\/portalcatolico.net\/portal\/wp-json\/wp\/v2\/categories?post=74344"},{"taxonomy":"post_tag","embeddable":true,"href":"http:\/\/portalcatolico.net\/portal\/wp-json\/wp\/v2\/tags?post=74344"}],"curies":[{"name":"wp","href":"https:\/\/api.w.org\/{rel}","templated":true}]}}