{"id":74208,"date":"2021-12-01T19:30:02","date_gmt":"2021-12-01T22:30:02","guid":{"rendered":"http:\/\/portalcatolico.net\/portal\/?p=74208"},"modified":"2021-12-01T19:34:19","modified_gmt":"2021-12-01T22:34:19","slug":"papa-sao-jose-ensina-a-passar-da-paixao-romantica-ao-amor-maduro","status":"publish","type":"post","link":"http:\/\/portalcatolico.net\/portal\/papa-sao-jose-ensina-a-passar-da-paixao-romantica-ao-amor-maduro\/","title":{"rendered":"Papa: S\u00e3o Jos\u00e9 ensina a passar da paix\u00e3o rom\u00e2ntica ao amor maduro"},"content":{"rendered":"<div class=\"article__subTitle\">A catequese deste dia 1\u00b0 de dezembro foi dedicada de modo especial aos casais crist\u00e3os, para que possam aprender de S\u00e3o Jos\u00e9 o amor maduro, capaz de superar as adversidades da vida.<\/div>\n<div>&nbsp;<\/div>\n<div class=\"title__separator\">\n<p>\u201cJos\u00e9, homem justo e esposo de Maria\u201d: este foi o tema da terceira catequese que o Papa dedicou ao pai de Jesus.<\/p>\n<p>Na Audi\u00eancia Geral, realizada na Sala Paulo VI, a inten\u00e7\u00e3o de Francisco foi oferecer uma mensagem a todos os namorados e noivos.<\/p>\n<p>Para compreender o comportamento de Jos\u00e9 em rela\u00e7\u00e3o a Maria, explicou o Papa, \u00e9 \u00fatil recordar os costumes matrimoniais da \u00e9poca em Israel. O matrim\u00f4nio compreendia duas fases. Na primeira, a noiva continuava a viver na casa paterna, mas de fato era j\u00e1 considerada &#8220;a esposa&#8221; do noivo. Um ano depois, tinha lugar a segunda fase, em que ela deixava a casa paterna e ia coabitar com o marido. Foi durante a primeira fase que se notou que Maria estava gr\u00e1vida; a Lei do tempo dava ao noivo a possibilidade de a acusar publicamente de adult\u00e9rio.<\/p>\n<p>Segundo o Evangelho, Jos\u00e9 era &#8220;justo&#8221; precisamente porque se submetia \u00e0 Lei, mas, dentro dele, o amor por Maria e a confian\u00e7a que tinha nela sugerem-lhe uma forma de salvar as duas dimens\u00f5es: entregar a ata de rep\u00fadio em segredo, sem exp\u00f4-la \u00e0 humilha\u00e7\u00e3o p\u00fablica. &#8220;Quanta santidade em Jos\u00e9!&#8221;, acrescentou o Papa. &#8220;N\u00f3s, quando ficamos sabendo de algo ruim sobre outra pessoa, logo vamos fofocar. Jos\u00e9 quieto. Quieto.&#8221; E enquanto decidia, interveio a voz de Deus para revelar um significado muito maior do que a pr\u00f3pria justi\u00e7a de Jos\u00e9: &#8220;n\u00e3o temas receber Maria, pois o que Ela concebeu \u00e9 obra do Esp\u00edrito Santo&#8221;.<\/p>\n<p><strong>Da paix\u00e3o ao verdadeiro amor<\/strong><\/p>\n<p>Por tr\u00e1s de acontecimentos que nos parecem dram\u00e1ticos, disse ainda o Papa, se esconde uma Provid\u00eancia que, com o tempo, toma forma e ilumina de significado inclusive a dor que nos atingiu. &#8220;A tenta\u00e7\u00e3o \u00e9 nos fechar naquela dor. E isto n\u00e3o faz bem. Isto nos leva \u00e0 tristeza e \u00e0 amargura. O cora\u00e7\u00e3o amargo \u00e9 t\u00e3o ruim&#8221;, disse ainda Francisco.<\/p>\n<p>Provavelmente, Maria e Jos\u00e9 tinham sonhos diferentes para suas vidas, mas tiveram que lidar com um fato inesperado. Por isso, afirmou Francisco, &#8220;com frequ\u00eancia a nossa vida n\u00e3o \u00e9 como imaginamos&#8221;. Sobretudo nos relacionamentos de amor, de afeto, h\u00e1 dificuldade em passar da l\u00f3gica da paix\u00e3o \u00e0quela do amor maduro. &#8220;Voc\u00eas, rec\u00e9m-casados, pensem bem nisto&#8221;, advertiu.<\/p>\n<p>O encanto pode n\u00e3o corresponder \u00e0 realidade dos fatos. Mas justamente quando a paix\u00e3o parece acabar, tem in\u00edcio o amor verdadeiro. Amar n\u00e3o \u00e9 pretender que o outro corresponda \u00e0 nossa imagina\u00e7\u00e3o, mas escolher em plena liberdade as responsabilidades que a vida apresentar. &#8220;Com todos os riscos&#8221;, acrescentou o Pont\u00edfice, revelando o que, para ele, \u00e9 o trecho mais &#8220;demon\u00edaco&#8221; do Evangelho. Ou seja, quando os doutores da Lei, em Jo\u00e3o, falam com desprezo da origem de Jesus.<\/p>\n<p>Portanto, os noivos crist\u00e3os s\u00e3o chamados a testemunhar um amor assim, que tenha a coragem de passar da l\u00f3gica da paix\u00e3o a um amor maduro. Esta \u00e9 uma escolha exigente, que ao inv\u00e9s de aprisionar a vida, pode fortificar o amor para que seja duradouro diante das prova\u00e7\u00f5es do tempo.<\/p>\n<p>A briga entre casais &#8220;existe desde os tempos de Ad\u00e3o e Eva&#8221;, recordou Francisco. E repetiu alguns conselhos, como, por exemplo, jamais encerrar o dia brigado com o parceiro, \u201cpois a guerra fria do dia seguinte \u00e9 muito perigosa\u201d. \u00c9 suficiente um gesto para fazer as pazes, disse o Papa, tocando o seu pr\u00f3prio rosto.<\/p>\n<p>&nbsp;<\/p>\n<p>Como nas catequeses precedentes, o Papa ent\u00e3o concluiu com mais uma ora\u00e7\u00e3o:<\/p>\n<p><i>S\u00e3o Jos\u00e9,<\/i><\/p>\n<p><i>tu que amastes Maria com liberdade,<\/i><\/p>\n<p><i>e escolhestes renunciar ao teu imagin\u00e1rio para dar espa\u00e7o \u00e0 realidade,<\/i><\/p>\n<p><i>ajuda cada um de n\u00f3s a deixar-nos surpreender por Deus<\/i><\/p>\n<p><i>e a acolher a vida n\u00e3o como um imprevisto do qual se defender,<\/i><\/p>\n<p><i>mas como um mist\u00e9rio que esconde o segredo da verdadeira alegria.<\/i><\/p>\n<p><i>Obt\u00e9m a todos os noivos crist\u00e3os a alegria e a radicalidade,<\/i><\/p>\n<p><i>mantendo, por\u00e9m, sempre a consci\u00eancia<\/i><\/p>\n<p><i>de que somente a miseric\u00f3rdia e o perd\u00e3o tornam poss\u00edvel o amor. Am\u00e9m.<\/i><\/p>\n<\/div>\n<div class=\"article__text \">\n<p><b>Bianca Fraccalvieri\/Vatican News<\/b><\/p>\n<p><b>Confira o v\u00eddeo:<\/b><\/p>\n<p><iframe loading=\"lazy\"  id=\"_ytid_68532\"  width=\"480\" height=\"270\"  data-origwidth=\"480\" data-origheight=\"270\" src=\"https:\/\/www.youtube.com\/embed\/khcX0ltCxgk?enablejsapi=1&#038;autoplay=0&#038;cc_load_policy=0&#038;cc_lang_pref=&#038;iv_load_policy=1&#038;loop=0&#038;rel=1&#038;fs=1&#038;playsinline=0&#038;autohide=2&#038;theme=dark&#038;color=red&#038;controls=1&#038;disablekb=0&#038;\" class=\"__youtube_prefs__  epyt-is-override  no-lazyload\" title=\"YouTube player\"  allow=\"fullscreen; accelerometer; autoplay; clipboard-write; encrypted-media; gyroscope; picture-in-picture; web-share\" referrerpolicy=\"strict-origin-when-cross-origin\" allowfullscreen data-no-lazy=\"1\" data-skipgform_ajax_framebjll=\"\"><\/iframe><\/p>\n<\/div>\n","protected":false},"excerpt":{"rendered":"<p>A catequese deste dia 1\u00b0 de dezembro foi dedicada de modo especial aos casais crist\u00e3os, para que possam aprender de S\u00e3o Jos\u00e9 o amor maduro, capaz de superar as adversidades da vida. &nbsp; \u201cJos\u00e9, homem justo e esposo de Maria\u201d: este foi o tema da terceira catequese que o Papa dedicou ao pai de Jesus.&nbsp;<\/p>\n<p><a class=\"btn btn-style\" href=\"http:\/\/portalcatolico.net\/portal\/papa-sao-jose-ensina-a-passar-da-paixao-romantica-ao-amor-maduro\/\">Continue Reading<\/a><\/p>\n","protected":false},"author":2,"featured_media":74209,"comment_status":"open","ping_status":"open","sticky":false,"template":"","format":"standard","meta":{"footnotes":""},"categories":[5],"tags":[],"class_list":["post-74208","post","type-post","status-publish","format-standard","has-post-thumbnail","hentry","category-igreja_no_mundo"],"_links":{"self":[{"href":"http:\/\/portalcatolico.net\/portal\/wp-json\/wp\/v2\/posts\/74208","targetHints":{"allow":["GET"]}}],"collection":[{"href":"http:\/\/portalcatolico.net\/portal\/wp-json\/wp\/v2\/posts"}],"about":[{"href":"http:\/\/portalcatolico.net\/portal\/wp-json\/wp\/v2\/types\/post"}],"author":[{"embeddable":true,"href":"http:\/\/portalcatolico.net\/portal\/wp-json\/wp\/v2\/users\/2"}],"replies":[{"embeddable":true,"href":"http:\/\/portalcatolico.net\/portal\/wp-json\/wp\/v2\/comments?post=74208"}],"version-history":[{"count":2,"href":"http:\/\/portalcatolico.net\/portal\/wp-json\/wp\/v2\/posts\/74208\/revisions"}],"predecessor-version":[{"id":74211,"href":"http:\/\/portalcatolico.net\/portal\/wp-json\/wp\/v2\/posts\/74208\/revisions\/74211"}],"wp:featuredmedia":[{"embeddable":true,"href":"http:\/\/portalcatolico.net\/portal\/wp-json\/wp\/v2\/media\/74209"}],"wp:attachment":[{"href":"http:\/\/portalcatolico.net\/portal\/wp-json\/wp\/v2\/media?parent=74208"}],"wp:term":[{"taxonomy":"category","embeddable":true,"href":"http:\/\/portalcatolico.net\/portal\/wp-json\/wp\/v2\/categories?post=74208"},{"taxonomy":"post_tag","embeddable":true,"href":"http:\/\/portalcatolico.net\/portal\/wp-json\/wp\/v2\/tags?post=74208"}],"curies":[{"name":"wp","href":"https:\/\/api.w.org\/{rel}","templated":true}]}}