{"id":74147,"date":"2021-11-21T14:36:13","date_gmt":"2021-11-21T17:36:13","guid":{"rendered":"http:\/\/portalcatolico.net\/portal\/?p=74147"},"modified":"2021-11-21T18:36:46","modified_gmt":"2021-11-21T21:36:46","slug":"escutar-a-transbordar-a-exortacao-do-papa-a-assembleia-eclesial","status":"publish","type":"post","link":"http:\/\/portalcatolico.net\/portal\/escutar-a-transbordar-a-exortacao-do-papa-a-assembleia-eclesial\/","title":{"rendered":"Escutar a transbordar: a exorta\u00e7\u00e3o do Papa \u00e0 Assembleia Eclesial"},"content":{"rendered":"<div class=\"article__subTitle\">Ap\u00f3s a fase de escuta, realizar-se a partir deste domingo a 1\u00aa Assembleia Eclesial da Am\u00e9rica Latina. At\u00e9 28 de novembro, o evento se inspira no lema \u201cSomos todos disc\u00edpulos mission\u00e1rios em sa\u00edda\u201d. Cerca de 100 pessoas, entre coordena\u00e7\u00e3o e convidados, participar\u00e3o presencialmente no Santu\u00e1rio de Nossa Senhora de Guadalupe, na Cidade do M\u00e9xico, e outros 1.000 de forma remota em outros lugares da Am\u00e9rica Latina e do Caribe.<\/div>\n<div>&nbsp;<\/div>\n<div class=\"title__separator\">\n<p>A Assembleia Eclesial da Am\u00e9rica Latina e do Caribe come\u00e7a este domingo com a ora\u00e7\u00e3o e o encorajamento do Papa Francisco.<\/p>\n<p>Atrav\u00e9s de uma mensagem, o Pont\u00edfice sa\u00fada os participantes e ressalta a import\u00e2ncia deste evento para reavivar o esp\u00edrito da Confer\u00eancia de Aparecida, com o olhar voltado ao S\u00ednodo de 2023, para impulsionar uma Igreja \u201cem sa\u00edda sinodal\u201d.<\/p>\n<p><strong>Escutar Deus e o clamor do povo<\/strong><\/p>\n<p>De modo especial, Francisco prop\u00f5e duas palavras \u00e0 aten\u00e7\u00e3o dos participantes: escutar e transbordar.<\/p>\n<p>O dinamismo das assembleias eclesiais est\u00e1 no processo de escuta, di\u00e1logo e discernimento, escreve o Papa.<\/p>\n<p><i>\u201cNuma assembleia, o interc\u00e2mbio facilita \u2018escutar\u2019 a voz de Deus at\u00e9 escutar com Ele o clamor do povo, e escutar o povo at\u00e9 respirar nela a vontade a que Deus nos chama.\u201d<\/i><\/p>\n<p>Portanto, o pedido de Francisco \u00e9 que a Igreja procure escutar-se mutuamente e escutar os clamores dos mais pobres e esquecidos.<\/p>\n<p><strong>Transbordar o amor criativo do Esp\u00edrito<\/strong><\/p>\n<p>A segunda palavra \u2013 \u201ctransbordar\u201d \u2013 se insere no contexto de encontrar caminhos que evitem que as diferen\u00e7as se transformem em divis\u00f5es e polariza\u00e7\u00f5es.<\/p>\n<p><i>\u201cNeste processo, pe\u00e7o ao Senhor que esta Assembleia seja express\u00e3o do \u2018transbordar\u2019 do amor criativo do Esp\u00edrito, que nos impulsiona a sair sem medo ao encontro dos demais, e que anima a Igreja para que, por um processo de convers\u00e3o pastoral, seja cada vez mais evangelizadora e mission\u00e1ria.\u201d<\/i><\/p>\n<p>O Pont\u00edfice conclui animando os participantes a viverem estes dias acolhendo com gratuidade e alegria este chamado a transbordar o Esp\u00edrito no Povo fiel de Deus que peregrina na Am\u00e9rica Latina e no Caribe. (<b>Vatican News)<\/b><\/p>\n<\/div>\n","protected":false},"excerpt":{"rendered":"<p>Ap\u00f3s a fase de escuta, realizar-se a partir deste domingo a 1\u00aa Assembleia Eclesial da Am\u00e9rica Latina. At\u00e9 28 de novembro, o evento se inspira no lema \u201cSomos todos disc\u00edpulos mission\u00e1rios em sa\u00edda\u201d. Cerca de 100 pessoas, entre coordena\u00e7\u00e3o e convidados, participar\u00e3o presencialmente no Santu\u00e1rio de Nossa Senhora de Guadalupe, na Cidade do M\u00e9xico, e&nbsp;<\/p>\n<p><a class=\"btn btn-style\" href=\"http:\/\/portalcatolico.net\/portal\/escutar-a-transbordar-a-exortacao-do-papa-a-assembleia-eclesial\/\">Continue Reading<\/a><\/p>\n","protected":false},"author":2,"featured_media":74148,"comment_status":"open","ping_status":"open","sticky":false,"template":"","format":"standard","meta":{"footnotes":""},"categories":[5],"tags":[],"class_list":["post-74147","post","type-post","status-publish","format-standard","has-post-thumbnail","hentry","category-igreja_no_mundo"],"_links":{"self":[{"href":"http:\/\/portalcatolico.net\/portal\/wp-json\/wp\/v2\/posts\/74147","targetHints":{"allow":["GET"]}}],"collection":[{"href":"http:\/\/portalcatolico.net\/portal\/wp-json\/wp\/v2\/posts"}],"about":[{"href":"http:\/\/portalcatolico.net\/portal\/wp-json\/wp\/v2\/types\/post"}],"author":[{"embeddable":true,"href":"http:\/\/portalcatolico.net\/portal\/wp-json\/wp\/v2\/users\/2"}],"replies":[{"embeddable":true,"href":"http:\/\/portalcatolico.net\/portal\/wp-json\/wp\/v2\/comments?post=74147"}],"version-history":[{"count":2,"href":"http:\/\/portalcatolico.net\/portal\/wp-json\/wp\/v2\/posts\/74147\/revisions"}],"predecessor-version":[{"id":74150,"href":"http:\/\/portalcatolico.net\/portal\/wp-json\/wp\/v2\/posts\/74147\/revisions\/74150"}],"wp:featuredmedia":[{"embeddable":true,"href":"http:\/\/portalcatolico.net\/portal\/wp-json\/wp\/v2\/media\/74148"}],"wp:attachment":[{"href":"http:\/\/portalcatolico.net\/portal\/wp-json\/wp\/v2\/media?parent=74147"}],"wp:term":[{"taxonomy":"category","embeddable":true,"href":"http:\/\/portalcatolico.net\/portal\/wp-json\/wp\/v2\/categories?post=74147"},{"taxonomy":"post_tag","embeddable":true,"href":"http:\/\/portalcatolico.net\/portal\/wp-json\/wp\/v2\/tags?post=74147"}],"curies":[{"name":"wp","href":"https:\/\/api.w.org\/{rel}","templated":true}]}}