{"id":74128,"date":"2021-11-21T14:02:41","date_gmt":"2021-11-21T17:02:41","guid":{"rendered":"http:\/\/portalcatolico.net\/portal\/?p=74128"},"modified":"2021-11-21T14:08:56","modified_gmt":"2021-11-21T17:08:56","slug":"casamento-e-realizado-na-paroquia-de-santa-rita-em-itabuna","status":"publish","type":"post","link":"http:\/\/portalcatolico.net\/portal\/casamento-e-realizado-na-paroquia-de-santa-rita-em-itabuna\/","title":{"rendered":"Casamento \u00e9 realizado na Par\u00f3quia de Santa Rita em Itabuna!"},"content":{"rendered":"<div class=\"v1PlainText\" dir=\"auto\"><img loading=\"lazy\" decoding=\"async\" class=\"alignnone wp-image-74132\" src=\"http:\/\/portalcatolico.net\/portal\/wp-content\/uploads\/2021\/11\/IMG_3356-300x200.jpg\" alt=\"\" width=\"827\" height=\"551\" srcset=\"http:\/\/portalcatolico.net\/portal\/wp-content\/uploads\/2021\/11\/IMG_3356-300x200.jpg 300w, http:\/\/portalcatolico.net\/portal\/wp-content\/uploads\/2021\/11\/IMG_3356-768x512.jpg 768w, http:\/\/portalcatolico.net\/portal\/wp-content\/uploads\/2021\/11\/IMG_3356.jpg 800w\" sizes=\"auto, (max-width: 827px) 100vw, 827px\" \/>O casal Nilton Sousa Campos e Dayse Aquino dos Santos Campos receberam a b\u00ean\u00e7\u00e3o do sacramento do matrim\u00f4nio na par\u00f3quia Santa Rita de Cassia na cidade e diocese de Itabuna, no sul da Bahia.<\/div>\n<div class=\"v1PlainText\" dir=\"auto\">&nbsp;A celebra\u00e7\u00e3o foi realizada por Frei Fernando Brito OFM Cap, vig\u00e1rio paroquial.<\/div>\n<div class=\"v1PlainText\">&nbsp;Estiveram presentes familiares, amigos e os membros da Renova\u00e7\u00e3o Carism\u00e1tica Cat\u00f3lica.<br \/>\nO casamento foi realizado neste s\u00e1bado, 20 de novembro, \u00e0s 19h30.&nbsp;<img loading=\"lazy\" decoding=\"async\" class=\"alignnone wp-image-74134\" src=\"http:\/\/portalcatolico.net\/portal\/wp-content\/uploads\/2021\/11\/IMG_3379-1-300x200.jpg\" alt=\"\" width=\"777\" height=\"518\" srcset=\"http:\/\/portalcatolico.net\/portal\/wp-content\/uploads\/2021\/11\/IMG_3379-1-300x200.jpg 300w, http:\/\/portalcatolico.net\/portal\/wp-content\/uploads\/2021\/11\/IMG_3379-1-768x512.jpg 768w, http:\/\/portalcatolico.net\/portal\/wp-content\/uploads\/2021\/11\/IMG_3379-1.jpg 800w\" sizes=\"auto, (max-width: 777px) 100vw, 777px\" \/><\/div>\n<div>&nbsp;<\/div>\n<div class=\"v1PlainText\">Vale ressaltar que foram obedecidos todas as orienta\u00e7\u00f5es dos \u00f3rg\u00e3os de sa\u00fade como: o uso de m\u00e1scara, \u00e1lcool em gel e distanciamento social.<\/div>\n<div class=\"v1PlainText\">&nbsp; &#8220;Quando Deus em sua sutileza tira da costela do homem e coloca aquela mulher ao lado, \u00e9 um grito de surpresa boa que o homem tem. A vida de voc\u00eas hoje em diante \u00e9 uma ben\u00e7\u00e3o de Deus, \u00e9 gra\u00e7a de Deus. Vejam como \u00e9 bonito uma fam\u00edlia que se agarra ao Senhor. Mesmo que todos digam n\u00e3o, voc\u00eas devem dizer sim, que nasceram um para o outro!&#8221;, disse o Frei.<img loading=\"lazy\" decoding=\"async\" class=\"alignnone wp-image-74135\" src=\"http:\/\/portalcatolico.net\/portal\/wp-content\/uploads\/2021\/11\/IMG_3414-300x200.jpg\" alt=\"\" width=\"809\" height=\"540\" srcset=\"http:\/\/portalcatolico.net\/portal\/wp-content\/uploads\/2021\/11\/IMG_3414-300x200.jpg 300w, http:\/\/portalcatolico.net\/portal\/wp-content\/uploads\/2021\/11\/IMG_3414-768x512.jpg 768w, http:\/\/portalcatolico.net\/portal\/wp-content\/uploads\/2021\/11\/IMG_3414.jpg 800w\" sizes=\"auto, (max-width: 809px) 100vw, 809px\" \/><\/div>\n<div class=\"v1PlainText\">&nbsp; O casamento \u00e9 um lindo projeto de Deus para seu povo. \u00c9 a alian\u00e7a matrimonial pela qual homem e mulher s\u00e3o chamados a viver a unidade, numa comunh\u00e3o de amor para toda a vida por meio de um sim sincero.<br \/>\nO amor conjugal \u00e9 b\u00ean\u00e7\u00e3o e dom de Deus, vivido \u00e0 luz da f\u00e9. \u00c9 a manifesta\u00e7\u00e3o vis\u00edvel da uni\u00e3o invis\u00edvel de Cristo com a Igreja.<img loading=\"lazy\" decoding=\"async\" class=\"alignnone wp-image-74136\" src=\"http:\/\/portalcatolico.net\/portal\/wp-content\/uploads\/2021\/11\/IMG_3442-300x200.jpg\" alt=\"\" width=\"817\" height=\"544\" srcset=\"http:\/\/portalcatolico.net\/portal\/wp-content\/uploads\/2021\/11\/IMG_3442-300x200.jpg 300w, http:\/\/portalcatolico.net\/portal\/wp-content\/uploads\/2021\/11\/IMG_3442-768x512.jpg 768w, http:\/\/portalcatolico.net\/portal\/wp-content\/uploads\/2021\/11\/IMG_3442.jpg 800w\" sizes=\"auto, (max-width: 817px) 100vw, 817px\" \/><\/div>\n<div class=\"v1PlainText\">Os membros da Pastoral Familiar da igreja matriz de santa Rita de C\u00e1ssia e de outras par\u00f3quias s\u00e3o respons\u00e1veis por toda a orienta\u00e7\u00e3o do sacramento do matrim\u00f4nio.<\/div>\n<div class=\"v1PlainText\">O casal passou por um per\u00edodo de prepara\u00e7\u00e3o com palestras, reflex\u00f5es sobre a fam\u00edlia, administra\u00e7\u00e3o familiar, a import\u00e2ncia da espiritualidade e do di\u00e1logo no matrim\u00f4nio, bem como o valor deste sacramento.&nbsp;&nbsp;<\/div>\n<div class=\"v1PlainText\">O Portal Cat\u00f3lico deseja muita felicidade aos rec\u00e9m-casados!<\/div>\n<div>Clicando <a href=\"https:\/\/www.facebook.com\/portalcatolicooficial\"><strong>AQUI<\/strong><\/a> voc\u00ea confere todas as fotos.<\/div>\n","protected":false},"excerpt":{"rendered":"<p>O casal Nilton Sousa Campos e Dayse Aquino dos Santos Campos receberam a b\u00ean\u00e7\u00e3o do sacramento do matrim\u00f4nio na par\u00f3quia Santa Rita de Cassia na cidade e diocese de Itabuna, no sul da Bahia. &nbsp;A celebra\u00e7\u00e3o foi realizada por Frei Fernando Brito OFM Cap, vig\u00e1rio paroquial. &nbsp;Estiveram presentes familiares, amigos e os membros da Renova\u00e7\u00e3o&nbsp;<\/p>\n<p><a class=\"btn btn-style\" href=\"http:\/\/portalcatolico.net\/portal\/casamento-e-realizado-na-paroquia-de-santa-rita-em-itabuna\/\">Continue Reading<\/a><\/p>\n","protected":false},"author":2,"featured_media":74129,"comment_status":"open","ping_status":"open","sticky":false,"template":"","format":"standard","meta":{"footnotes":""},"categories":[68],"tags":[],"class_list":["post-74128","post","type-post","status-publish","format-standard","has-post-thumbnail","hentry","category-homilias"],"_links":{"self":[{"href":"http:\/\/portalcatolico.net\/portal\/wp-json\/wp\/v2\/posts\/74128","targetHints":{"allow":["GET"]}}],"collection":[{"href":"http:\/\/portalcatolico.net\/portal\/wp-json\/wp\/v2\/posts"}],"about":[{"href":"http:\/\/portalcatolico.net\/portal\/wp-json\/wp\/v2\/types\/post"}],"author":[{"embeddable":true,"href":"http:\/\/portalcatolico.net\/portal\/wp-json\/wp\/v2\/users\/2"}],"replies":[{"embeddable":true,"href":"http:\/\/portalcatolico.net\/portal\/wp-json\/wp\/v2\/comments?post=74128"}],"version-history":[{"count":5,"href":"http:\/\/portalcatolico.net\/portal\/wp-json\/wp\/v2\/posts\/74128\/revisions"}],"predecessor-version":[{"id":74138,"href":"http:\/\/portalcatolico.net\/portal\/wp-json\/wp\/v2\/posts\/74128\/revisions\/74138"}],"wp:featuredmedia":[{"embeddable":true,"href":"http:\/\/portalcatolico.net\/portal\/wp-json\/wp\/v2\/media\/74129"}],"wp:attachment":[{"href":"http:\/\/portalcatolico.net\/portal\/wp-json\/wp\/v2\/media?parent=74128"}],"wp:term":[{"taxonomy":"category","embeddable":true,"href":"http:\/\/portalcatolico.net\/portal\/wp-json\/wp\/v2\/categories?post=74128"},{"taxonomy":"post_tag","embeddable":true,"href":"http:\/\/portalcatolico.net\/portal\/wp-json\/wp\/v2\/tags?post=74128"}],"curies":[{"name":"wp","href":"https:\/\/api.w.org\/{rel}","templated":true}]}}