{"id":73964,"date":"2021-11-01T22:55:32","date_gmt":"2021-11-02T01:55:32","guid":{"rendered":"http:\/\/portalcatolico.net\/portal\/?p=73964"},"modified":"2021-11-02T09:10:27","modified_gmt":"2021-11-02T12:10:27","slug":"encontro-de-formacao-reuniu-padres-e-bispos-da-regiao-oeste-da-bahia","status":"publish","type":"post","link":"http:\/\/portalcatolico.net\/portal\/encontro-de-formacao-reuniu-padres-e-bispos-da-regiao-oeste-da-bahia\/","title":{"rendered":"Encontro de Forma\u00e7\u00e3o reuniu padres e bispos da regi\u00e3o Oeste da Bahia"},"content":{"rendered":"<div class=\"kvgmc6g5 cxmmr5t8 oygrvhab hcukyx3x c1et5uql ii04i59q\">\n<div dir=\"auto\">\n<p>O clero das Dioceses de Barra, Barreiras e Bom Jesus da Lapa esteve reunido entre os dias 26 e 29 de outubro, na cidade de Barreiras. O encontro teve como objetivo promover o estudo e atualiza\u00e7\u00e3o dos padres da Regi\u00e3o Pastoral do Oeste. Al\u00e9m dos padres, est\u00e3o presentes, Dom Moacir Arantes, bispo Diocesano de Barreiras, Dom Luiz Cappio, Bispo de Barra, Dom Jo\u00e3o Santos Cardoso, bispo de Bom Jesus da Lapa.<\/p>\n<\/div>\n<\/div>\n<div class=\"o9v6fnle cxmmr5t8 oygrvhab hcukyx3x c1et5uql ii04i59q\">\n<div dir=\"auto\">A forma\u00e7\u00e3o teve como assessor o Pe. Luiz Henrique Brand\u00e3o de Figueiredo, pertencente ao clero da Arquidiocese de Goi\u00e2nia, o qual possui Mestrado em Teologia Moral pela Pontif\u00edcia Universidade Gregoriana de Roma, Doutorado e P\u00f3s Doutorado pela Universidade Lateranense de Roma.(CNBB RNE3)<\/div>\n<\/div>\n","protected":false},"excerpt":{"rendered":"<p>O clero das Dioceses de Barra, Barreiras e Bom Jesus da Lapa esteve reunido entre os dias 26 e 29 de outubro, na cidade de Barreiras. O encontro teve como objetivo promover o estudo e atualiza\u00e7\u00e3o dos padres da Regi\u00e3o Pastoral do Oeste. Al\u00e9m dos padres, est\u00e3o presentes, Dom Moacir Arantes, bispo Diocesano de Barreiras,&nbsp;<\/p>\n<p><a class=\"btn btn-style\" href=\"http:\/\/portalcatolico.net\/portal\/encontro-de-formacao-reuniu-padres-e-bispos-da-regiao-oeste-da-bahia\/\">Continue Reading<\/a><\/p>\n","protected":false},"author":2,"featured_media":0,"comment_status":"open","ping_status":"open","sticky":false,"template":"","format":"standard","meta":{"footnotes":""},"categories":[3],"tags":[],"class_list":["post-73964","post","type-post","status-publish","format-standard","hentry","category-noticias_regionais"],"_links":{"self":[{"href":"http:\/\/portalcatolico.net\/portal\/wp-json\/wp\/v2\/posts\/73964","targetHints":{"allow":["GET"]}}],"collection":[{"href":"http:\/\/portalcatolico.net\/portal\/wp-json\/wp\/v2\/posts"}],"about":[{"href":"http:\/\/portalcatolico.net\/portal\/wp-json\/wp\/v2\/types\/post"}],"author":[{"embeddable":true,"href":"http:\/\/portalcatolico.net\/portal\/wp-json\/wp\/v2\/users\/2"}],"replies":[{"embeddable":true,"href":"http:\/\/portalcatolico.net\/portal\/wp-json\/wp\/v2\/comments?post=73964"}],"version-history":[{"count":1,"href":"http:\/\/portalcatolico.net\/portal\/wp-json\/wp\/v2\/posts\/73964\/revisions"}],"predecessor-version":[{"id":73968,"href":"http:\/\/portalcatolico.net\/portal\/wp-json\/wp\/v2\/posts\/73964\/revisions\/73968"}],"wp:attachment":[{"href":"http:\/\/portalcatolico.net\/portal\/wp-json\/wp\/v2\/media?parent=73964"}],"wp:term":[{"taxonomy":"category","embeddable":true,"href":"http:\/\/portalcatolico.net\/portal\/wp-json\/wp\/v2\/categories?post=73964"},{"taxonomy":"post_tag","embeddable":true,"href":"http:\/\/portalcatolico.net\/portal\/wp-json\/wp\/v2\/tags?post=73964"}],"curies":[{"name":"wp","href":"https:\/\/api.w.org\/{rel}","templated":true}]}}