{"id":73912,"date":"2021-10-18T20:02:44","date_gmt":"2021-10-18T23:02:44","guid":{"rendered":"http:\/\/portalcatolico.net\/portal\/?p=73912"},"modified":"2021-10-22T20:03:01","modified_gmt":"2021-10-22T23:03:01","slug":"em-comunhao-com-a-igreja-diocese-celebra-abertura-da-fase-diocesana-do-sinodo-dos-bispos","status":"publish","type":"post","link":"http:\/\/portalcatolico.net\/portal\/em-comunhao-com-a-igreja-diocese-celebra-abertura-da-fase-diocesana-do-sinodo-dos-bispos\/","title":{"rendered":"Em comunh\u00e3o com a Igreja, Diocese celebra abertura da fase diocesana do S\u00ednodo dos Bispos"},"content":{"rendered":"<p>Aconteceu nesse domingo, 17 de outubro de 2021, na Capela de Adora\u00e7\u00e3o da Par\u00f3quia S\u00e3o Pedro, situada na cidade de Teixeira de Freitas \u2013 BA, a abertura diocesana do S\u00ednodo convocado pelo Papa Francisco, que tem como tema: \u201cUma Igreja Sinodal: Comunh\u00e3o, Participa\u00e7\u00e3o e Miss\u00e3o\u201d. A Celebra\u00e7\u00e3o Eucar\u00edstica teve in\u00edcio \u00e0s 10h, e foi presidida pelo Reverend\u00edssimo e Excelent\u00edssimo Dom Jailton de Oliveira Lino, PSDP, bispo diocesano, concelebrada pelos sacerdotes da diocese, e com a participa\u00e7\u00e3o de religiosos(as) e fi\u00e9is leigos(as) diocesanos(as).<\/p>\n<p>Dom Jailton iniciou a homilia saudando os sacerdotes, religiosos(as), seminaristas e o povo de Deus presentes na celebra\u00e7\u00e3o e os que acompanhavam pelas redes sociais da Diocese. Durante a homilia, falou sobre a luta de Jesus contra o falso conceito de grandeza existentes no seu tempo. \u201cAs leituras de hoje nos mostram a verdadeira grandeza que n\u00f3s podemos encontrar trazidos pelo esp\u00edrito de Jesus.\u201d O Evangelho fala sobre a caminhada de Jesus para Jerusal\u00e9m. \u201cNa caminhada Jesus educa seus disc\u00edpulos, seus ap\u00f3stolos para a Miss\u00e3o. Hoje Ele completa sua catequese sobre as exig\u00eancias do Reino. Para vivermos no Reino.\u201d<\/p>\n<figure id=\"attachment_14583\" class=\"wp-caption aligncenter\" aria-describedby=\"caption-attachment-14583\"><img loading=\"lazy\" decoding=\"async\" class=\"wp-image-14583 size-full\" src=\"https:\/\/i0.wp.com\/dioceseteixeiradefreitas.com.br\/wp-content\/uploads\/2021\/10\/IMG_2945.jpg?resize=708%2C472&amp;ssl=1\" sizes=\"auto, (max-width: 708px) 100vw, 708px\" srcset=\"https:\/\/i0.wp.com\/dioceseteixeiradefreitas.com.br\/wp-content\/uploads\/2021\/10\/IMG_2945.jpg?w=1024&amp;ssl=1 1024w, https:\/\/i0.wp.com\/dioceseteixeiradefreitas.com.br\/wp-content\/uploads\/2021\/10\/IMG_2945.jpg?resize=300%2C200&amp;ssl=1 300w, https:\/\/i0.wp.com\/dioceseteixeiradefreitas.com.br\/wp-content\/uploads\/2021\/10\/IMG_2945.jpg?resize=768%2C512&amp;ssl=1 768w\" alt=\"\" width=\"708\" height=\"472\" data-recalc-dims=\"1\"><figcaption id=\"caption-attachment-14583\" class=\"wp-caption-text\">Dom Jailton durante a homilia \u2013 Foto: PASCOM\/Divulga\u00e7\u00e3o<\/figcaption><\/figure>\n<p>Refletiu sobre o pedido feito pelos disc\u00edpulos a Jesus, e a resposta de Jesus para eles. A procura pelos dois irm\u00e3os para sentar-se ao lado de Cristo e a rea\u00e7\u00e3o dos demais disc\u00edpulos demonstram a percep\u00e7\u00e3o dos disc\u00edpulos sobre o Reino. \u201cJesus est\u00e1 focado na morte, na entrega. E os ap\u00f3stolos de Jesus est\u00e3o em outro foco. Na riqueza, no poder, na grandeza.\u201d Mesmo depois da Ressurrei\u00e7\u00e3o os disc\u00edpulos continuavam com a mesma realidade. Jesus aproveita a ocasi\u00e3o para ensinar a autoridade como servi\u00e7o e n\u00e3o como privil\u00e9gio. \u201cA autoridade deve ser encarada como um grande servi\u00e7o de amor, \u00e9 isso que Jesus nos ensina. O sacerd\u00f3cio n\u00e3o \u00e9 ostenta\u00e7\u00e3o, \u00e9 servi\u00e7o. Ser coordenador, tesoureiro \u00e9 servi\u00e7o. A procura de privil\u00e9gios gera conflito. E o poder n\u00e3o assumido como servi\u00e7o acaba destruindo, discriminando. O Filho do Homem veio para servir e n\u00e3o para ser servido e como \u00e9 dif\u00edcil compreender isso, mesmo depois de mais de dois mil anos de cristianismo. Na comunidade crist\u00e3 n\u00e3o h\u00e1 pessoas mais importantes do que as outras. O que deve nos mover \u00e9 a vontade de servir\u201d. Dom Jailton nos levou a fazermos uma reflex\u00e3o: \u201cComo \u00e9 que eu exer\u00e7o a minha autoridade em casa? Como eu exer\u00e7o minha autoridade no meu trabalho? Como privil\u00e9gio ou como servi\u00e7o?\u201d<\/p>\n<p>Dom Jailton citou que o S\u00ednodo, tamb\u00e9m dito pelo Papa Francisco \u00e9 momento de privil\u00e9gio da gra\u00e7a de Deus. \u201cO Papa quer que atrav\u00e9s da escuta, da participa\u00e7\u00e3o, vivermos a Sinodalidade. A palavra S\u00ednodo \u00e9 uma palavra grega (<em>Syn-hodos<\/em>) que significa, caminhar juntos. Vivamos intensamente a ora\u00e7\u00e3o. Vivamos intensamente a partilha.\u201d<\/p>\n<figure id=\"attachment_14586\" class=\"wp-caption aligncenter\" aria-describedby=\"caption-attachment-14586\"><img loading=\"lazy\" decoding=\"async\" class=\"wp-image-14586 size-full\" src=\"https:\/\/i0.wp.com\/dioceseteixeiradefreitas.com.br\/wp-content\/uploads\/2021\/10\/IMG_7878-1-scaled.jpg?resize=708%2C472&amp;ssl=1\" sizes=\"auto, (max-width: 708px) 100vw, 708px\" srcset=\"https:\/\/i0.wp.com\/dioceseteixeiradefreitas.com.br\/wp-content\/uploads\/2021\/10\/IMG_7878-1-scaled.jpg?w=2560&amp;ssl=1 2560w, https:\/\/i0.wp.com\/dioceseteixeiradefreitas.com.br\/wp-content\/uploads\/2021\/10\/IMG_7878-1-scaled.jpg?resize=300%2C200&amp;ssl=1 300w, https:\/\/i0.wp.com\/dioceseteixeiradefreitas.com.br\/wp-content\/uploads\/2021\/10\/IMG_7878-1-scaled.jpg?resize=1024%2C683&amp;ssl=1 1024w, https:\/\/i0.wp.com\/dioceseteixeiradefreitas.com.br\/wp-content\/uploads\/2021\/10\/IMG_7878-1-scaled.jpg?resize=768%2C512&amp;ssl=1 768w, https:\/\/i0.wp.com\/dioceseteixeiradefreitas.com.br\/wp-content\/uploads\/2021\/10\/IMG_7878-1-scaled.jpg?resize=1536%2C1024&amp;ssl=1 1536w, https:\/\/i0.wp.com\/dioceseteixeiradefreitas.com.br\/wp-content\/uploads\/2021\/10\/IMG_7878-1-scaled.jpg?w=1416&amp;ssl=1 1416w, https:\/\/i0.wp.com\/dioceseteixeiradefreitas.com.br\/wp-content\/uploads\/2021\/10\/IMG_7878-1-scaled.jpg?w=2124&amp;ssl=1 2124w\" alt=\"\" width=\"708\" height=\"472\" data-recalc-dims=\"1\"><figcaption id=\"caption-attachment-14586\" class=\"wp-caption-text\">Apresenta\u00e7\u00e3o da Equipe Sinodal na Missa de Abertura \u2013 Foto: PASCOM\/Divulga\u00e7\u00e3o<\/figcaption><\/figure>\n<p>Ao final da Liturgia Eucar\u00edstica, Dom Jailton apresentou a todos os presentes aequipe de anima\u00e7\u00e3o sinodal diocesana, coordenada pelo Padre Ricardo Menezes. O Padre Ricardo agradeceu a Dom Jailton pela confian\u00e7a para conduzir os trabalhos da equipe. Falou da import\u00e2ncia da participa\u00e7\u00e3o de todos para que haja esse tempo sinodal. \u201cO objetivo do S\u00ednodo n\u00e3o \u00e9 produzir mais documentos. Pelo contr\u00e1rio, destina-se a inspirar as pessoas a sonharem com a Igreja que somos chamados a ser. A construir pontes. Pontes unem, ligam. Muros separam.\u201d Informou que o S\u00ednodo ser\u00e1 dividido em tr\u00eas etapas, sendo a primeira etapa das Igrejas particulares, envolvendo as dioceses do mundo inteiro. Solicitou que as par\u00f3quias enviassem suas contribui\u00e7\u00f5es at\u00e9 o dia 15 de Janeiro de 2022 para que em Mar\u00e7o de 2022, a equipe possa encaminhar as contribui\u00e7\u00f5es diocesanas para a CNBB. O padre apresentou a equipe sinodal e agradeceu o SIM dos membros. Em seguida, foi rezada a ora\u00e7\u00e3o do S\u00ednodo. Por fim, o Padre Ricardo falou sobre a programa\u00e7\u00e3o feita pela equipe sinodal que conta com diversas capacita\u00e7\u00f5es para toda a diocese.&nbsp;<a href=\"https:\/\/dioceseteixeiradefreitas.com.br\/14556\/\">Confira a programa\u00e7\u00e3o<\/a>.<\/p>\n<p>Louvemos ao nosso bom Deus por esse per\u00edodo de gra\u00e7a em nossa diocese.<\/p>\n<p>Por PASCOM Diocesana<br \/>\n&#x1f4f8;:&nbsp; Maiane<br \/>\n&#x1f58b;: Sara Mendes<\/p>\n<div class=\"su-note\">\n<div class=\"su-note-inner su-u-clearfix su-u-trim\"><a href=\"https:\/\/dioceseteixeiradefreitas.com.br\/14563\/\"><strong>Confira a Transmiss\u00e3o AO VIVO realizada<\/strong><\/a>:<\/div>\n<div>Com informa\u00e7\u00f5es e fotos: Diocese de Teixeira de Freitas(BA)<\/div>\n<\/div>\n","protected":false},"excerpt":{"rendered":"<p>Aconteceu nesse domingo, 17 de outubro de 2021, na Capela de Adora\u00e7\u00e3o da Par\u00f3quia S\u00e3o Pedro, situada na cidade de Teixeira de Freitas \u2013 BA, a abertura diocesana do S\u00ednodo convocado pelo Papa Francisco, que tem como tema: \u201cUma Igreja Sinodal: Comunh\u00e3o, Participa\u00e7\u00e3o e Miss\u00e3o\u201d. A Celebra\u00e7\u00e3o Eucar\u00edstica teve in\u00edcio \u00e0s 10h, e foi presidida&nbsp;<\/p>\n<p><a class=\"btn btn-style\" href=\"http:\/\/portalcatolico.net\/portal\/em-comunhao-com-a-igreja-diocese-celebra-abertura-da-fase-diocesana-do-sinodo-dos-bispos\/\">Continue Reading<\/a><\/p>\n","protected":false},"author":2,"featured_media":73913,"comment_status":"open","ping_status":"open","sticky":false,"template":"","format":"standard","meta":{"footnotes":""},"categories":[4],"tags":[],"class_list":["post-73912","post","type-post","status-publish","format-standard","has-post-thumbnail","hentry","category-destaques"],"_links":{"self":[{"href":"http:\/\/portalcatolico.net\/portal\/wp-json\/wp\/v2\/posts\/73912","targetHints":{"allow":["GET"]}}],"collection":[{"href":"http:\/\/portalcatolico.net\/portal\/wp-json\/wp\/v2\/posts"}],"about":[{"href":"http:\/\/portalcatolico.net\/portal\/wp-json\/wp\/v2\/types\/post"}],"author":[{"embeddable":true,"href":"http:\/\/portalcatolico.net\/portal\/wp-json\/wp\/v2\/users\/2"}],"replies":[{"embeddable":true,"href":"http:\/\/portalcatolico.net\/portal\/wp-json\/wp\/v2\/comments?post=73912"}],"version-history":[{"count":1,"href":"http:\/\/portalcatolico.net\/portal\/wp-json\/wp\/v2\/posts\/73912\/revisions"}],"predecessor-version":[{"id":73914,"href":"http:\/\/portalcatolico.net\/portal\/wp-json\/wp\/v2\/posts\/73912\/revisions\/73914"}],"wp:featuredmedia":[{"embeddable":true,"href":"http:\/\/portalcatolico.net\/portal\/wp-json\/wp\/v2\/media\/73913"}],"wp:attachment":[{"href":"http:\/\/portalcatolico.net\/portal\/wp-json\/wp\/v2\/media?parent=73912"}],"wp:term":[{"taxonomy":"category","embeddable":true,"href":"http:\/\/portalcatolico.net\/portal\/wp-json\/wp\/v2\/categories?post=73912"},{"taxonomy":"post_tag","embeddable":true,"href":"http:\/\/portalcatolico.net\/portal\/wp-json\/wp\/v2\/tags?post=73912"}],"curies":[{"name":"wp","href":"https:\/\/api.w.org\/{rel}","templated":true}]}}