{"id":73889,"date":"2021-10-20T19:05:26","date_gmt":"2021-10-20T22:05:26","guid":{"rendered":"http:\/\/portalcatolico.net\/portal\/?p=73889"},"modified":"2021-10-20T19:05:26","modified_gmt":"2021-10-20T22:05:26","slug":"papa-francisco-nomeia-bispo-para-a-diocese-de-sao-carlos-sp","status":"publish","type":"post","link":"http:\/\/portalcatolico.net\/portal\/papa-francisco-nomeia-bispo-para-a-diocese-de-sao-carlos-sp\/","title":{"rendered":"Papa Francisco nomeia bispo para a Diocese de S\u00e3o Carlos (SP)"},"content":{"rendered":"<p><em>Dom Luiz Carlos Dias, era bispo auxiliar da Arquidiocese Metropolitana de S\u00e3o Paulo.<\/em><br \/>\nO Santo Padre, Papa Francisco nomeou nesta quarta-feira (20) bispo da Diocese de S\u00e3o Carlos (SP), dom Luiz Carlos Dias, transferindo-o da S\u00e9 titular de Tunes e do cargo de auxiliar da Arquidiocese Metropolitana de S\u00e3o Paulo. A Confer\u00eancia Nacional dos Bispos do Brasil enviou uma mensagem de sauda\u00e7\u00e3o para o novo bispo.&nbsp;<\/p>\n<p><em><strong>Curriculum vitae&nbsp;&nbsp;&nbsp;&nbsp;<\/strong><\/em><\/p>\n<p>Dom Luiz Carlos Dias nasceu no dia 16 de setembro de 1964 em Caconde, Diocese de S\u00e3o Jo\u00e3o da Boa Vista, no Estado de S\u00e3o Paulo. Estudou Filosofia (1984-1986) e Teologia (1987-1990) no Centro de Estudos da Arquidiocese de Ribeir\u00e3o Preto (CEARP). Obteve licenciatura em Filosofia na Pontif\u00edcia Universidade Gregoriana em Roma (2002-2004).<\/p>\n<p>Foi ordenado sacerdote em 5 de abril de 1991 e incardinado na Diocese de S\u00e3o Jo\u00e3o da Boa Vista, onde ocupou os seguintes cargos: Reitor do Semin\u00e1rio Proped\u00eautico; Vig\u00e1rio Paroquial da Imaculada Concei\u00e7\u00e3o em Caconde; P\u00e1roco de Nossa Senhora de F\u00e1tima em S\u00e3o Jo\u00e3o da Boa Vista; Diretor do Instituto de Filosofia; Reitor do Semin\u00e1rio Teol\u00f3gico de S\u00e3o Jo\u00e3o Maria Vianney e Vig\u00e1rio Paroquial de S\u00e3o Judas Tadeu em Mogi Gua\u00e7u; Coordenador da Pastoral Mission\u00e1ria e Membro do Conselho Presbiteral. Foi tamb\u00e9m professor nos Institutos Filos\u00f3ficos das Dioceses de S\u00e3o Jo\u00e3o da Boa Vista e Guaxup\u00e9 e da Arquidiocese Metropolitana de Bras\u00edlia.<\/p>\n<p>De 2010 a 2015 foi Secret\u00e1rio executivo da Campanha da Fraternidade e da Campanha da Evangeliza\u00e7\u00e3o da Confer\u00eancia Episcopal Brasileira.<\/p>\n<p>No dia 16 de mar\u00e7o de 2016, foi nomeado Bispo titular de Tunes e auxiliar da Arquidiocese Metropolitana de S\u00e3o Paulo, e recebeu a ordena\u00e7\u00e3o episcopal&nbsp;<\/p>\n<p>Dentro da Confer\u00eancia Episcopal Brasileira, \u00e9 Secret\u00e1rio da Regional Sul 1.<\/p>\n<p><strong>Sauda\u00e7\u00e3o a Dom Luiz Carlos Dias<\/strong><\/p>\n<p>&nbsp;<\/p>\n<p>Bras\u00edlia-DF, 20 de outubro de 2021.<\/p>\n<p>&nbsp;<\/p>\n<p>Estimado irm\u00e3o, Dom Luiz,<\/p>\n<p>No dia de hoje, participamos da alegria de todo o povo de Deus na Diocese de S\u00e3o Carlos (SP), que o acolhe como novo bispo. Da mesma forma, manifestamos nossa proximidade fraterna, neste momento em que recebe uma nova miss\u00e3o.<\/p>\n<p>Seu lema episcopal, \u201cVim para servir\u201d, nos recorda o chamado que Deus faz aos homens a serem seus ap\u00f3stolos e a anunciar o Evangelho, como o fez a Paulo. A identidade do bispo \u00e9 compreendida na sua vincula\u00e7\u00e3o a Jesus Cristo e na sucess\u00e3o apost\u00f3lica. \u00c9 seu seguidor e seu servo. Jesus nos deixou o exemplo daquele que \u201cn\u00e3o veio para ser servido, mas para servir e dar a vida em resgate por muitos\u201d (Mc 10,45).<\/p>\n<p>Como todos os minist\u00e9rios na Igreja, tamb\u00e9m o minist\u00e9rio episcopal \u00e9 um servi\u00e7o, exercido na comunh\u00e3o com o col\u00e9gio episcopal e com o bispo de Roma, o Papa. Rogamos b\u00ean\u00e7\u00e3os \u00e0 continuidade de sua miss\u00e3o como servidor de Jesus Cristo e da sua Igreja, \u00e0 por\u00e7\u00e3o do povo de Deus na diocese de S\u00e3o Carlos, agora confiada aos seus cuidados pastorais.<\/p>\n<p>Que S\u00e3o Carlos Borromeu, padroeiro da diocese de S\u00e3o Carlos, seja guia e sustento seguro para um pastoreio frutuoso.<\/p>\n<p>Em Cristo,<\/p>\n<p><strong>Dom Walmor Oliveira de Azevedo<\/strong><br \/>\nArcebispo de Belo Horizonte (MG)<br \/>\n<em>Presidente da CNBB<\/em><\/p>\n<p><strong>Dom Jaime Spengler<\/strong><br \/>\nArcebispo de Porto Alegre (RS)<br \/>\n<em>Primeiro Vice-Presidente da CNBB<\/em><\/p>\n<p><strong>Dom M\u00e1rio Ant\u00f4nio da Silva<\/strong><br \/>\nBispo de Roraima (RR)<br \/>\n<em>Segundo Vice-Presidente da CNBB<\/em><\/p>\n<p><strong>Dom Joel Portella Amado<\/strong><br \/>\nBispo auxiliar da arquidiocese de S\u00e3o Sebasti\u00e3o do Rio de Janeiro (RJ)<br \/>\n<em>Secret\u00e1rio-geral da CNBB<\/em><\/p>\n","protected":false},"excerpt":{"rendered":"<p>Dom Luiz Carlos Dias, era bispo auxiliar da Arquidiocese Metropolitana de S\u00e3o Paulo. O Santo Padre, Papa Francisco nomeou nesta quarta-feira (20) bispo da Diocese de S\u00e3o Carlos (SP), dom Luiz Carlos Dias, transferindo-o da S\u00e9 titular de Tunes e do cargo de auxiliar da Arquidiocese Metropolitana de S\u00e3o Paulo. A Confer\u00eancia Nacional dos Bispos&nbsp;<\/p>\n<p><a class=\"btn btn-style\" href=\"http:\/\/portalcatolico.net\/portal\/papa-francisco-nomeia-bispo-para-a-diocese-de-sao-carlos-sp\/\">Continue Reading<\/a><\/p>\n","protected":false},"author":2,"featured_media":73890,"comment_status":"open","ping_status":"open","sticky":false,"template":"","format":"standard","meta":{"footnotes":""},"categories":[3],"tags":[],"class_list":["post-73889","post","type-post","status-publish","format-standard","has-post-thumbnail","hentry","category-noticias_regionais"],"_links":{"self":[{"href":"http:\/\/portalcatolico.net\/portal\/wp-json\/wp\/v2\/posts\/73889","targetHints":{"allow":["GET"]}}],"collection":[{"href":"http:\/\/portalcatolico.net\/portal\/wp-json\/wp\/v2\/posts"}],"about":[{"href":"http:\/\/portalcatolico.net\/portal\/wp-json\/wp\/v2\/types\/post"}],"author":[{"embeddable":true,"href":"http:\/\/portalcatolico.net\/portal\/wp-json\/wp\/v2\/users\/2"}],"replies":[{"embeddable":true,"href":"http:\/\/portalcatolico.net\/portal\/wp-json\/wp\/v2\/comments?post=73889"}],"version-history":[{"count":1,"href":"http:\/\/portalcatolico.net\/portal\/wp-json\/wp\/v2\/posts\/73889\/revisions"}],"predecessor-version":[{"id":73891,"href":"http:\/\/portalcatolico.net\/portal\/wp-json\/wp\/v2\/posts\/73889\/revisions\/73891"}],"wp:featuredmedia":[{"embeddable":true,"href":"http:\/\/portalcatolico.net\/portal\/wp-json\/wp\/v2\/media\/73890"}],"wp:attachment":[{"href":"http:\/\/portalcatolico.net\/portal\/wp-json\/wp\/v2\/media?parent=73889"}],"wp:term":[{"taxonomy":"category","embeddable":true,"href":"http:\/\/portalcatolico.net\/portal\/wp-json\/wp\/v2\/categories?post=73889"},{"taxonomy":"post_tag","embeddable":true,"href":"http:\/\/portalcatolico.net\/portal\/wp-json\/wp\/v2\/tags?post=73889"}],"curies":[{"name":"wp","href":"https:\/\/api.w.org\/{rel}","templated":true}]}}