{"id":73884,"date":"2021-10-19T19:41:09","date_gmt":"2021-10-19T22:41:09","guid":{"rendered":"http:\/\/portalcatolico.net\/portal\/?p=73884"},"modified":"2021-10-19T19:43:33","modified_gmt":"2021-10-19T22:43:33","slug":"abertura-do-sinodo-2021-2023-na-diocese-de-eunapolis-ba","status":"publish","type":"post","link":"http:\/\/portalcatolico.net\/portal\/abertura-do-sinodo-2021-2023-na-diocese-de-eunapolis-ba\/","title":{"rendered":"Abertura do S\u00ednodo 2021-2023 na Diocese de Eun\u00e1polis -BA"},"content":{"rendered":"<p id=\"viewer-605a2\" class=\"mm8Nw _1j-51 _1atvN _1FoOD _78FBa _3_La3 _1atvN public-DraftStyleDefault-block-depth0 public-DraftStyleDefault-text-ltr\"><span class=\"_2PHJq public-DraftStyleDefault-ltr\">Aconteceu na manh\u00e3 do dia 12 de outubro, a Celebra\u00e7\u00e3o Solene em A\u00e7\u00e3o de Gra\u00e7as pelo 25\u00b0 anivers\u00e1rio da Passe Can\u00f4nica de Dom Jos\u00e9 Edson Santana Oliveira, como primeiro Bispo da Diocese de Eun\u00e1polis, marcando o encerramento das comemora\u00e7\u00f5es do Ano Jubilar. Na oportunidade, aconteceu tamb\u00e9m a Abertura do S\u00ednodo dos Bispos 2021-2023 na Diocese, conforme solicitado pelo Papa Francisco e em comunh\u00e3o com toda a Igreja.<\/span><\/p>\n<p id=\"viewer-7ddd0\" class=\"mm8Nw _1j-51 _1atvN _1FoOD _78FBa _3_La3 _1atvN public-DraftStyleDefault-block-depth0 public-DraftStyleDefault-text-ltr\"><span class=\"_2PHJq public-DraftStyleDefault-ltr\">A celebra\u00e7\u00e3o foi presidida por Dom Jos\u00e9 Edson e acompanhada com muita devo\u00e7\u00e3o, por todo o Clero Diocesano, religiosos, religiosas e fi\u00e9is que compareceram a Catedral Diocesana Nossa Senhora Auxiliadora ou acompanharam pela transmiss\u00e3o que ocorreu nas redes sociais da Diocese, tendo tamb\u00e9m uma \u00f3tima participa\u00e7\u00e3o remota de muitos irm\u00e3os e irm\u00e3s que se uniram em ora\u00e7\u00e3o por este momento hist\u00f3rico da Diocese.<\/span><\/p>\n<p id=\"viewer-9kemo\" class=\"mm8Nw _1j-51 _1atvN _1FoOD _78FBa _3_La3 _1atvN public-DraftStyleDefault-block-depth0 public-DraftStyleDefault-text-ltr\"><span class=\"_2PHJq public-DraftStyleDefault-ltr\">Dom Jos\u00e9 Edson em sua homilia, onde expressou estar muito grato a Deus pelo momento, al\u00e9m de fazer mem\u00f3ria ao longo de sua fala sobre alguns momentos vivenciados na jornada de instala\u00e7\u00e3o dessa Diocese. <\/span><\/p>\n<p id=\"viewer-p82q\" class=\"mm8Nw _1j-51 _1atvN _1FoOD _78FBa _3_La3 _1atvN public-DraftStyleDefault-block-depth0 public-DraftStyleDefault-text-ltr\"><span class=\"_2PHJq public-DraftStyleDefault-ltr\">Nessa celebra\u00e7\u00e3o foi feita apresenta\u00e7\u00e3o e envio da Comiss\u00e3o respons\u00e1vel pela condu\u00e7\u00e3o dos trabalhos do S\u00ednodo 2021 &#8211; 2023, que trabalhar\u00e1 em comunh\u00e3o com todas as par\u00f3quias, institutos, comunidades da Diocese de Eun\u00e1polis. A mesma \u00e9 composta pelos Padres: Ramon Lima (coordenador diocesano para o S\u00ednodo), Diego Reis e Danilo Maciel (assessores nessa etapa do processo).<\/span><\/p>\n<p id=\"viewer-4rt67\" class=\"mm8Nw _1j-51 _1atvN _1FoOD _78FBa _3_La3 _1atvN public-DraftStyleDefault-block-depth0 public-DraftStyleDefault-text-ltr\"><span class=\"_2PHJq public-DraftStyleDefault-ltr\">Dom Jos\u00e9 Edson ainda destacou em sua homilia: &#8220;Que o Processo Sinodal \u00e9 uma din\u00e2mica da alegria, din\u00e2mica de caminhar nos caminhos do Senhor. Somos a Igreja que caminha. A Igreja se abre em S\u00ednodo para escutar a todos. Para sermos cada vez mais sinais vis\u00edveis de Jesus no mundo. <\/span><\/p>\n<p id=\"viewer-973gq\" class=\"mm8Nw _1j-51 _1atvN _1FoOD _78FBa _3_La3 _1atvN public-DraftStyleDefault-block-depth0 public-DraftStyleDefault-text-ltr\"><span class=\"_2PHJq public-DraftStyleDefault-ltr\">E continuou: &#8220;Queremos e devemos ser para humanidade um motivo de esperan\u00e7a. Queremos Irradiar a partir do an\u00fancio da Boa Not\u00edcia Jesus Cristo que veio para que todos tenham vida, e a tenham a abund\u00e2ncia (cf. Jo 10, 10)&#8221; <\/span><\/p>\n<p id=\"viewer-800n4\" class=\"mm8Nw _1j-51 _1atvN _1FoOD _78FBa _3_La3 _1atvN public-DraftStyleDefault-block-depth0 public-DraftStyleDefault-text-ltr\"><span class=\"_2PHJq public-DraftStyleDefault-ltr\">Em comunh\u00e3o com o Santo Padre o Papa Francisco vivemos um momento de &#8220;Partilha e Reflex\u00e3o. A sinodalidade nos recordar\u00e1 o modo de agir, interagir, se relacionar internamente e externamente da Igreja&#8221;. O respons\u00e1vel pelo processo de consulta destacou algumas quest\u00f5es que podemos nos questionar: &#8220;Como ser Igreja em cada realidade? Como caminhar? Como nos veem? Como somos? Como ser uma Igreja mais sinodal? Somos uma institui\u00e7\u00e3o \u00e0 caminho e este caminhar requer de cada um de n\u00f3s o saber dialogar sem perder a nossa identidade&#8221;. Afirmou o Padre Ramon Lima, coordenador do processo sinodal na Diocese de Eun\u00e1polis.<\/span><\/p>\n<p id=\"viewer-b5ees\" class=\"mm8Nw _1j-51 _1atvN _1FoOD _78FBa _3_La3 _1atvN public-DraftStyleDefault-block-depth0 public-DraftStyleDefault-text-ltr\"><span class=\"_2PHJq public-DraftStyleDefault-ltr\">Como meio de tirar d\u00favidas e dar sugest\u00f5es sobre o processo Sinodal na Diocese de Eun\u00e1polis &#8211; BA foi criado um e-mail de contato: sinododosbisposeunapolis@gmail.com<\/span><\/p>\n<div data-hook=\"rcv-block19\">&nbsp;<\/div>\n<div data-hook=\"rcv-block20\"><a href=\"https:\/\/photos.google.com\/share\/AF1QipNiFMzPcbjypSV2HInfKDbWbdTL_HsN7MZPTVuyGalaqaX8ats830J20VmH9hwBDg?key=RlVXZXJYblBha0lPd3RPS3hFZ2hBaUlFSkhneHdB\"><strong>Confira o \u00e1lbuns de fotos<\/strong><\/a><\/div>\n<div id=\"viewer-4ao5j\" class=\"_2vd5k _208vH\">\n<div class=\"_2kEVY\" data-hook=\"imageViewer\">\n<div class=\"\">&nbsp;<\/div>\n<div class=\"\">&nbsp;<\/div>\n<\/div>\n<\/div>\n<div data-hook=\"rcv-block21\">&nbsp;<\/div>\n<div id=\"viewer-e8ul6\" class=\"mm8Nw _1j-51 _1atvN _1FoOD _3M0Fe _2WrB- _1atvN public-DraftStyleDefault-block-depth0 public-DraftStyleDefault-text-ltr\">&nbsp;<\/div>\n","protected":false},"excerpt":{"rendered":"<p>Aconteceu na manh\u00e3 do dia 12 de outubro, a Celebra\u00e7\u00e3o Solene em A\u00e7\u00e3o de Gra\u00e7as pelo 25\u00b0 anivers\u00e1rio da Passe Can\u00f4nica de Dom Jos\u00e9 Edson Santana Oliveira, como primeiro Bispo da Diocese de Eun\u00e1polis, marcando o encerramento das comemora\u00e7\u00f5es do Ano Jubilar. Na oportunidade, aconteceu tamb\u00e9m a Abertura do S\u00ednodo dos Bispos 2021-2023 na Diocese,&nbsp;<\/p>\n<p><a class=\"btn btn-style\" href=\"http:\/\/portalcatolico.net\/portal\/abertura-do-sinodo-2021-2023-na-diocese-de-eunapolis-ba\/\">Continue Reading<\/a><\/p>\n","protected":false},"author":2,"featured_media":73885,"comment_status":"open","ping_status":"open","sticky":false,"template":"","format":"standard","meta":{"footnotes":""},"categories":[4],"tags":[],"class_list":["post-73884","post","type-post","status-publish","format-standard","has-post-thumbnail","hentry","category-destaques"],"_links":{"self":[{"href":"http:\/\/portalcatolico.net\/portal\/wp-json\/wp\/v2\/posts\/73884","targetHints":{"allow":["GET"]}}],"collection":[{"href":"http:\/\/portalcatolico.net\/portal\/wp-json\/wp\/v2\/posts"}],"about":[{"href":"http:\/\/portalcatolico.net\/portal\/wp-json\/wp\/v2\/types\/post"}],"author":[{"embeddable":true,"href":"http:\/\/portalcatolico.net\/portal\/wp-json\/wp\/v2\/users\/2"}],"replies":[{"embeddable":true,"href":"http:\/\/portalcatolico.net\/portal\/wp-json\/wp\/v2\/comments?post=73884"}],"version-history":[{"count":3,"href":"http:\/\/portalcatolico.net\/portal\/wp-json\/wp\/v2\/posts\/73884\/revisions"}],"predecessor-version":[{"id":73888,"href":"http:\/\/portalcatolico.net\/portal\/wp-json\/wp\/v2\/posts\/73884\/revisions\/73888"}],"wp:featuredmedia":[{"embeddable":true,"href":"http:\/\/portalcatolico.net\/portal\/wp-json\/wp\/v2\/media\/73885"}],"wp:attachment":[{"href":"http:\/\/portalcatolico.net\/portal\/wp-json\/wp\/v2\/media?parent=73884"}],"wp:term":[{"taxonomy":"category","embeddable":true,"href":"http:\/\/portalcatolico.net\/portal\/wp-json\/wp\/v2\/categories?post=73884"},{"taxonomy":"post_tag","embeddable":true,"href":"http:\/\/portalcatolico.net\/portal\/wp-json\/wp\/v2\/tags?post=73884"}],"curies":[{"name":"wp","href":"https:\/\/api.w.org\/{rel}","templated":true}]}}