{"id":73881,"date":"2021-10-19T19:35:58","date_gmt":"2021-10-19T22:35:58","guid":{"rendered":"http:\/\/portalcatolico.net\/portal\/?p=73881"},"modified":"2021-10-19T19:35:58","modified_gmt":"2021-10-19T22:35:58","slug":"celam-manifesta-solidariedade-e-apoio-ao-episcopado-brasileiro","status":"publish","type":"post","link":"http:\/\/portalcatolico.net\/portal\/celam-manifesta-solidariedade-e-apoio-ao-episcopado-brasileiro\/","title":{"rendered":"Celam manifesta Solidariedade e apoio ao Episcopado Brasileiro"},"content":{"rendered":"<p><em>A Confer\u00eancia dos Religiosos do Brasil (CRB), a&nbsp;&nbsp;Comiss\u00e3o Nacional dos Presb\u00edteros (CNP), a Confer\u00eancia Nacional dos Institutos Seculares do Brasil (CNISB) e outros organismos tamb\u00e9m se posicionaram&nbsp;<\/em><\/p>\n<p>Novas mensagens de solidariedade foram divulgadas no decorrer dA&nbsp;segunda-feira, 18 de outubro, ap\u00f3s os ataques dirigidos por um deputado paulista ao Papa Francisco, ao arcebispo de Aparecida (SP), dom Orlando Brandes, e \u00e0 Confer\u00eancia Nacional dos Bispos do Brasil (CNBB).<\/p>\n<h3><strong>Celam<\/strong><\/h3>\n<p>O Conselho Episcopal Latino-americano (Celam) enviou uma nota de solidariedade ao presidente da CNBB), dom Walmor Oliveira de Azevedo, na qual demonstra sua proximidade e fraternidade, expressando \u201csua solidariedade e apoio irrestrito ao episcopado brasileiro diante dos graves ataques e discursos de \u00f3dio\u201d, considerados \u201cum ato abomin\u00e1vel e irracional\u201d.<\/p>\n<p>O Celam \u201crejeita e condena categoricamente os ataques e insultos do deputado\u201d, exigindo que \u201csejam aplicadas as correspondentes medidas corretivas legislativas e judiciais\u201d. O texto, assinado pela presid\u00eancia do organismo internacional, afirma que \u201cdesde suas origens a CNBB tem se caracterizado por seu esp\u00edrito prof\u00e9tico, saindo em defesa da liberdade e da vida do povo brasileiro, sem se deixar intimidar pelas m\u00faltiplas amea\u00e7as e truques que tentavam silenciar sua palavra e sua miss\u00e3o pastoral\u201d.<\/p>\n<p><a href=\"https:\/\/prensacelam.org\/2021\/10\/18\/el-celam-rechaza-y-condena-categoricamente-las-agresiones-e-injurias-de-un-diputado-contra-el-papa-francisco-y-la-cnbb\/\" target=\"_blank\" rel=\"noopener\">Confira na \u00edntegra aqui.&nbsp;<\/a><\/p>\n<h3><strong>Flechas envenenadas<\/strong><\/h3>\n<p>A Confer\u00eancia dos Religiosos do Brasil (CRB) divulgou Nota de apoio e solidariedade. No texto, assinado pela dire\u00e7\u00e3o da entidade, \u00e9 manifestado rep\u00fadio \u00e0 \u201cinsensatez\u201d do parlamentar. \u201cAs palavras grosseiras que ecoaram naquela casa do povo chegaram aos nossos ouvidos como flechas envenenadas\u201d.<\/p>\n<p>Para a entidade, \u201cLiberdade de express\u00e3o n\u00e3o \u00e9 totalitarismo de opini\u00e3o, muito menos terrorismo ideol\u00f3gico\u201d. Tamb\u00e9m foi destacado que a liberdade se constr\u00f3i na verdade, no bom senso, no di\u00e1logo entre as diferen\u00e7as e na busca sincera do bem comum, sobretudo da \u00e9tica na pol\u00edtica.<\/p>\n<p>A Confer\u00eancia dos Religiosos reiterou o pedido da CNBB para que \u201cas ofensas e acusa\u00e7\u00f5es, proferidas pelo parlamentar \u2013 protagonista desse lastim\u00e1vel espet\u00e1culo \u2013 seja objeto de sua interpela\u00e7\u00e3o para que sejam esclarecidas e provadas nas inst\u00e2ncias que salvaguardam a verdade e o bem \u2013 de modo exigente nos termos da Lei\u201d.<\/p>\n<p><a href=\"https:\/\/crbnacional.org.br\/nota-da-crb-nacional-em-apoio-e-solidariedade-a-dom-orlando-brandes-ao-papa-e-a-cnbb\/\" target=\"_blank\" rel=\"noopener\">Confira na \u00edntegra.<\/a><\/p>\n<p><iframe loading=\"lazy\"  id=\"_ytid_43659\"  width=\"480\" height=\"270\"  data-origwidth=\"480\" data-origheight=\"270\" src=\"https:\/\/www.youtube.com\/embed\/s9QvCL44c7E?enablejsapi=1&#038;autoplay=0&#038;cc_load_policy=0&#038;cc_lang_pref=&#038;iv_load_policy=1&#038;loop=0&#038;rel=1&#038;fs=1&#038;playsinline=0&#038;autohide=2&#038;theme=dark&#038;color=red&#038;controls=1&#038;disablekb=0&#038;\" class=\"__youtube_prefs__  epyt-is-override  no-lazyload\" title=\"YouTube player\"  allow=\"fullscreen; accelerometer; autoplay; clipboard-write; encrypted-media; gyroscope; picture-in-picture; web-share\" referrerpolicy=\"strict-origin-when-cross-origin\" allowfullscreen data-no-lazy=\"1\" data-skipgform_ajax_framebjll=\"\"><\/iframe><\/p>\n<h2><strong>A paz \u00e9 fruto da justi\u00e7a, n\u00e3o das armas<\/strong><\/h2>\n<p>Os bispos do Piau\u00ed tamb\u00e9m se manifestaram. Eles refor\u00e7aram o apoio ao que dom Orlando Brandes afirmou em sua homilia, contra as armas. Para os bispos do Regional Nordeste 4,<\/p>\n<blockquote><p>\u201cA Igreja \u00e9 e continuar\u00e1 sendo contr\u00e1ria \u00e0 cultura armamentista, porque acredita que a paz \u00e9 fruto da justi\u00e7a, n\u00e3o das armas. A justi\u00e7a \u00e9 que faz surgir um Pa\u00eds justo e fraterno para todos. Mas o que vemos \u00e9 o oposto disso: somos v\u00edtimas de in\u00fameras injusti\u00e7as, que precisam ser sempre denunciadas, porque ferem a dignidade de todos os brasileiros\u201d.<\/p><\/blockquote>\n<p>Para os bispos da Prov\u00edncia Eclesi\u00e1stica do Piau\u00ed,&nbsp; os discursos de \u00f3dio n\u00e3o ser\u00e3o capazes fazer cessar o trabalho mission\u00e1rio da Igreja, na luta por justi\u00e7a e paz. \u201cOs que semeiam o \u00f3dio e a disc\u00f3rdia continuar\u00e3o sendo denunciados, porque o povo brasileiro precisa conhecer os inimigos da verdade, da justi\u00e7a e da paz. Acreditamos que o bem \u00e9 infinitamente superior ao mal, e que este n\u00e3o vai prosperar, porque cont\u00e9m, em si mesmo, o g\u00e9rmen de sua pr\u00f3pria destrui\u00e7\u00e3o\u201d.<\/p>\n<p><a href=\"https:\/\/cnbbne4.org.br\/nota-de-solidariedade-a-dom-orlando-brandes-a-cnbb-e-ao-papa-francisco\/\" target=\"_blank\" rel=\"noopener\">Leia na \u00edntegra<\/a>.<\/p>\n<h3><strong>Palavras n\u00e3o ser\u00e3o silenciadas<\/strong><\/h3>\n<p>A arquidiocese de Londrina (PR) divulgou uma carta de apoio ao seu antigo arcebispo. Dom Orlando esteve \u00e0 frente da Igreja Particular entre 2006 e 2016, e p\u00f4de receber o carinho daqueles que estiveram confiados ao seu pastoreio.<\/p>\n<blockquote><p>\u201cSuas palavras e atitudes jamais ser\u00e3o silenciadas por discursos de \u00f3dio que visam apenas defender o indefens\u00e1vel e desmoralizar aqueles que h\u00e1 d\u00e9cadas t\u00eam, por fidelidade a Jesus Cristo, denunciado tudo que atenta contra a dignidade das mulheres e homens deste pa\u00eds\u201d, afirma o texto.<\/p><\/blockquote>\n<p>Para a arquidiocese, a carta aberta da CNBB foi \u201cperempt\u00f3ria e contundente\u201d e os bispos do Brasil \u201cn\u00e3o podem se calar\u201d.<\/p>\n<blockquote><p>\u201cNada se constr\u00f3i sobre as areias movedi\u00e7as da omiss\u00e3o e do medo. E ainda que procurem nos desmoralizar com ofensas e cal\u00fanias perversas, visando nos remeter a uma religi\u00e3o de sacristia, lhes mostraremos que a religi\u00e3o de Jesus de Nazar\u00e9 nos leva at\u00e9 ao mart\u00edrio, pela indiferen\u00e7a ou incompreens\u00e3o, mas nunca ao sil\u00eancio covarde!\u201d<\/p><\/blockquote>\n<p>A dom Orlando, disseram que pessoas como ele alimentam \u201cem n\u00f3s a esperan\u00e7a de que derrotaremos esse v\u00edrus [da escurid\u00e3o e do \u00f3dio] que se instalou em nossa na\u00e7\u00e3o e que \u00e9 bem pior do que a j\u00e1 terr\u00edvel Pandemia!\u201d.<\/p>\n<h3><strong>Outros organismos<\/strong><\/h3>\n<p>A Comiss\u00e3o Nacional dos Presb\u00edteros (CNP) repudiou o \u201cato violento, descabido e imoral\u201d do deputado e prestou solidariedade a todos os ultrajados \u201cdemonstrando a indigna\u00e7\u00e3o dos Presb\u00edteros do Brasil\u201d.<\/p>\n<blockquote><p>\u201cN\u00f3s Presb\u00edteros tamb\u00e9m defendemos que antes da viol\u00eancia e do \u00f3dio o que deve prevalecer \u00e9 o amor e a paz. Portanto, caminhar juntos, na comunh\u00e3o, participa\u00e7\u00e3o e miss\u00e3o \u00e9 o novo jeito de ser Igreja Sinodal e Misericordiosa\u201d, afirmou a CNP.<\/p><\/blockquote>\n<p><a href=\"https:\/\/www.cnbb.org.br\/wp-content\/uploads\/2021\/10\/NOTA-DE-SOLIDARIEDADE-PAPA-CNBB-E-D-ORLANDO.pdf\">Leia na \u00edntegra.&nbsp;<\/a><\/p>\n<p>A Confer\u00eancia Nacional dos Institutos Seculares do Brasil (CNISB) repudiou as acusa\u00e7\u00f5es e reafirmou a comunh\u00e3o com a CNBB, ressaltando a identidade da Igreja que busca a promo\u00e7\u00e3o humana e espiritual, \u201cque sugere novas metodologias para fornecer melhores recursos, renova\u00e7\u00e3o de estruturas para que todos possam ter acesso a uma vida mais digna e justa, baseados na alegria e na for\u00e7a do Evangelho de Nosso Senhor Jesus Cristo, para um mundo mais fraterno\u201d.<\/p>\n<p>O organismo eclesial tamb\u00e9m manifestou fidelidade \u00e0 Igreja, \u201cfirmes na f\u00e9 que professamos, na doutrina e orienta\u00e7\u00e3o da Igreja, na pessoa do Santo Padre o Papa Francisco\u201d.&nbsp;<a href=\"https:\/\/www.cnbb.org.br\/wp-content\/uploads\/2021\/10\/NOTA-DE-REPUDIO.pdf\">Leia na \u00edntegra.&nbsp;<\/a><\/p>\n<p>Tamb\u00e9m congrega\u00e7\u00f5es religiosas se manifestaram, como a&nbsp;<a href=\"https:\/\/cffb.org.br\/nota-em-apoio-e-solidariedade-ao-papa-francisco-dom-orlando-e-cnbb\/\" target=\"_blank\" rel=\"noopener\">Confer\u00eancia da Fam\u00edlia Franciscana<\/a>&nbsp;e&nbsp;a&nbsp;<a href=\"https:\/\/www.facebook.com\/photo?fbid=5248445148506017&amp;set=a.216846234999292\" target=\"_blank\" rel=\"noopener\">Uni\u00e3o dos Redentoristas do Brasil.<\/a><\/p>\n<p>Foto: Reprodu\u00e7\u00e3o \/ CNBB<\/p>\n","protected":false},"excerpt":{"rendered":"<p>A Confer\u00eancia dos Religiosos do Brasil (CRB), a&nbsp;&nbsp;Comiss\u00e3o Nacional dos Presb\u00edteros (CNP), a Confer\u00eancia Nacional dos Institutos Seculares do Brasil (CNISB) e outros organismos tamb\u00e9m se posicionaram&nbsp; Novas mensagens de solidariedade foram divulgadas no decorrer dA&nbsp;segunda-feira, 18 de outubro, ap\u00f3s os ataques dirigidos por um deputado paulista ao Papa Francisco, ao arcebispo de Aparecida (SP),&nbsp;<\/p>\n<p><a class=\"btn btn-style\" href=\"http:\/\/portalcatolico.net\/portal\/celam-manifesta-solidariedade-e-apoio-ao-episcopado-brasileiro\/\">Continue Reading<\/a><\/p>\n","protected":false},"author":2,"featured_media":73882,"comment_status":"open","ping_status":"open","sticky":false,"template":"","format":"standard","meta":{"footnotes":""},"categories":[4],"tags":[],"class_list":["post-73881","post","type-post","status-publish","format-standard","has-post-thumbnail","hentry","category-destaques"],"_links":{"self":[{"href":"http:\/\/portalcatolico.net\/portal\/wp-json\/wp\/v2\/posts\/73881","targetHints":{"allow":["GET"]}}],"collection":[{"href":"http:\/\/portalcatolico.net\/portal\/wp-json\/wp\/v2\/posts"}],"about":[{"href":"http:\/\/portalcatolico.net\/portal\/wp-json\/wp\/v2\/types\/post"}],"author":[{"embeddable":true,"href":"http:\/\/portalcatolico.net\/portal\/wp-json\/wp\/v2\/users\/2"}],"replies":[{"embeddable":true,"href":"http:\/\/portalcatolico.net\/portal\/wp-json\/wp\/v2\/comments?post=73881"}],"version-history":[{"count":1,"href":"http:\/\/portalcatolico.net\/portal\/wp-json\/wp\/v2\/posts\/73881\/revisions"}],"predecessor-version":[{"id":73883,"href":"http:\/\/portalcatolico.net\/portal\/wp-json\/wp\/v2\/posts\/73881\/revisions\/73883"}],"wp:featuredmedia":[{"embeddable":true,"href":"http:\/\/portalcatolico.net\/portal\/wp-json\/wp\/v2\/media\/73882"}],"wp:attachment":[{"href":"http:\/\/portalcatolico.net\/portal\/wp-json\/wp\/v2\/media?parent=73881"}],"wp:term":[{"taxonomy":"category","embeddable":true,"href":"http:\/\/portalcatolico.net\/portal\/wp-json\/wp\/v2\/categories?post=73881"},{"taxonomy":"post_tag","embeddable":true,"href":"http:\/\/portalcatolico.net\/portal\/wp-json\/wp\/v2\/tags?post=73881"}],"curies":[{"name":"wp","href":"https:\/\/api.w.org\/{rel}","templated":true}]}}